{"id":42586,"date":"2024-04-25T18:41:52","date_gmt":"2024-04-25T18:41:52","guid":{"rendered":"https:\/\/armstrongyregion.com.ar\/diario\/?p=42586"},"modified":"2024-04-25T18:41:55","modified_gmt":"2024-04-25T18:41:55","slug":"pullaro-con-industria-ciencia-y-tecnologia-construimos-la-provincia-mas-pujante-y-productiva-de-argentina","status":"publish","type":"post","link":"https:\/\/armstrongyregion.com.ar\/diario\/pullaro-con-industria-ciencia-y-tecnologia-construimos-la-provincia-mas-pujante-y-productiva-de-argentina\/","title":{"rendered":"Pullaro: \u201cCon industria, ciencia y tecnolog\u00eda construimos la provincia m\u00e1s pujante y productiva de Argentina\u201d"},"content":{"rendered":"\n<figure class=\"wp-block-image size-full\"><a href=\"http:\/\/armstrongyregion.com.ar\/diario\/wp-content\/uploads\/2024\/04\/pullaro-pla-1-.jpg\"><img loading=\"lazy\" decoding=\"async\" width=\"570\" height=\"320\" src=\"http:\/\/armstrongyregion.com.ar\/diario\/wp-content\/uploads\/2024\/04\/pullaro-pla-1-.jpg\" alt=\"\" class=\"wp-image-42587\" srcset=\"https:\/\/armstrongyregion.com.ar\/diario\/wp-content\/uploads\/2024\/04\/pullaro-pla-1-.jpg 570w, https:\/\/armstrongyregion.com.ar\/diario\/wp-content\/uploads\/2024\/04\/pullaro-pla-1--300x168.jpg 300w\" sizes=\"auto, (max-width: 570px) 100vw, 570px\" \/><\/a><\/figure>\n\n\n\n<h2 class=\"wp-block-heading\">El Gobernador particip\u00f3 de la inauguraci\u00f3n de inversiones de John Deere en su planta de Las Rosas. La inversi\u00f3n supera los 15 millones de d\u00f3lares, y forma parte un ambicioso programa de inversiones que la compa\u00f1\u00eda viene desarrollando en el pa\u00eds.<\/h2>\n\n\n\n<p>El gobernador de la provincia, Maximiliano Pullaro, junto a los ministros de Desarrollo Productivo, Gustavo Puccini y de Ambiente, Enrique Est\u00e9vez, particip\u00f3 de la inauguraci\u00f3n de inversiones de John Deere en PLA, su planta productora de pulverizadoras y sembradoras en Las Rosas.<\/p>\n\n\n\n<p>En la oportunidad, Pullaro afirm\u00f3 que \u201cnosotros somos una provincia de gente de trabajo, que se esfuerza y que todos los d\u00edas pone el pecho para poder salir adelante. A los santafesinos nos enorgullece decir qu\u00e9 es lo que somos y qu\u00e9 es lo que hacemos. Nos enorgullece contar c\u00f3mo fue creciendo la actividad agropecuaria en los \u00faltimos a\u00f1os a lo largo de nuestra historia y c\u00f3mo muchas familias del interior de la provincia de Santa Fe se fueron desarrollando\u201d.<\/p>\n\n\n\n<p>En ese marco, el gobernador sostuvo que \u201cSanta Fe es industria. Esta es una zona de la maquinaria agr\u00edcola que con trabajo, innovaci\u00f3n y reinversi\u00f3n, logr\u00f3 liderar a este \u00e1rea de la econom\u00eda en el orden nacional. Son ejemplo aqu\u00ed de c\u00f3mo lograron desarrollarse. Esta f\u00e1brica comenz\u00f3 hace 48 a\u00f1os atr\u00e1s, y es un orgullo de toda la comunidad de lo que han generado aqu\u00ed\u201d.<\/p>\n\n\n\n<p>\u201cEso es la provincia de Santa Fe -continu\u00f3-, es lo que somos los santafesinos. Eso, sumado a la ciencia y a la tecnolog\u00eda, que nos ha dado en t\u00e9rminos general\u00edsimos de la universidad p\u00fablica, ha construido a la provincia m\u00e1s pujante y m\u00e1s productiva de la Rep\u00fablica Argentina\u201d.<\/p>\n\n\n\n<p>\u201cPor eso, -enfatiz\u00f3- en este momento dif\u00edcil que est\u00e1 atravesando el pa\u00eds, adem\u00e1s de discutir el sistema financiero y las cuentas del Estado Nacional, estamos convencidos que lo que tenemos que empezar a debatir es el modelo productivo nacional. Cuando hablamos del modelo productivo tenemos que hablar de qu\u00e9 manera nosotros potenciamos al campo y a la industria, de qu\u00e9 manera nosotros generamos trabajo y crecimiento econ\u00f3mico, y de qu\u00e9 manera el sector privado junto con el Estado piensan pol\u00edticas p\u00fablicas que puedan ser trascendentes para las pr\u00f3ximas generaciones\u201d.<\/p>\n\n\n\n<p>Para finalizar, el gobernador agradeci\u00f3 a la empresa \u201cJohn Deere por invertir en Santa Fe. Cuentan con un gobierno que es un aliado. Cuando exista nuevamente una pol\u00edtica nacional que golpee a la industria, el gobierno de la provincia de Santa Fe, con todo el arco pol\u00edtico, va a estar al lado de ustedes, defendi\u00e9ndolos, porque nosotros creemos en esto, nuestra historia marca lo que somos\u201d.<\/p>\n\n\n\n<figure class=\"wp-block-image size-full\"><a href=\"http:\/\/armstrongyregion.com.ar\/diario\/wp-content\/uploads\/2024\/04\/pullaro-pla-2-.jpg\"><img loading=\"lazy\" decoding=\"async\" width=\"640\" height=\"427\" src=\"http:\/\/armstrongyregion.com.ar\/diario\/wp-content\/uploads\/2024\/04\/pullaro-pla-2-.jpg\" alt=\"\" class=\"wp-image-42588\" srcset=\"https:\/\/armstrongyregion.com.ar\/diario\/wp-content\/uploads\/2024\/04\/pullaro-pla-2-.jpg 640w, https:\/\/armstrongyregion.com.ar\/diario\/wp-content\/uploads\/2024\/04\/pullaro-pla-2--300x200.jpg 300w\" sizes=\"auto, (max-width: 640px) 100vw, 640px\" \/><\/a><\/figure>\n\n\n\n<p><strong>Apostar a la industria nacional<\/strong><\/p>\n\n\n\n<p>En esa l\u00ednea el gerente general de la empresa, Sebasti\u00e1n Malamud agradeci\u00f3 la presencia y dijo que \u201ces un orgullo recibir a todos en casa un d\u00eda como hoy\u201d. Y agreg\u00f3 que \u201cestamos apostando realmente a mediano y largo plazo. Tenemos la seguridad absoluta que las condiciones van a mejorar y el mercado de m\u00e1quinas agr\u00edcolas crecer\u00e1. Por eso, estamos apostando a Santa Fe y a la industria nacional. No queda ninguna duda para d\u00f3nde estamos yendo\u201d.<\/p>\n\n\n\n<p>Por su parte, el vicepresidente de Ventas y Marketing para Latinoam\u00e9rica, Antonio Carrere, indic\u00f3 que para la empresa \u201cArgentina es un pa\u00eds muy importante. John Deere necesita y va a estar en la Argentina; llevamos m\u00e1s de 130 a\u00f1os aqu\u00ed y m\u00e1s de 65 a\u00f1os produciendo\u201d; y se\u00f1al\u00f3 que es \u201cla \u00fanica firma en Argentina que tiene todo el sistema productivo cubierto, desde el tractor, la sembradora, el pulverizador y la cosechadora, y con toda la tecnolog\u00eda y m\u00e1quinas conectadas. Vamos a continuar haciendo eso porque queremos tener un producto competitivo para el cliente y con la calidad adecuada. Vamos a seguir apostando por Argentina, por la f\u00e1brica de Las Rosas\u201d, concluy\u00f3.<\/p>\n\n\n\n<p>Por \u00faltimo, el intendente de La Rosas, Javier Miglia, sostuvo que \u201cesta empresa se hizo como verdaderos pioneros y con un pueblo de trabajadores que hoy le siguen poniendo el cuerpo para que esto siga adelante. Esto es totalmente rec\u00edproco. Por eso agradezco las inversiones y la confianza que han puesto en nuestro territorio y en la provincia de Santa Fe\u201d.<\/p>\n\n\n\n<p>Del acto participaron autoridades, directores y gerentes de John Deere de Am\u00e9rica latina y Argentina; los senadores nacional Marcelo Lewandoski; y provincial por el departamento Belgrano, Pablo Verdecchia; el secretario de Desarrollo Industrial, Guillermo Beccani; y los subsecretarios nacionales de Comercio Exterior, Esteban Marzorati; de Pol\u00edtica Industrial, Daniela Ramos; y diputados nacionales.<\/p>\n","protected":false},"excerpt":{"rendered":"<p>Pullaro: \u201cCon industria, ciencia y tecnolog\u00eda construimos la provincia m\u00e1s pujante y productiva de Argentina\u201d<\/p>\n","protected":false},"author":1,"featured_media":42588,"comment_status":"open","ping_status":"open","sticky":false,"template":"","format":"image","meta":{"_jetpack_memberships_contains_paid_content":false,"footnotes":"","jetpack_publicize_message":"","jetpack_publicize_feature_enabled":true,"jetpack_social_post_already_shared":true,"jetpack_social_options":{"image_generator_settings":{"template":"highway","default_image_id":0,"enabled":false},"version":2}},"categories":[8,1,2,7,3],"tags":[2391,100,10579,9924,8777,3362,2846,10578],"class_list":["post-42586","post","type-post","status-publish","format-image","has-post-thumbnail","hentry","category-deliberando","category-diario-armstrong","category-locales","category-politica","category-region","tag-ciencia","tag-con","tag-construimos","tag-diario-armstrong-y-region-2","tag-lic-graciela-de-la-casa","tag-productiva","tag-pullaro","tag-tecnologia-2","post_format-post-format-image"],"jetpack_publicize_connections":[],"jetpack_featured_media_url":"https:\/\/armstrongyregion.com.ar\/diario\/wp-content\/uploads\/2024\/04\/pullaro-pla-2-.jpg","jetpack_shortlink":"https:\/\/wp.me\/p62QDO-b4S","jetpack_sharing_enabled":true,"amp_enabled":true,"_links":{"self":[{"href":"https:\/\/armstrongyregion.com.ar\/diario\/wp-json\/wp\/v2\/posts\/42586","targetHints":{"allow":["GET"]}}],"collection":[{"href":"https:\/\/armstrongyregion.com.ar\/diario\/wp-json\/wp\/v2\/posts"}],"about":[{"href":"https:\/\/armstrongyregion.com.ar\/diario\/wp-json\/wp\/v2\/types\/post"}],"author":[{"embeddable":true,"href":"https:\/\/armstrongyregion.com.ar\/diario\/wp-json\/wp\/v2\/users\/1"}],"replies":[{"embeddable":true,"href":"https:\/\/armstrongyregion.com.ar\/diario\/wp-json\/wp\/v2\/comments?post=42586"}],"version-history":[{"count":1,"href":"https:\/\/armstrongyregion.com.ar\/diario\/wp-json\/wp\/v2\/posts\/42586\/revisions"}],"predecessor-version":[{"id":42589,"href":"https:\/\/armstrongyregion.com.ar\/diario\/wp-json\/wp\/v2\/posts\/42586\/revisions\/42589"}],"wp:featuredmedia":[{"embeddable":true,"href":"https:\/\/armstrongyregion.com.ar\/diario\/wp-json\/wp\/v2\/media\/42588"}],"wp:attachment":[{"href":"https:\/\/armstrongyregion.com.ar\/diario\/wp-json\/wp\/v2\/media?parent=42586"}],"wp:term":[{"taxonomy":"category","embeddable":true,"href":"https:\/\/armstrongyregion.com.ar\/diario\/wp-json\/wp\/v2\/categories?post=42586"},{"taxonomy":"post_tag","embeddable":true,"href":"https:\/\/armstrongyregion.com.ar\/diario\/wp-json\/wp\/v2\/tags?post=42586"}],"curies":[{"name":"wp","href":"https:\/\/api.w.org\/{rel}","templated":true}]}}