{"id":42580,"date":"2024-04-25T04:57:42","date_gmt":"2024-04-25T04:57:42","guid":{"rendered":"https:\/\/armstrongyregion.com.ar\/diario\/?p=42580"},"modified":"2024-04-25T04:57:45","modified_gmt":"2024-04-25T04:57:45","slug":"renovacion-por-armstrong-presento-una-minuta-de-declaracion-en-adhesion-a-la-marcha-universitaria","status":"publish","type":"post","link":"https:\/\/armstrongyregion.com.ar\/diario\/renovacion-por-armstrong-presento-una-minuta-de-declaracion-en-adhesion-a-la-marcha-universitaria\/","title":{"rendered":"Renovaci\u00f3n por Armstrong present\u00f3 una minuta de declaraci\u00f3n en adhesi\u00f3n a la marcha universitaria."},"content":{"rendered":"\n<figure class=\"wp-block-image size-full\"><a href=\"http:\/\/armstrongyregion.com.ar\/diario\/wp-content\/uploads\/2024\/04\/EMI-GRAMIGNA-24-1-1.jpg\"><img loading=\"lazy\" decoding=\"async\" width=\"756\" height=\"837\" src=\"http:\/\/armstrongyregion.com.ar\/diario\/wp-content\/uploads\/2024\/04\/EMI-GRAMIGNA-24-1-1.jpg\" alt=\"\" class=\"wp-image-42581\" srcset=\"https:\/\/armstrongyregion.com.ar\/diario\/wp-content\/uploads\/2024\/04\/EMI-GRAMIGNA-24-1-1.jpg 756w, https:\/\/armstrongyregion.com.ar\/diario\/wp-content\/uploads\/2024\/04\/EMI-GRAMIGNA-24-1-1-271x300.jpg 271w\" sizes=\"auto, (max-width: 756px) 100vw, 756px\" \/><\/a><\/figure>\n\n\n\n<h2 class=\"wp-block-heading\">En la \u00faltima sesi\u00f3n del concejo el bloque de Renovaci\u00f3n por Armstrong, present\u00f3 una minuta de declaraci\u00f3n en adhesi\u00f3n a la defensa de la Universidad P\u00fablica, el concejal Emiliano Gramigna tom\u00f3 la palabra y luego sus pares sumaron contenido y experiencias personales en favor a la marcha federal universitaria.<\/h2>\n\n\n\n<p><strong>\u201cNosotros adherimos a la movilizaci\u00f3n que se hizo en defensa de la Universidad P\u00fablica, desde nuestro lugar se trata de acompa\u00f1ar a ex-alumnos, alumnos, docentes, jubilados, asistentes escolares y todo lo que nuclea a m\u00e1s de 37 universidades que se movilizaron por la preocupaci\u00f3n respecto al presupuesto y al financiamiento de la Universidad P\u00fablica que hoy tiene nuestro pa\u00eds. Recurso que se vio afectado por la re-conducci\u00f3n del a\u00f1o 2023, e hizo que el recorte en materia educativa universitaria fuera de casi de un 70% por lo cual hay mucha preocupaci\u00f3n en todos los sectores de la sociedad. Como tambi\u00e9n lo dec\u00eda en la sesi\u00f3n, esto atraviesa a cualquier partido pol\u00edtico, creo quienes hemos pasado por una universidad p\u00fablica sabemos el valor que tiene, yo soy Bachiller Universitario en Derecho, egresado de la UNR, ayudante de C\u00e1tedra en Derecho Registral y ayudante de C\u00e1tedra en Derechos Reales, no solamente me brind\u00f3 formaci\u00f3n acad\u00e9mica, sino contenci\u00f3n y acompa\u00f1amiento\u201d. <\/strong>Expresaba el edil.<\/p>\n\n\n\n<p>Gramigna redobl\u00f3 con su alocuci\u00f3n: <strong>\u201cHay que trabajar en pol\u00edticas universitarias, hay que hacerla mas amplia, que se pueda llegar a todos los niveles sociales para que haya una verdadera inclusi\u00f3n pero eso solamente lo vamos a hacer si defendemos el sistema universitario, no solamente con los contenidos espec\u00edficos, sino desarrollando la responsabilidad, compromiso, valores y ante una pol\u00edtica de ajuste tenemos que tomar cartas en el asunto, porque no es la primera vez que pasa, en el a\u00f1o 2001 ya se intento hacer un recorte en las universidades; pero hoy fue muy contundente, se manifestaron pac\u00edficamente mas de 800 mil personas en Buenos Aires y mas de un mill\u00f3n en el interior, hab\u00eda gente de cualquier partido pol\u00edtico, no hubo distinci\u00f3n. Esto tambi\u00e9n es hablar del futuro de nuestras generaciones. La educaci\u00f3n es lo que hace crecer a las personas. Despu\u00e9s podemos hablar de lo econ\u00f3mico y de lo social, pero el crecimiento viene de la mano de instituciones importantes como es la educaci\u00f3n publica\u201d.<\/strong> Finaliz\u00f3 el edil.<\/p>\n","protected":false},"excerpt":{"rendered":"<p>Renovaci\u00f3n por Armstrong present\u00f3 una minuta de declaraci\u00f3n en adhesi\u00f3n a la marcha universitaria.<\/p>\n","protected":false},"author":1,"featured_media":42581,"comment_status":"open","ping_status":"open","sticky":false,"template":"","format":"image","meta":{"_jetpack_memberships_contains_paid_content":false,"footnotes":"","jetpack_publicize_message":"","jetpack_publicize_feature_enabled":true,"jetpack_social_post_already_shared":true,"jetpack_social_options":{"image_generator_settings":{"template":"highway","default_image_id":0,"enabled":false},"version":2}},"categories":[8,1,2,7,3],"tags":[33,10570,10572,5030,9924,15,8777,10009,9298,103],"class_list":["post-42580","post","type-post","status-publish","format-image","has-post-thumbnail","hentry","category-deliberando","category-diario-armstrong","category-locales","category-politica","category-region","tag-a","tag-adhesion-2","tag-concejal-emiliano-gramigna","tag-diario-armstrong","tag-diario-armstrong-y-region-2","tag-en","tag-lic-graciela-de-la-casa","tag-minuta-de-declaracion","tag-renovacion-por-armstrong","tag-una","post_format-post-format-image"],"jetpack_publicize_connections":[],"jetpack_featured_media_url":"https:\/\/armstrongyregion.com.ar\/diario\/wp-content\/uploads\/2024\/04\/EMI-GRAMIGNA-24-1-1.jpg","jetpack_shortlink":"https:\/\/wp.me\/p62QDO-b4M","jetpack_sharing_enabled":true,"amp_enabled":true,"_links":{"self":[{"href":"https:\/\/armstrongyregion.com.ar\/diario\/wp-json\/wp\/v2\/posts\/42580","targetHints":{"allow":["GET"]}}],"collection":[{"href":"https:\/\/armstrongyregion.com.ar\/diario\/wp-json\/wp\/v2\/posts"}],"about":[{"href":"https:\/\/armstrongyregion.com.ar\/diario\/wp-json\/wp\/v2\/types\/post"}],"author":[{"embeddable":true,"href":"https:\/\/armstrongyregion.com.ar\/diario\/wp-json\/wp\/v2\/users\/1"}],"replies":[{"embeddable":true,"href":"https:\/\/armstrongyregion.com.ar\/diario\/wp-json\/wp\/v2\/comments?post=42580"}],"version-history":[{"count":1,"href":"https:\/\/armstrongyregion.com.ar\/diario\/wp-json\/wp\/v2\/posts\/42580\/revisions"}],"predecessor-version":[{"id":42582,"href":"https:\/\/armstrongyregion.com.ar\/diario\/wp-json\/wp\/v2\/posts\/42580\/revisions\/42582"}],"wp:featuredmedia":[{"embeddable":true,"href":"https:\/\/armstrongyregion.com.ar\/diario\/wp-json\/wp\/v2\/media\/42581"}],"wp:attachment":[{"href":"https:\/\/armstrongyregion.com.ar\/diario\/wp-json\/wp\/v2\/media?parent=42580"}],"wp:term":[{"taxonomy":"category","embeddable":true,"href":"https:\/\/armstrongyregion.com.ar\/diario\/wp-json\/wp\/v2\/categories?post=42580"},{"taxonomy":"post_tag","embeddable":true,"href":"https:\/\/armstrongyregion.com.ar\/diario\/wp-json\/wp\/v2\/tags?post=42580"}],"curies":[{"name":"wp","href":"https:\/\/api.w.org\/{rel}","templated":true}]}}