{"id":42559,"date":"2024-04-25T00:57:29","date_gmt":"2024-04-25T00:57:29","guid":{"rendered":"https:\/\/armstrongyregion.com.ar\/diario\/?p=42559"},"modified":"2024-04-25T00:57:32","modified_gmt":"2024-04-25T00:57:32","slug":"vecinos-de-calle-buenos-aires-presentaron-en-el-concejo-un-reclamo-por-el-mal-estado-de-la-misma-en-todo-su-tramo","status":"publish","type":"post","link":"https:\/\/armstrongyregion.com.ar\/diario\/vecinos-de-calle-buenos-aires-presentaron-en-el-concejo-un-reclamo-por-el-mal-estado-de-la-misma-en-todo-su-tramo\/","title":{"rendered":"Vecinos de calle Buenos Aires presentaron en el  concejo un reclamo por el mal estado de la misma en todo su tramo."},"content":{"rendered":"\n<figure class=\"wp-block-image size-full\"><a href=\"http:\/\/armstrongyregion.com.ar\/diario\/wp-content\/uploads\/2024\/04\/calle-baires-1-.jpg\"><img loading=\"lazy\" decoding=\"async\" width=\"400\" height=\"300\" src=\"http:\/\/armstrongyregion.com.ar\/diario\/wp-content\/uploads\/2024\/04\/calle-baires-1-.jpg\" alt=\"\" class=\"wp-image-42560\" srcset=\"https:\/\/armstrongyregion.com.ar\/diario\/wp-content\/uploads\/2024\/04\/calle-baires-1-.jpg 400w, https:\/\/armstrongyregion.com.ar\/diario\/wp-content\/uploads\/2024\/04\/calle-baires-1--300x225.jpg 300w\" sizes=\"auto, (max-width: 400px) 100vw, 400px\" \/><\/a><\/figure>\n\n\n\n<p>M\u00e1s de veinte firmas presentaba la carta de vecinos de calle Buenos Aires por el mal estado en todo su tramo. Daniel Maldonado, referente de Fuerza Libertaria; acerc\u00f3 al concejo el reclamo.<\/p>\n\n\n\n<figure class=\"wp-block-image size-full\"><a href=\"http:\/\/armstrongyregion.com.ar\/diario\/wp-content\/uploads\/2024\/04\/buenos-aires-2-.jpg\"><img loading=\"lazy\" decoding=\"async\" width=\"400\" height=\"300\" src=\"http:\/\/armstrongyregion.com.ar\/diario\/wp-content\/uploads\/2024\/04\/buenos-aires-2-.jpg\" alt=\"\" class=\"wp-image-42561\" srcset=\"https:\/\/armstrongyregion.com.ar\/diario\/wp-content\/uploads\/2024\/04\/buenos-aires-2-.jpg 400w, https:\/\/armstrongyregion.com.ar\/diario\/wp-content\/uploads\/2024\/04\/buenos-aires-2--300x225.jpg 300w\" sizes=\"auto, (max-width: 400px) 100vw, 400px\" \/><\/a><\/figure>\n\n\n\n<p>En di\u00e1logo con los medios locales expresaba que ya han realizado muchos pedidos en el municipio y nunca se hizo nada. \u201cNo s\u00e9 si ser\u00e1 lugar el Consejo pero es la \u00fanica forma de dar visibilidad al reclamo a ver si se llega a una soluci\u00f3n. No solamente tenemos la problem\u00e1tica de los pozos sino que tambien falta luminaria. Es una calle de mano \u00fanica que no se respeta como tal, es muy transitada, pasan autos, camiones, motos. Los problemas estan a la vista pero habr\u00eda que solucionar a la brevedad este problema, colocar reductores de velocidad, tambi\u00e9n se sac\u00f3 el limitador de altura y nunca se repuso\u00bb. <\/p>\n\n\n\n<figure class=\"wp-block-image size-full\"><a href=\"http:\/\/armstrongyregion.com.ar\/diario\/wp-content\/uploads\/2024\/04\/buenos-aires-4-1-1.jpg\"><img loading=\"lazy\" decoding=\"async\" width=\"400\" height=\"300\" src=\"http:\/\/armstrongyregion.com.ar\/diario\/wp-content\/uploads\/2024\/04\/buenos-aires-4-1-1.jpg\" alt=\"\" class=\"wp-image-42564\" srcset=\"https:\/\/armstrongyregion.com.ar\/diario\/wp-content\/uploads\/2024\/04\/buenos-aires-4-1-1.jpg 400w, https:\/\/armstrongyregion.com.ar\/diario\/wp-content\/uploads\/2024\/04\/buenos-aires-4-1-1-300x225.jpg 300w\" sizes=\"auto, (max-width: 400px) 100vw, 400px\" \/><\/a><\/figure>\n\n\n\n<figure class=\"wp-block-image size-full is-resized\"><a href=\"http:\/\/armstrongyregion.com.ar\/diario\/wp-content\/uploads\/2024\/04\/buenos-aires-3-.jpg\"><img loading=\"lazy\" decoding=\"async\" width=\"400\" height=\"300\" src=\"http:\/\/armstrongyregion.com.ar\/diario\/wp-content\/uploads\/2024\/04\/buenos-aires-3-.jpg\" alt=\"\" class=\"wp-image-42562\" style=\"width:840px;height:auto\" srcset=\"https:\/\/armstrongyregion.com.ar\/diario\/wp-content\/uploads\/2024\/04\/buenos-aires-3-.jpg 400w, https:\/\/armstrongyregion.com.ar\/diario\/wp-content\/uploads\/2024\/04\/buenos-aires-3--300x225.jpg 300w\" sizes=\"auto, (max-width: 400px) 100vw, 400px\" \/><\/a><\/figure>\n","protected":false},"excerpt":{"rendered":"<p>Vecinos de calle Buenos Aires presentaron en el  concejo un reclamo por el mal estado de la misma en todo su tramo.<\/p>\n","protected":false},"author":1,"featured_media":42560,"comment_status":"open","ping_status":"open","sticky":false,"template":"","format":"image","meta":{"_jetpack_memberships_contains_paid_content":false,"footnotes":"","jetpack_publicize_message":"","jetpack_publicize_feature_enabled":true,"jetpack_social_post_already_shared":true,"jetpack_social_options":{"image_generator_settings":{"template":"highway","default_image_id":0,"enabled":false},"version":2}},"categories":[8,2,7,3],"tags":[10561,345,10562,19,5030,10560,3987,344],"class_list":["post-42559","post","type-post","status-publish","format-image","has-post-thumbnail","hentry","category-deliberando","category-locales","category-politica","category-region","tag-arreglo-de-calle","tag-calle","tag-daniel-maldonado","tag-de","tag-diario-armstrong","tag-pronta","tag-reclaman","tag-vecinos","post_format-post-format-image"],"jetpack_publicize_connections":[],"jetpack_featured_media_url":"https:\/\/armstrongyregion.com.ar\/diario\/wp-content\/uploads\/2024\/04\/calle-baires-1-.jpg","jetpack_shortlink":"https:\/\/wp.me\/p62QDO-b4r","jetpack_sharing_enabled":true,"amp_enabled":true,"_links":{"self":[{"href":"https:\/\/armstrongyregion.com.ar\/diario\/wp-json\/wp\/v2\/posts\/42559","targetHints":{"allow":["GET"]}}],"collection":[{"href":"https:\/\/armstrongyregion.com.ar\/diario\/wp-json\/wp\/v2\/posts"}],"about":[{"href":"https:\/\/armstrongyregion.com.ar\/diario\/wp-json\/wp\/v2\/types\/post"}],"author":[{"embeddable":true,"href":"https:\/\/armstrongyregion.com.ar\/diario\/wp-json\/wp\/v2\/users\/1"}],"replies":[{"embeddable":true,"href":"https:\/\/armstrongyregion.com.ar\/diario\/wp-json\/wp\/v2\/comments?post=42559"}],"version-history":[{"count":1,"href":"https:\/\/armstrongyregion.com.ar\/diario\/wp-json\/wp\/v2\/posts\/42559\/revisions"}],"predecessor-version":[{"id":42565,"href":"https:\/\/armstrongyregion.com.ar\/diario\/wp-json\/wp\/v2\/posts\/42559\/revisions\/42565"}],"wp:featuredmedia":[{"embeddable":true,"href":"https:\/\/armstrongyregion.com.ar\/diario\/wp-json\/wp\/v2\/media\/42560"}],"wp:attachment":[{"href":"https:\/\/armstrongyregion.com.ar\/diario\/wp-json\/wp\/v2\/media?parent=42559"}],"wp:term":[{"taxonomy":"category","embeddable":true,"href":"https:\/\/armstrongyregion.com.ar\/diario\/wp-json\/wp\/v2\/categories?post=42559"},{"taxonomy":"post_tag","embeddable":true,"href":"https:\/\/armstrongyregion.com.ar\/diario\/wp-json\/wp\/v2\/tags?post=42559"}],"curies":[{"name":"wp","href":"https:\/\/api.w.org\/{rel}","templated":true}]}}