{"id":42541,"date":"2024-04-24T18:06:56","date_gmt":"2024-04-24T18:06:56","guid":{"rendered":"https:\/\/armstrongyregion.com.ar\/diario\/?p=42541"},"modified":"2024-04-24T18:07:00","modified_gmt":"2024-04-24T18:07:00","slug":"armstrong-capacitacion-en-arbolado-publico","status":"publish","type":"post","link":"https:\/\/armstrongyregion.com.ar\/diario\/armstrong-capacitacion-en-arbolado-publico\/","title":{"rendered":"Armstrong. Capacitaci\u00f3n en arbolado p\u00fablico."},"content":{"rendered":"\n<figure class=\"wp-block-image size-full\"><a href=\"http:\/\/armstrongyregion.com.ar\/diario\/wp-content\/uploads\/2024\/04\/capacitacion-arboles-1-.jpg\"><img loading=\"lazy\" decoding=\"async\" width=\"741\" height=\"494\" src=\"http:\/\/armstrongyregion.com.ar\/diario\/wp-content\/uploads\/2024\/04\/capacitacion-arboles-1-.jpg\" alt=\"\" class=\"wp-image-42542\" srcset=\"https:\/\/armstrongyregion.com.ar\/diario\/wp-content\/uploads\/2024\/04\/capacitacion-arboles-1-.jpg 741w, https:\/\/armstrongyregion.com.ar\/diario\/wp-content\/uploads\/2024\/04\/capacitacion-arboles-1--300x200.jpg 300w\" sizes=\"auto, (max-width: 741px) 100vw, 741px\" \/><\/a><\/figure>\n\n\n\n<p>Con una importante cantidad de asistentes, en el sal\u00f3n auditorio Delmo Dar\u00f3 de la Municipalidad de<br>Armstrong se desarroll\u00f3 una jornada de capacitaci\u00f3n en arbolado p\u00fablico propuesto por el<br>Ministerio de Ambiente y Cambio Clim\u00e1tico y el Ministerio de Desarrollo Productivo de la Provincia<br>de Santa Fe.<\/p>\n\n\n\n<figure class=\"wp-block-image size-full\"><a href=\"http:\/\/armstrongyregion.com.ar\/diario\/wp-content\/uploads\/2024\/04\/capacitacion-arboles.2-.jpg\"><img loading=\"lazy\" decoding=\"async\" width=\"668\" height=\"446\" src=\"http:\/\/armstrongyregion.com.ar\/diario\/wp-content\/uploads\/2024\/04\/capacitacion-arboles.2-.jpg\" alt=\"\" class=\"wp-image-42543\" srcset=\"https:\/\/armstrongyregion.com.ar\/diario\/wp-content\/uploads\/2024\/04\/capacitacion-arboles.2-.jpg 668w, https:\/\/armstrongyregion.com.ar\/diario\/wp-content\/uploads\/2024\/04\/capacitacion-arboles.2--300x200.jpg 300w\" sizes=\"auto, (max-width: 668px) 100vw, 668px\" \/><\/a><\/figure>\n\n\n\n<p><br>El Intendente Guillermo Luzzi dio la bienvenida y agradeci\u00f3 la visita del Secretario de Biodiversidad,<br>Alejandro Luciani y el Subsecretario de Bosques y \u00c1reas Protegidas, Germ\u00e1n Falo.<br>La actividad estuvo dirigida a autoridades municipales y comunales de los Departamentos Belgrano e<br>Iriondo, t\u00e9cnicos del \u00e1rea Arbolado y \u00e1reas afines, personal municipal encargado del cuidado y<br>mantenimiento del arbolado.<\/p>\n\n\n\n<figure class=\"wp-block-image size-full\"><a href=\"http:\/\/armstrongyregion.com.ar\/diario\/wp-content\/uploads\/2024\/04\/capacitacion-arboles-3-.jpg\"><img loading=\"lazy\" decoding=\"async\" width=\"655\" height=\"437\" src=\"http:\/\/armstrongyregion.com.ar\/diario\/wp-content\/uploads\/2024\/04\/capacitacion-arboles-3-.jpg\" alt=\"\" class=\"wp-image-42544\" srcset=\"https:\/\/armstrongyregion.com.ar\/diario\/wp-content\/uploads\/2024\/04\/capacitacion-arboles-3-.jpg 655w, https:\/\/armstrongyregion.com.ar\/diario\/wp-content\/uploads\/2024\/04\/capacitacion-arboles-3--300x200.jpg 300w\" sizes=\"auto, (max-width: 655px) 100vw, 655px\" \/><\/a><\/figure>\n\n\n\n<p><br>Esta capacitaci\u00f3n tuvo como objetivo preparar a los trabajadores y funcionarios a la hora de accionar<br>sobre esta tem\u00e1tica ambiental, con asesoramiento legal y t\u00e9cnico.<br>El arbolado p\u00fablico es uno de los factores fundamentales para mejorar y mitigar los efectos del<br>cambio clim\u00e1tico.<br>Luciani inform\u00f3 que estos encuentros se llevar\u00e1n a cabo en los 19 departamentos de la provincia<br>hasta mediados del mes de mayo para que cada municipio o comuna conozca la ley del \u00e1rbol<br>vigente, donde se dan las pautas para c\u00f3mo llevar adelante un plan de arbolado.<br>Se trata de la Ley N\u00b0 13836 de la Provincia de Santa Fe que tiene por objeto establecer una pol\u00edtica<br>de estado en materia ambiental, a trav\u00e9s de la promoci\u00f3n y la conservaci\u00f3n del arbolado en todo el<br>territorio provincial, generando un medio ambiente sano, equilibrado y apto para el desarrollo<br>humano.<\/p>\n","protected":false},"excerpt":{"rendered":"<p>Armstrong. Capacitaci\u00f3n en arbolado p\u00fablico.<\/p>\n","protected":false},"author":1,"featured_media":42544,"comment_status":"open","ping_status":"open","sticky":false,"template":"","format":"image","meta":{"_jetpack_memberships_contains_paid_content":false,"footnotes":"","jetpack_publicize_message":"","jetpack_publicize_feature_enabled":true,"jetpack_social_post_already_shared":true,"jetpack_social_options":{"image_generator_settings":{"template":"highway","default_image_id":0,"enabled":false},"version":2}},"categories":[8,1,2,7,3],"tags":[20,5030,8777,8773],"class_list":["post-42541","post","type-post","status-publish","format-image","has-post-thumbnail","hentry","category-deliberando","category-diario-armstrong","category-locales","category-politica","category-region","tag-armstrong","tag-diario-armstrong","tag-lic-graciela-de-la-casa","tag-publico-3","post_format-post-format-image"],"jetpack_publicize_connections":[],"jetpack_featured_media_url":"https:\/\/armstrongyregion.com.ar\/diario\/wp-content\/uploads\/2024\/04\/capacitacion-arboles-3-.jpg","jetpack_shortlink":"https:\/\/wp.me\/p62QDO-b49","jetpack_sharing_enabled":true,"amp_enabled":true,"_links":{"self":[{"href":"https:\/\/armstrongyregion.com.ar\/diario\/wp-json\/wp\/v2\/posts\/42541","targetHints":{"allow":["GET"]}}],"collection":[{"href":"https:\/\/armstrongyregion.com.ar\/diario\/wp-json\/wp\/v2\/posts"}],"about":[{"href":"https:\/\/armstrongyregion.com.ar\/diario\/wp-json\/wp\/v2\/types\/post"}],"author":[{"embeddable":true,"href":"https:\/\/armstrongyregion.com.ar\/diario\/wp-json\/wp\/v2\/users\/1"}],"replies":[{"embeddable":true,"href":"https:\/\/armstrongyregion.com.ar\/diario\/wp-json\/wp\/v2\/comments?post=42541"}],"version-history":[{"count":1,"href":"https:\/\/armstrongyregion.com.ar\/diario\/wp-json\/wp\/v2\/posts\/42541\/revisions"}],"predecessor-version":[{"id":42545,"href":"https:\/\/armstrongyregion.com.ar\/diario\/wp-json\/wp\/v2\/posts\/42541\/revisions\/42545"}],"wp:featuredmedia":[{"embeddable":true,"href":"https:\/\/armstrongyregion.com.ar\/diario\/wp-json\/wp\/v2\/media\/42544"}],"wp:attachment":[{"href":"https:\/\/armstrongyregion.com.ar\/diario\/wp-json\/wp\/v2\/media?parent=42541"}],"wp:term":[{"taxonomy":"category","embeddable":true,"href":"https:\/\/armstrongyregion.com.ar\/diario\/wp-json\/wp\/v2\/categories?post=42541"},{"taxonomy":"post_tag","embeddable":true,"href":"https:\/\/armstrongyregion.com.ar\/diario\/wp-json\/wp\/v2\/tags?post=42541"}],"curies":[{"name":"wp","href":"https:\/\/api.w.org\/{rel}","templated":true}]}}