{"id":42532,"date":"2024-04-22T14:36:23","date_gmt":"2024-04-22T14:36:23","guid":{"rendered":"https:\/\/armstrongyregion.com.ar\/diario\/?p=42532"},"modified":"2024-04-22T14:36:26","modified_gmt":"2024-04-22T14:36:26","slug":"22-de-abril-dia-de-la-tierra-reafirmamos-nuestro-compromiso-sustentable","status":"publish","type":"post","link":"https:\/\/armstrongyregion.com.ar\/diario\/22-de-abril-dia-de-la-tierra-reafirmamos-nuestro-compromiso-sustentable\/","title":{"rendered":"22 de abril, D\u00eda de la Tierra: reafirmamos nuestro compromiso sustentable."},"content":{"rendered":"\n<figure class=\"wp-block-image size-full\"><a href=\"http:\/\/armstrongyregion.com.ar\/diario\/wp-content\/uploads\/2024\/04\/tierra-.jpg\"><img loading=\"lazy\" decoding=\"async\" width=\"305\" height=\"165\" src=\"http:\/\/armstrongyregion.com.ar\/diario\/wp-content\/uploads\/2024\/04\/tierra-.jpg\" alt=\"\" class=\"wp-image-42533\" srcset=\"https:\/\/armstrongyregion.com.ar\/diario\/wp-content\/uploads\/2024\/04\/tierra-.jpg 305w, https:\/\/armstrongyregion.com.ar\/diario\/wp-content\/uploads\/2024\/04\/tierra--300x162.jpg 300w\" sizes=\"auto, (max-width: 305px) 100vw, 305px\" \/><\/a><\/figure>\n\n\n\n<p>En este d\u00eda tan significativo, la Municipalidad de Armstrong acompa\u00f1ada por las instituciones, la<br>industria, el comercio, y la comunidad en general reafirma su compromiso para seguir trabajando y<br>avanzando en la preservaci\u00f3n de nuestro medio ambiente.<br>Armstrong forma parte de la Asociaci\u00f3n Internacional de Ciudades Educadoras (AICE). \u00c9sta<br>persigue un trabajo en conjunto entre Gobierno Local, Sociedad Civil, Comunidad Educativa y<br>Sector Privado en pos de mejorar la calidad de vida de sus habitantes, un mayor clima de calidad<br>c\u00edvica y de convivencia urbana.<br>La colaboraci\u00f3n y participaci\u00f3n es fundamental para obtener los resultados que nos beneficien a<br>todos.<br>A trav\u00e9s del Programa \u201cYo me Comprometo\u201d, teniendo&nbsp; como premisa el accionar de todos,<br>consideramos que \u201cEducaci\u00f3n y cultura urbana, limpieza y mantenimiento de mi vereda, mi cuadra,<br>mi plaza, mi barrio, mi ciudad\u201d son &nbsp;ejes de la responsabilidad ciudadana para con la ciudad y el&nbsp;<br>ambiente, cuyo &nbsp;prop\u00f3sito es:<br>-Mejorar la calidad de vida del ciudadano, preservando el medio ambiente.<br>-Disfrutar de una buena calidad de vida generando un medio urbano limpio y<br>funcional.&nbsp;&nbsp;&nbsp;&nbsp;&nbsp;&nbsp;&nbsp;&nbsp;&nbsp;&nbsp;&nbsp;&nbsp;&nbsp;&nbsp;&nbsp;&nbsp;&nbsp;&nbsp;&nbsp;&nbsp;&nbsp;&nbsp;&nbsp;&nbsp;&nbsp;&nbsp;&nbsp;&nbsp;&nbsp;&nbsp;&nbsp;&nbsp;&nbsp;&nbsp;&nbsp;&nbsp;&nbsp;&nbsp;&nbsp;&nbsp;&nbsp;&nbsp;&nbsp;&nbsp;&nbsp;&nbsp;&nbsp;&nbsp;&nbsp;&nbsp;<br>-Escuchar las necesidades e ideas que puedan manifestar los ciudadanos en pos de implementar<br>mejoras en la ciudad.<br>-Respetar la convivencia a partir de h\u00e1bitos saludables y comprometidos con nuestro ambiente<br>inmediato: la ciudad.<br>-Incorporar&nbsp;h\u00e1bitos saludables en relaci\u00f3n a la separaci\u00f3n de residuos secos, protecci\u00f3n y cuidado<br>del arbolado p\u00fablico.<br>Juntos y en la misma direcci\u00f3n, es mucho lo que podemos seguir aportando para conservar la<br>biodiversidad, promover el uso de energ\u00edas limpias, renovables y realizar acciones concretas contra<br>la contaminaci\u00f3n y el cambio clim\u00e1tico.<br>El 22 de abril es una fecha clave que recuerda la responsabilidad compartida que tenemos como<br>sociedad de trabajar d\u00eda a d\u00eda para proteger los recursos naturales.<br>El municipio avanza en la eficiencia energ\u00e9tica llevando a cabo un plan de adecuaci\u00f3n total de la<br>iluminaci\u00f3n p\u00fablica, y se continu\u00f3 con la instalaci\u00f3n de paneles fotovoltaicos que aportan<br>electricidad a la red domiciliaria.<br>Construy\u00f3 una nueva planta de tratamiento de residuos s\u00f3lidos secos donde el material se<br>acondiciona para su posterior reciclado; se ampli\u00f3 la red de contenedores diferenciados y se<br>sumaron comercios e industrias asumiendo su responsabilidad ambiental empresaria; construye<br>bicisendas fomentando la movilidad sustentable; implementa el Plan de Arbolado, actividad&nbsp; que<br>contin\u00faa de a\u00f1os anteriores, plantando m\u00e1s \u00e1rboles en la ciudad, fomentando su cuidado y<br>bienestar, con la colaboraci\u00f3n de los vecinos.<br>Sumamos acciones concretas y responsables porque nuestro compromiso es con el&nbsp;ambiente por<br>una \u201cCiudad limpia\u201d. En el 2023, entre todos hicimos posible la entrega&nbsp;de distintos materiales<br>reciclables:<br>Cart\u00f3n:&nbsp;&nbsp;&nbsp;&nbsp;&nbsp;&nbsp;&nbsp;&nbsp;&nbsp;&nbsp;&nbsp;&nbsp;&nbsp;&nbsp;&nbsp;&nbsp;&nbsp;&nbsp;&nbsp;&nbsp;&nbsp;&nbsp;&nbsp;&nbsp;&nbsp;&nbsp;&nbsp;&nbsp;&nbsp;&nbsp;&nbsp;&nbsp;&nbsp;&nbsp; 50.922 kg. (30 %)<br>Pl\u00e1sticos:&nbsp;&nbsp;&nbsp;&nbsp;&nbsp;&nbsp;&nbsp;&nbsp;&nbsp;&nbsp;&nbsp;&nbsp;&nbsp;&nbsp;&nbsp;&nbsp;&nbsp;&nbsp;&nbsp;&nbsp;&nbsp;&nbsp;&nbsp;&nbsp;&nbsp;&nbsp;&nbsp;&nbsp;&nbsp;&nbsp;&nbsp; 13.889 kg. (8 %)<\/p>\n\n\n\n<p>Neum\u00e1ticos fuera de uso:&nbsp;&nbsp; 35.200 kg. (20 %)<br>Aceite vegetal:&nbsp; 11.525 lts=10.277 kg.&nbsp; (6 %)<br>Metales:&nbsp;&nbsp;&nbsp;&nbsp;&nbsp;&nbsp;&nbsp;&nbsp;&nbsp;&nbsp;&nbsp;&nbsp;&nbsp;&nbsp;&nbsp;&nbsp;&nbsp;&nbsp;&nbsp;&nbsp;&nbsp;&nbsp;&nbsp;&nbsp;&nbsp;&nbsp;&nbsp;&nbsp;&nbsp;&nbsp;&nbsp;&nbsp;&nbsp;&nbsp;&nbsp; 3.015 kg. (2 %)<br>Vidrio:&nbsp;&nbsp;&nbsp;&nbsp;&nbsp;&nbsp;&nbsp;&nbsp;&nbsp;&nbsp;&nbsp;&nbsp;&nbsp;&nbsp;&nbsp;&nbsp;&nbsp;&nbsp;&nbsp;&nbsp;&nbsp;&nbsp;&nbsp;&nbsp;&nbsp;&nbsp;&nbsp;&nbsp;&nbsp; &nbsp;&nbsp;&nbsp;&nbsp;&nbsp;&nbsp;&nbsp;59.670 kg. (34 %)<br>Total:&nbsp;&nbsp;&nbsp;&nbsp;&nbsp;&nbsp;&nbsp;&nbsp;&nbsp;&nbsp;&nbsp;&nbsp;&nbsp;&nbsp;&nbsp;&nbsp;&nbsp;&nbsp;&nbsp;&nbsp;&nbsp;&nbsp;&nbsp;&nbsp;&nbsp;&nbsp;&nbsp;&nbsp;&nbsp;&nbsp;&nbsp;&nbsp;&nbsp;&nbsp;&nbsp;&nbsp; 172.973 kg. (100 %)<\/p>\n\n\n\n<p>Por un ambiente sustentable, por nuestro presente y futuro, sigamos cuidando nuestra ciudad a<br>partir de acciones concretas y h\u00e1bitos saludables dentro del programa: \u201cYO ME COMPROMETO\u201d.<\/p>\n","protected":false},"excerpt":{"rendered":"<p>22 de abril, D\u00eda de la Tierra: reafirmamos nuestro compromiso sustentable.<\/p>\n","protected":false},"author":1,"featured_media":42533,"comment_status":"open","ping_status":"open","sticky":false,"template":"","format":"image","meta":{"_jetpack_memberships_contains_paid_content":false,"footnotes":"","jetpack_publicize_message":"","jetpack_publicize_feature_enabled":true,"jetpack_social_post_already_shared":true,"jetpack_social_options":{"image_generator_settings":{"template":"highway","default_image_id":0,"enabled":false},"version":2}},"categories":[6,8,1,2,7,3],"tags":[10552,2572,10553,5030,9924,8777,1755,10554,8523],"class_list":["post-42532","post","type-post","status-publish","format-image","has-post-thumbnail","hentry","category-cultura-entretenimiento","category-deliberando","category-diario-armstrong","category-locales","category-politica","category-region","tag-22-de-abril","tag-compromiso","tag-dia-de-la-tierra","tag-diario-armstrong","tag-diario-armstrong-y-region-2","tag-lic-graciela-de-la-casa","tag-nuestro","tag-reafirmamos","tag-sustentable","post_format-post-format-image"],"jetpack_publicize_connections":[],"jetpack_featured_media_url":"https:\/\/armstrongyregion.com.ar\/diario\/wp-content\/uploads\/2024\/04\/tierra-.jpg","jetpack_shortlink":"https:\/\/wp.me\/p62QDO-b40","jetpack_sharing_enabled":true,"amp_enabled":true,"_links":{"self":[{"href":"https:\/\/armstrongyregion.com.ar\/diario\/wp-json\/wp\/v2\/posts\/42532","targetHints":{"allow":["GET"]}}],"collection":[{"href":"https:\/\/armstrongyregion.com.ar\/diario\/wp-json\/wp\/v2\/posts"}],"about":[{"href":"https:\/\/armstrongyregion.com.ar\/diario\/wp-json\/wp\/v2\/types\/post"}],"author":[{"embeddable":true,"href":"https:\/\/armstrongyregion.com.ar\/diario\/wp-json\/wp\/v2\/users\/1"}],"replies":[{"embeddable":true,"href":"https:\/\/armstrongyregion.com.ar\/diario\/wp-json\/wp\/v2\/comments?post=42532"}],"version-history":[{"count":1,"href":"https:\/\/armstrongyregion.com.ar\/diario\/wp-json\/wp\/v2\/posts\/42532\/revisions"}],"predecessor-version":[{"id":42534,"href":"https:\/\/armstrongyregion.com.ar\/diario\/wp-json\/wp\/v2\/posts\/42532\/revisions\/42534"}],"wp:featuredmedia":[{"embeddable":true,"href":"https:\/\/armstrongyregion.com.ar\/diario\/wp-json\/wp\/v2\/media\/42533"}],"wp:attachment":[{"href":"https:\/\/armstrongyregion.com.ar\/diario\/wp-json\/wp\/v2\/media?parent=42532"}],"wp:term":[{"taxonomy":"category","embeddable":true,"href":"https:\/\/armstrongyregion.com.ar\/diario\/wp-json\/wp\/v2\/categories?post=42532"},{"taxonomy":"post_tag","embeddable":true,"href":"https:\/\/armstrongyregion.com.ar\/diario\/wp-json\/wp\/v2\/tags?post=42532"}],"curies":[{"name":"wp","href":"https:\/\/api.w.org\/{rel}","templated":true}]}}