{"id":42525,"date":"2024-04-22T14:07:46","date_gmt":"2024-04-22T14:07:46","guid":{"rendered":"https:\/\/armstrongyregion.com.ar\/diario\/?p=42525"},"modified":"2024-04-22T14:07:48","modified_gmt":"2024-04-22T14:07:48","slug":"armstrong-programa-de-apoyo-y-estimulo-a-la-cultura","status":"publish","type":"post","link":"https:\/\/armstrongyregion.com.ar\/diario\/armstrong-programa-de-apoyo-y-estimulo-a-la-cultura\/","title":{"rendered":"Armstrong. Programa de apoyo y est\u00edmulo a la cultura."},"content":{"rendered":"\n<figure class=\"wp-block-image size-full\"><a href=\"http:\/\/armstrongyregion.com.ar\/diario\/wp-content\/uploads\/2024\/04\/cultura-luzzi-1-.jpg\"><img loading=\"lazy\" decoding=\"async\" width=\"736\" height=\"491\" src=\"http:\/\/armstrongyregion.com.ar\/diario\/wp-content\/uploads\/2024\/04\/cultura-luzzi-1-.jpg\" alt=\"\" class=\"wp-image-42526\" srcset=\"https:\/\/armstrongyregion.com.ar\/diario\/wp-content\/uploads\/2024\/04\/cultura-luzzi-1-.jpg 736w, https:\/\/armstrongyregion.com.ar\/diario\/wp-content\/uploads\/2024\/04\/cultura-luzzi-1--300x200.jpg 300w\" sizes=\"auto, (max-width: 736px) 100vw, 736px\" \/><\/a><\/figure>\n\n\n\n<p>En el sal\u00f3n Delmo Dar\u00f3 de la Municipalidad de Armstrong, el Ministerio de Cultura de la provincia de<br>Santa Fe realiz\u00f3 la presentaci\u00f3n del programa de apoyo y est\u00edmulo a la producci\u00f3n e industria<br>cultural santafesina denominado \u201cEspacio Santafesino\u201d.<\/p>\n\n\n\n<figure class=\"wp-block-image size-full\"><a href=\"http:\/\/armstrongyregion.com.ar\/diario\/wp-content\/uploads\/2024\/04\/cultura-luzzi-2-.jpg\"><img loading=\"lazy\" decoding=\"async\" width=\"703\" height=\"469\" src=\"http:\/\/armstrongyregion.com.ar\/diario\/wp-content\/uploads\/2024\/04\/cultura-luzzi-2-.jpg\" alt=\"\" class=\"wp-image-42527\" srcset=\"https:\/\/armstrongyregion.com.ar\/diario\/wp-content\/uploads\/2024\/04\/cultura-luzzi-2-.jpg 703w, https:\/\/armstrongyregion.com.ar\/diario\/wp-content\/uploads\/2024\/04\/cultura-luzzi-2--300x200.jpg 300w\" sizes=\"auto, (max-width: 703px) 100vw, 703px\" \/><\/a><\/figure>\n\n\n\n<p><br>El Intendente Guillermo Luzzi le dio la bienvenida a la Directora provincial de Fomento Cultural<br>Natalia Gamboa y al Director de Articulaci\u00f3n Institucional Federico Bast\u00edas.<br>La provincia realiza cuatro convocatorias al a\u00f1o. La primera de ellas est\u00e1 vigente desde el 3 de abril<br>hasta el 17 de mayo. El lunes 22 de abril abre la segunda convocatoria, hasta el 31 de mayo.<br>Este programa tiene el objetivo de ser un importante motor para las industrias culturales de la<br>provincia\u00a0y tambi\u00e9n fortalecer el compromiso del Ministerio de Cultura en apoyar y promover la<br>diversidad cultural de la regi\u00f3n.<br>Se convoca a todos los artistas y productores culturales que puedan presentarse y as\u00ed ser<br>beneficiarios de este apoyo que asciende a $ 160.000.000 en el a\u00f1o llegando a beneficiar a 160\/180<br>proyectos culturales de la provincia.<br>Se brind\u00f3 asesoramiento espec\u00edfico sobre c\u00f3mo inscribirse, herramientas y consejos pr\u00e1cticos para<br>maximizar sus posibilidades de participaci\u00f3n.<br>Estos encuentros de trabajo forman parte de la agenda ministerial ya que permiten diagramar<br>acciones conjuntas con municipios y comunas de toda la provincia, promoviendo el encuentro y la<br>cercan\u00eda en todo el territorio santafesino.<br>Bases, condiciones y formularios de inscripci\u00f3n est\u00e1n publicados en la p\u00e1gina<br>www.santafecultura.gov.ar\/espaciosantafesino.<\/p>\n","protected":false},"excerpt":{"rendered":"<p>Armstrong. Programa de apoyo y est\u00edmulo a la cultura.<\/p>\n","protected":false},"author":1,"featured_media":42526,"comment_status":"open","ping_status":"open","sticky":false,"template":"","format":"image","meta":{"_jetpack_memberships_contains_paid_content":false,"footnotes":"","jetpack_publicize_message":"","jetpack_publicize_feature_enabled":true,"jetpack_social_post_already_shared":true,"jetpack_social_options":{"image_generator_settings":{"template":"highway","default_image_id":0,"enabled":false},"version":2}},"categories":[8,1,2,7,3],"tags":[33,1422,20,47,19,5030,9924,10551,31,8777,582,13],"class_list":["post-42525","post","type-post","status-publish","format-image","has-post-thumbnail","hentry","category-deliberando","category-diario-armstrong","category-locales","category-politica","category-region","tag-a","tag-apoyo","tag-armstrong","tag-cultura","tag-de","tag-diario-armstrong","tag-diario-armstrong-y-region-2","tag-estimulo","tag-la","tag-lic-graciela-de-la-casa","tag-programa","tag-y","post_format-post-format-image"],"jetpack_publicize_connections":[],"jetpack_featured_media_url":"https:\/\/armstrongyregion.com.ar\/diario\/wp-content\/uploads\/2024\/04\/cultura-luzzi-1-.jpg","jetpack_shortlink":"https:\/\/wp.me\/p62QDO-b3T","jetpack_sharing_enabled":true,"amp_enabled":true,"_links":{"self":[{"href":"https:\/\/armstrongyregion.com.ar\/diario\/wp-json\/wp\/v2\/posts\/42525","targetHints":{"allow":["GET"]}}],"collection":[{"href":"https:\/\/armstrongyregion.com.ar\/diario\/wp-json\/wp\/v2\/posts"}],"about":[{"href":"https:\/\/armstrongyregion.com.ar\/diario\/wp-json\/wp\/v2\/types\/post"}],"author":[{"embeddable":true,"href":"https:\/\/armstrongyregion.com.ar\/diario\/wp-json\/wp\/v2\/users\/1"}],"replies":[{"embeddable":true,"href":"https:\/\/armstrongyregion.com.ar\/diario\/wp-json\/wp\/v2\/comments?post=42525"}],"version-history":[{"count":1,"href":"https:\/\/armstrongyregion.com.ar\/diario\/wp-json\/wp\/v2\/posts\/42525\/revisions"}],"predecessor-version":[{"id":42528,"href":"https:\/\/armstrongyregion.com.ar\/diario\/wp-json\/wp\/v2\/posts\/42525\/revisions\/42528"}],"wp:featuredmedia":[{"embeddable":true,"href":"https:\/\/armstrongyregion.com.ar\/diario\/wp-json\/wp\/v2\/media\/42526"}],"wp:attachment":[{"href":"https:\/\/armstrongyregion.com.ar\/diario\/wp-json\/wp\/v2\/media?parent=42525"}],"wp:term":[{"taxonomy":"category","embeddable":true,"href":"https:\/\/armstrongyregion.com.ar\/diario\/wp-json\/wp\/v2\/categories?post=42525"},{"taxonomy":"post_tag","embeddable":true,"href":"https:\/\/armstrongyregion.com.ar\/diario\/wp-json\/wp\/v2\/tags?post=42525"}],"curies":[{"name":"wp","href":"https:\/\/api.w.org\/{rel}","templated":true}]}}