{"id":42513,"date":"2024-04-21T22:36:47","date_gmt":"2024-04-21T22:36:47","guid":{"rendered":"https:\/\/armstrongyregion.com.ar\/diario\/?p=42513"},"modified":"2024-04-21T22:36:49","modified_gmt":"2024-04-21T22:36:49","slug":"el-bloque-oficialista-solicita-al-ejecutivo-el-cronograma-semanal-del-servicio-de-recorrido-de-barrido-urbano","status":"publish","type":"post","link":"https:\/\/armstrongyregion.com.ar\/diario\/el-bloque-oficialista-solicita-al-ejecutivo-el-cronograma-semanal-del-servicio-de-recorrido-de-barrido-urbano\/","title":{"rendered":"El bloque oficialista solicita al ejecutivo el cronograma semanal del servicio de recorrido de barrido urbano."},"content":{"rendered":"\n<figure class=\"wp-block-image size-full\"><a href=\"http:\/\/armstrongyregion.com.ar\/diario\/wp-content\/uploads\/2024\/04\/NOE-GARCIA-21-4-24-.jpg\"><img loading=\"lazy\" decoding=\"async\" width=\"781\" height=\"809\" src=\"http:\/\/armstrongyregion.com.ar\/diario\/wp-content\/uploads\/2024\/04\/NOE-GARCIA-21-4-24-.jpg\" alt=\"\" class=\"wp-image-42514\" srcset=\"https:\/\/armstrongyregion.com.ar\/diario\/wp-content\/uploads\/2024\/04\/NOE-GARCIA-21-4-24-.jpg 781w, https:\/\/armstrongyregion.com.ar\/diario\/wp-content\/uploads\/2024\/04\/NOE-GARCIA-21-4-24--290x300.jpg 290w, https:\/\/armstrongyregion.com.ar\/diario\/wp-content\/uploads\/2024\/04\/NOE-GARCIA-21-4-24--768x796.jpg 768w\" sizes=\"auto, (max-width: 781px) 100vw, 781px\" \/><\/a><\/figure>\n\n\n\n<p>\u201cEl hecho de estar aqu\u00ed en el concejo todos los d\u00edas, hace que los vecinos vengan y nos planteen sus inquietudes; una de ellas era saber el d\u00eda y horarios en los que pasa la barredora\u00bb. Explicaba Garc\u00eda.<\/p>\n\n\n\n<p>\u00abEntonces solicitamos al ejecutivo a trav\u00e9s de la secretar\u00eda correspondiente informaci\u00f3n sobre el cronograma del recorrido semanal del servicio de barrido urbano. En su momento se realiz\u00f3 una campa\u00f1a de difusion con el tema de la recoleccion de residuos, en este caso estar\u00edamos peticionando lo mismo con respecto al cronograma, dias, horarios y zonas en los que pasa la barredora\u00bb. Finali\u00f3 la concejal.<\/p>\n","protected":false},"excerpt":{"rendered":"<p>El bloque oficialista solicita al ejecutivo el cronograma semanal del servicio de recorrido de barrido urbano.<\/p>\n","protected":false},"author":1,"featured_media":42514,"comment_status":"open","ping_status":"open","sticky":false,"template":"","format":"image","meta":{"_jetpack_memberships_contains_paid_content":false,"footnotes":"","jetpack_publicize_message":"","jetpack_publicize_feature_enabled":true,"jetpack_social_post_already_shared":true,"jetpack_social_options":{"image_generator_settings":{"template":"highway","default_image_id":0,"enabled":false},"version":2}},"categories":[8,1,2,7],"tags":[10545,10543,729,5030,9924,8777,10544],"class_list":["post-42513","post","type-post","status-publish","format-image","has-post-thumbnail","hentry","category-deliberando","category-diario-armstrong","category-locales","category-politica","tag-barrido-urbano","tag-bloque-oficialista","tag-cronograma","tag-diario-armstrong","tag-diario-armstrong-y-region-2","tag-lic-graciela-de-la-casa","tag-noelia-garcia","post_format-post-format-image"],"jetpack_publicize_connections":[],"jetpack_featured_media_url":"https:\/\/armstrongyregion.com.ar\/diario\/wp-content\/uploads\/2024\/04\/NOE-GARCIA-21-4-24-.jpg","jetpack_shortlink":"https:\/\/wp.me\/p62QDO-b3H","jetpack_sharing_enabled":true,"amp_enabled":true,"_links":{"self":[{"href":"https:\/\/armstrongyregion.com.ar\/diario\/wp-json\/wp\/v2\/posts\/42513","targetHints":{"allow":["GET"]}}],"collection":[{"href":"https:\/\/armstrongyregion.com.ar\/diario\/wp-json\/wp\/v2\/posts"}],"about":[{"href":"https:\/\/armstrongyregion.com.ar\/diario\/wp-json\/wp\/v2\/types\/post"}],"author":[{"embeddable":true,"href":"https:\/\/armstrongyregion.com.ar\/diario\/wp-json\/wp\/v2\/users\/1"}],"replies":[{"embeddable":true,"href":"https:\/\/armstrongyregion.com.ar\/diario\/wp-json\/wp\/v2\/comments?post=42513"}],"version-history":[{"count":1,"href":"https:\/\/armstrongyregion.com.ar\/diario\/wp-json\/wp\/v2\/posts\/42513\/revisions"}],"predecessor-version":[{"id":42515,"href":"https:\/\/armstrongyregion.com.ar\/diario\/wp-json\/wp\/v2\/posts\/42513\/revisions\/42515"}],"wp:featuredmedia":[{"embeddable":true,"href":"https:\/\/armstrongyregion.com.ar\/diario\/wp-json\/wp\/v2\/media\/42514"}],"wp:attachment":[{"href":"https:\/\/armstrongyregion.com.ar\/diario\/wp-json\/wp\/v2\/media?parent=42513"}],"wp:term":[{"taxonomy":"category","embeddable":true,"href":"https:\/\/armstrongyregion.com.ar\/diario\/wp-json\/wp\/v2\/categories?post=42513"},{"taxonomy":"post_tag","embeddable":true,"href":"https:\/\/armstrongyregion.com.ar\/diario\/wp-json\/wp\/v2\/tags?post=42513"}],"curies":[{"name":"wp","href":"https:\/\/api.w.org\/{rel}","templated":true}]}}