{"id":42510,"date":"2024-04-21T21:01:27","date_gmt":"2024-04-21T21:01:27","guid":{"rendered":"https:\/\/armstrongyregion.com.ar\/diario\/?p=42510"},"modified":"2024-04-21T21:01:29","modified_gmt":"2024-04-21T21:01:29","slug":"el-oficialismo-presento-una-minuta-de-comunicacion-sobre-un-plan-integral-de-arbolado-publico","status":"publish","type":"post","link":"https:\/\/armstrongyregion.com.ar\/diario\/el-oficialismo-presento-una-minuta-de-comunicacion-sobre-un-plan-integral-de-arbolado-publico\/","title":{"rendered":"El oficialismo present\u00f3 una minuta de comunicaci\u00f3n sobre un Plan Integral de Arbolado P\u00fablico."},"content":{"rendered":"\n<figure class=\"wp-block-image size-full\"><a href=\"http:\/\/armstrongyregion.com.ar\/diario\/wp-content\/uploads\/2024\/04\/CARLITA-REVIGLIONO-21-4-24-.jpg\"><img loading=\"lazy\" decoding=\"async\" width=\"786\" height=\"709\" src=\"http:\/\/armstrongyregion.com.ar\/diario\/wp-content\/uploads\/2024\/04\/CARLITA-REVIGLIONO-21-4-24-.jpg\" alt=\"\" class=\"wp-image-42511\" srcset=\"https:\/\/armstrongyregion.com.ar\/diario\/wp-content\/uploads\/2024\/04\/CARLITA-REVIGLIONO-21-4-24-.jpg 786w, https:\/\/armstrongyregion.com.ar\/diario\/wp-content\/uploads\/2024\/04\/CARLITA-REVIGLIONO-21-4-24--300x271.jpg 300w, https:\/\/armstrongyregion.com.ar\/diario\/wp-content\/uploads\/2024\/04\/CARLITA-REVIGLIONO-21-4-24--768x693.jpg 768w\" sizes=\"auto, (max-width: 786px) 100vw, 786px\" \/><\/a><\/figure>\n\n\n\n<p>En la \u00faltima sesi\u00f3n ordinaria, la concejal Carla Revigliono, habl\u00f3 sobre uno de los proyectos presentados por su bloque en relaci\u00f3n al plan integral de arbolado p\u00fablico.<\/p>\n\n\n\n<p>Revigliono, comunicaba que, este es un tema muy importante, ya que el ejecutivo a trav\u00e9s de la Secretar\u00eda que corresponde, trabajar\u00e1 sobre un plan integral de arbolado p\u00fablico. Se contempla c\u00f3mo se llevar\u00e1 a cabo la forestaci\u00f3n, la reforestaci\u00f3n, la poda y extracci\u00f3n de las diversas especies arb\u00f3reas de la ciudad.<\/p>\n\n\n\n<p>La concejal expres\u00f3: \u00abEs muy relevante\u00a0 que se involucre tambi\u00e9n a la ciudadan\u00eda especialmente a la hora de plantar un \u00e1rbol; ya que es de suma importancia que se tenga en cuenta el espacio con el que se cuenta, observamos muchas veces \u00e1rboles que rompen las veredas, por lo tanto se debiera informar al municipio, para tener en cuenta\u00a0 sobre el arbolado existente,\u00a0 cu\u00e1les son los g\u00e9neros que se van a plantar, como as\u00ed, especies y cantidades a podar,\u00a0 las que se van a extraer con o sin sustituci\u00f3n\u201d.<\/p>\n","protected":false},"excerpt":{"rendered":"<p>El oficialismo present\u00f3 una minuta de comunicaci\u00f3n sobre un Plan Integral de Arbolado P\u00fablico.<\/p>\n","protected":false},"author":1,"featured_media":42511,"comment_status":"open","ping_status":"open","sticky":false,"template":"","format":"image","meta":{"_jetpack_memberships_contains_paid_content":false,"footnotes":"","jetpack_publicize_message":"","jetpack_publicize_feature_enabled":true,"jetpack_social_post_already_shared":true,"jetpack_social_options":{"image_generator_settings":{"template":"highway","default_image_id":0,"enabled":false},"version":2}},"categories":[8,1,2,7,3],"tags":[9425,673,9934,5030,8777],"class_list":["post-42510","post","type-post","status-publish","format-image","has-post-thumbnail","hentry","category-deliberando","category-diario-armstrong","category-locales","category-politica","category-region","tag-carla-revigliono","tag-concejal","tag-concejo-deliberante","tag-diario-armstrong","tag-lic-graciela-de-la-casa","post_format-post-format-image"],"jetpack_publicize_connections":[],"jetpack_featured_media_url":"https:\/\/armstrongyregion.com.ar\/diario\/wp-content\/uploads\/2024\/04\/CARLITA-REVIGLIONO-21-4-24-.jpg","jetpack_shortlink":"https:\/\/wp.me\/p62QDO-b3E","jetpack_sharing_enabled":true,"amp_enabled":true,"_links":{"self":[{"href":"https:\/\/armstrongyregion.com.ar\/diario\/wp-json\/wp\/v2\/posts\/42510","targetHints":{"allow":["GET"]}}],"collection":[{"href":"https:\/\/armstrongyregion.com.ar\/diario\/wp-json\/wp\/v2\/posts"}],"about":[{"href":"https:\/\/armstrongyregion.com.ar\/diario\/wp-json\/wp\/v2\/types\/post"}],"author":[{"embeddable":true,"href":"https:\/\/armstrongyregion.com.ar\/diario\/wp-json\/wp\/v2\/users\/1"}],"replies":[{"embeddable":true,"href":"https:\/\/armstrongyregion.com.ar\/diario\/wp-json\/wp\/v2\/comments?post=42510"}],"version-history":[{"count":1,"href":"https:\/\/armstrongyregion.com.ar\/diario\/wp-json\/wp\/v2\/posts\/42510\/revisions"}],"predecessor-version":[{"id":42512,"href":"https:\/\/armstrongyregion.com.ar\/diario\/wp-json\/wp\/v2\/posts\/42510\/revisions\/42512"}],"wp:featuredmedia":[{"embeddable":true,"href":"https:\/\/armstrongyregion.com.ar\/diario\/wp-json\/wp\/v2\/media\/42511"}],"wp:attachment":[{"href":"https:\/\/armstrongyregion.com.ar\/diario\/wp-json\/wp\/v2\/media?parent=42510"}],"wp:term":[{"taxonomy":"category","embeddable":true,"href":"https:\/\/armstrongyregion.com.ar\/diario\/wp-json\/wp\/v2\/categories?post=42510"},{"taxonomy":"post_tag","embeddable":true,"href":"https:\/\/armstrongyregion.com.ar\/diario\/wp-json\/wp\/v2\/tags?post=42510"}],"curies":[{"name":"wp","href":"https:\/\/api.w.org\/{rel}","templated":true}]}}