{"id":42497,"date":"2024-04-20T21:14:54","date_gmt":"2024-04-20T21:14:54","guid":{"rendered":"https:\/\/armstrongyregion.com.ar\/diario\/?p=42497"},"modified":"2024-04-20T21:16:39","modified_gmt":"2024-04-20T21:16:39","slug":"renovacion-por-armstrong-solicito-mejorado-en-calles-no-pavimentadas-y-construccion-de-garitas-afuera-de-dos-bancos-de-la-ciudad","status":"publish","type":"post","link":"https:\/\/armstrongyregion.com.ar\/diario\/renovacion-por-armstrong-solicito-mejorado-en-calles-no-pavimentadas-y-construccion-de-garitas-afuera-de-dos-bancos-de-la-ciudad\/","title":{"rendered":"Renovaci\u00f3n por Armstrong solicit\u00f3 mejorado en calles no pavimentadas y construcci\u00f3n de garitas afuera de dos bancos de la ciudad."},"content":{"rendered":"\n<p><\/p>\n\n\n\n<figure class=\"wp-block-image size-full\"><a href=\"http:\/\/armstrongyregion.com.ar\/diario\/wp-content\/uploads\/2024\/04\/Emi-Gramigna-20-4.24.jpg\"><img loading=\"lazy\" decoding=\"async\" width=\"756\" height=\"679\" src=\"http:\/\/armstrongyregion.com.ar\/diario\/wp-content\/uploads\/2024\/04\/Emi-Gramigna-20-4.24.jpg\" alt=\"\" class=\"wp-image-42501\" srcset=\"https:\/\/armstrongyregion.com.ar\/diario\/wp-content\/uploads\/2024\/04\/Emi-Gramigna-20-4.24.jpg 756w, https:\/\/armstrongyregion.com.ar\/diario\/wp-content\/uploads\/2024\/04\/Emi-Gramigna-20-4.24-300x269.jpg 300w\" sizes=\"auto, (max-width: 756px) 100vw, 756px\" \/><\/a><\/figure>\n\n\n\n<p><strong>El bloque de Renovaci\u00f3n por Armstrong, integrado por los concejales Emiliano Gramigna y Jes\u00fas Urqu\u00eda, en la \u00faltima sesi\u00f3n ordinaria, presentaron dos minutas de Comunicaci\u00f3n, una solicitando al ejecutivo la reparaci\u00f3n y colocaci\u00f3n de mejorado en calles no pavimentadas de la ciudad, como as\u00ed la construcci\u00f3n de garitas afuera del Banco Macro y Banco Naci\u00f3n.<\/strong><\/p>\n\n\n\n<p>En di\u00e1logo con los medios locales, Gramigna expresaba: \u201cSolicitamos reparaci\u00f3n y mantenimiento en las calles no pavimentadas de la ciudad, ya que muchos vecinos nos hicieron llegar el reclamo, sobretodo aquellas personas que van en veh\u00edculos de menor porte, como bicis y motos. En las calles se debe realizar el mejoramiento necesario para tapar los pozos y que sea m\u00e1s duradero, ya que con estas lluvias se desgasta r\u00e1pidamente\u201d.<\/p>\n\n\n\n<p>Siguiendo la misma linea de discurso, el concejal dijo: \u201cTambi\u00e9n presentamos una minuta de comunicaci\u00f3n en la que solicitamos que se construyan refugios o garitas en la inmediaciones de los bancos Macro y Naci\u00f3n m\u00e1s espec\u00edficamente d\u00f3nde est\u00e1n los cajeros autom\u00e1ticos, aunque lo venimos advirtiendo desde hace tiempo la gente queda en la intemperie ya sea con temporales de agua, en la plenitud del invierno o con un extremo sol en verano y vemos a muchos adultos mayores. Por lo tanto habr\u00eda que darle soluci\u00f3n a una problem\u00e1tica que le mejora la calidad de vida a ciudad, mejora la infraestructura y tambi\u00e9n solucionamos un problema que hoy tiene mucha gente\u201d<\/p>\n","protected":false},"excerpt":{"rendered":"<p>Renovaci\u00f3n por Armstrong solicit\u00f3 mejorado en calles no pavimentadas y construcci\u00f3n de garitas afuera de dos bancos de la ciudad.<\/p>\n","protected":false},"author":1,"featured_media":42501,"comment_status":"open","ping_status":"open","sticky":false,"template":"","format":"image","meta":{"_jetpack_memberships_contains_paid_content":false,"footnotes":"","jetpack_publicize_message":"","jetpack_publicize_feature_enabled":true,"jetpack_social_post_already_shared":true,"jetpack_social_options":{"image_generator_settings":{"template":"highway","default_image_id":0,"enabled":false},"version":2}},"categories":[8,1,2,7,3],"tags":[10539,5030,9924,141,9423,10537,8777,10538],"class_list":["post-42497","post","type-post","status-publish","format-image","has-post-thumbnail","hentry","category-deliberando","category-diario-armstrong","category-locales","category-politica","category-region","tag-construccion-de-garitas","tag-diario-armstrong","tag-diario-armstrong-y-region-2","tag-emiliano","tag-emiliano-gramigna","tag-gramigna-concejal","tag-lic-graciela-de-la-casa","tag-mejorado-de-calles","post_format-post-format-image"],"jetpack_publicize_connections":[],"jetpack_featured_media_url":"https:\/\/armstrongyregion.com.ar\/diario\/wp-content\/uploads\/2024\/04\/Emi-Gramigna-20-4.24.jpg","jetpack_shortlink":"https:\/\/wp.me\/p62QDO-b3r","jetpack_sharing_enabled":true,"amp_enabled":true,"_links":{"self":[{"href":"https:\/\/armstrongyregion.com.ar\/diario\/wp-json\/wp\/v2\/posts\/42497","targetHints":{"allow":["GET"]}}],"collection":[{"href":"https:\/\/armstrongyregion.com.ar\/diario\/wp-json\/wp\/v2\/posts"}],"about":[{"href":"https:\/\/armstrongyregion.com.ar\/diario\/wp-json\/wp\/v2\/types\/post"}],"author":[{"embeddable":true,"href":"https:\/\/armstrongyregion.com.ar\/diario\/wp-json\/wp\/v2\/users\/1"}],"replies":[{"embeddable":true,"href":"https:\/\/armstrongyregion.com.ar\/diario\/wp-json\/wp\/v2\/comments?post=42497"}],"version-history":[{"count":2,"href":"https:\/\/armstrongyregion.com.ar\/diario\/wp-json\/wp\/v2\/posts\/42497\/revisions"}],"predecessor-version":[{"id":42502,"href":"https:\/\/armstrongyregion.com.ar\/diario\/wp-json\/wp\/v2\/posts\/42497\/revisions\/42502"}],"wp:featuredmedia":[{"embeddable":true,"href":"https:\/\/armstrongyregion.com.ar\/diario\/wp-json\/wp\/v2\/media\/42501"}],"wp:attachment":[{"href":"https:\/\/armstrongyregion.com.ar\/diario\/wp-json\/wp\/v2\/media?parent=42497"}],"wp:term":[{"taxonomy":"category","embeddable":true,"href":"https:\/\/armstrongyregion.com.ar\/diario\/wp-json\/wp\/v2\/categories?post=42497"},{"taxonomy":"post_tag","embeddable":true,"href":"https:\/\/armstrongyregion.com.ar\/diario\/wp-json\/wp\/v2\/tags?post=42497"}],"curies":[{"name":"wp","href":"https:\/\/api.w.org\/{rel}","templated":true}]}}