{"id":42494,"date":"2024-04-20T21:05:15","date_gmt":"2024-04-20T21:05:15","guid":{"rendered":"https:\/\/armstrongyregion.com.ar\/diario\/?p=42494"},"modified":"2024-04-20T21:05:17","modified_gmt":"2024-04-20T21:05:17","slug":"clara-garcia-con-la-ley-de-prosumidores-santa-fe-avanza-en-la-transformacion-de-su-matriz-energetica","status":"publish","type":"post","link":"https:\/\/armstrongyregion.com.ar\/diario\/clara-garcia-con-la-ley-de-prosumidores-santa-fe-avanza-en-la-transformacion-de-su-matriz-energetica\/","title":{"rendered":"Clara Garc\u00eda: \u00abCon la Ley de Prosumidores, Santa Fe avanza en la transformaci\u00f3n de su matr\u00edz energ\u00e9tica\u00bb."},"content":{"rendered":"\n<figure class=\"wp-block-image size-full\"><a href=\"http:\/\/armstrongyregion.com.ar\/diario\/wp-content\/uploads\/2024\/04\/clara-garcia-20-4-24-.jpg\"><img loading=\"lazy\" decoding=\"async\" width=\"800\" height=\"533\" src=\"http:\/\/armstrongyregion.com.ar\/diario\/wp-content\/uploads\/2024\/04\/clara-garcia-20-4-24-.jpg\" alt=\"\" class=\"wp-image-42495\" srcset=\"https:\/\/armstrongyregion.com.ar\/diario\/wp-content\/uploads\/2024\/04\/clara-garcia-20-4-24-.jpg 800w, https:\/\/armstrongyregion.com.ar\/diario\/wp-content\/uploads\/2024\/04\/clara-garcia-20-4-24--300x200.jpg 300w, https:\/\/armstrongyregion.com.ar\/diario\/wp-content\/uploads\/2024\/04\/clara-garcia-20-4-24--768x512.jpg 768w\" sizes=\"auto, (max-width: 800px) 100vw, 800px\" \/><\/a><\/figure>\n\n\n\n<h2 class=\"wp-block-heading\">La presidenta de la C\u00e1mara de Diputadas y Diputados destac\u00f3 la sanci\u00f3n del proyecto que establece un marco para los usuarios santafesinos que produzcan electricidad para volcar a la red de distribuci\u00f3n. Se formaliza una pol\u00edtica iniciada en 2016 por el exgobernador Lifschitz.<\/h2>\n\n\n\n<p>La presidenta de la C\u00e1mara de Diputadas y Diputados, Clara Garc\u00eda, puso de relieve la sanci\u00f3n del proyecto por el cual la provincia de Santa Fe establece un marco para los usuarios santafesinos que produzcan electricidad para inyectar a la red de distribuci\u00f3n y adhiere a la ley nacional de generaci\u00f3n distribuida de energ\u00eda renovable. <\/p>\n\n\n\n<p>Un proyecto similar de su autor\u00eda presentado en 2020 hab\u00eda obtenido media sanci\u00f3n en la C\u00e1mara Baja. Ahora finalmente se formaliza una pol\u00edtica iniciada en 2016 por el exgobernador Miguel Lifschitz, junto a su por entonces secretaria de Energ\u00eda, Ver\u00f3nica Geese, quien hoy vuelve a ocupar ese lugar en la gesti\u00f3n de Maximiliano Pullaro. <\/p>\n\n\n\n<p>\u201cCon la sanci\u00f3n de esta ley, Santa Fe da un paso fundamental para iniciar la transformaci\u00f3n de su matriz energ\u00e9tica de modo de producir cada vez m\u00e1s energ\u00eda de manera sostenible y amigable con el ambiente. Llegamos hasta el d\u00eda de hoy con 1.300 prosumidores que han sido verdaderos pioneros porque tomaron riesgo y pusieron en marcha sus proyectos. A partir de ahora, hay una pol\u00edtica de Estado que pone a resguardo sus inversiones y asegura a los que vienen que podr\u00e1n amortizar en el tiempo el costo de los paneles solares instalados en sus techos o en sus emprendimientos\u201d. Adem\u00e1s, Garc\u00eda destac\u00f3 el rol fundamental que tuvo la Empresa Provincial de la Energ\u00eda (EPE) para que Santa Fe pueda iniciar este proceso innovador, y explic\u00f3: \u201cEn la gesti\u00f3n del exgobernador Lifschitz, el programa Prosumidores pudo ponerse en marcha porque la EPE fue la primera empresa energ\u00e9tica del pa\u00eds en contar con un protocolo de interconexi\u00f3n que permit\u00eda a quien quisiera generar energ\u00eda, conectarse a la red. Sin dudas, contar con una empresa energ\u00e9tica p\u00fablica es un factor fundamental darle un fuerte impulso a los programas que el gobierno provincial lleve adelante para promover la generaci\u00f3n de energ\u00edas renovables, y que cada vez haya m\u00e1s prosumidores\u201d.<\/p>\n\n\n\n<p> \u201cLa posibilidad de que los consumidores sean al mismo tiempo productores \u2013prosigui\u00f3- significa un cambio de paradigma trascendental en el sistema energ\u00e9tico de nuestra provincia porque permitir\u00e1 redistribuir los ingresos de la industria y, a la vez, promover la creaci\u00f3n de empleos verdes en un rubro innovador\u201d. Los futuros prosumidores tambi\u00e9n podr\u00e1n asociarse para la generaci\u00f3n por medio de instalaciones comunes. Garc\u00eda destac\u00f3 el inmediato impulso que le dio el gobernador Pullaro al proyecto. \u201cProsumidores est\u00e1 fuertemente vinculado al futuro de Santa Fe y esa relevancia hace que desde el Poder Ejecutivo se haya priorizado su sanci\u00f3n, que se produjo de manera un\u00e1nime\u201d, sostuvo. A partir de ahora, esta pol\u00edtica p\u00fablica del Estado santafesino quedar\u00e1 bajo la \u00f3rbita del Ministerio de Desarrollo Productivo de Santa Fe, a cargo de Gustavo Puccini, en particular, de de la Secretar\u00eda de Energ\u00eda, conducida por Geese.<\/p>\n\n\n\n<p> La legisladora record\u00f3 que Santa Fe fue la primera provincia en instrumentar un programa de generaci\u00f3n de energ\u00edas renovables distribuida en 2016, un a\u00f1o antes de la sanci\u00f3n de la Ley Nacional N\u00b027.424, a la que ayer se adhiri\u00f3. Otra ley federal (N\u00b027.191) establece que para 2025, el 20% de la matriz nacional de energ\u00eda el\u00e9ctrica sea aportada por fuentes de energ\u00edas renovables. La norma declara de inter\u00e9s provincial la generaci\u00f3n de energ\u00eda el\u00e9ctrica a partir de fuentes de energ\u00edas renovables ya que tiene como objetivo la eficiencia energ\u00e9tica as\u00ed como la reducci\u00f3n de p\u00e9rdidas en el sistema interconectado y de costos para el sistema el\u00e9ctrico en su conjunto. Tambi\u00e9n la protecci\u00f3n ambiental y de los derechos de los usuarios en cuanto a la equidad, no discriminaci\u00f3n y libre acceso a los servicios e instalaciones de transporte y distribuci\u00f3n de electricidad, entre otros. <\/p>\n\n\n\n<p>A partir de la entrada en vigencia de la ley, los proyectos de construcci\u00f3n de edificios p\u00fablicos provinciales deber\u00e1n contemplar la utilizaci\u00f3n de alg\u00fan sistema de generaci\u00f3n de energ\u00eda el\u00e9ctrica proveniente de fuentes renovables, salvo los casos que se determinen en la reglamentaci\u00f3n de la norma. <\/p>\n\n\n\n<p><strong>*AUTORIZACIONES, TARIFA, PROMOCIONES*<\/strong><\/p>\n\n\n\n<p> La autoridad de aplicaci\u00f3n recaer\u00e1 sobre el Ministerio de Desarrollo Productivo, que deber\u00e1 disponer de los mecanismos necesarios para tramitar la autorizaci\u00f3n de instalaciones de generaci\u00f3n de energ\u00eda el\u00e9ctrica; y articular con la autoridad de aplicaci\u00f3n de la Ley Nacional N\u00ba27.424 y las distribuidoras de energ\u00eda el\u00e9ctrica para agilizar la autorizaci\u00f3n de conexi\u00f3n de sistemas de generaci\u00f3n el\u00e9ctrica distribuida a la red. Tambi\u00e9n garantizar el cumplimiento de la ley por parte de los distribuidores de energ\u00eda el\u00e9ctrica en la provincia de Santa Fe; y dise\u00f1ar el esquema de facturaci\u00f3n para usuarios generadores seg\u00fan su categorizaci\u00f3n en todo el territorio provincial. <\/p>\n\n\n\n<p><strong>*BENEFICIOS PROMOCIONALES*<\/strong><\/p>\n\n\n\n<p> Un cap\u00edtulo de la norma prev\u00e9 beneficios promocionales, como la eximici\u00f3n del pago del impuesto sobre los Ingresos Brutos a los ingresos obtenidos por la inyecci\u00f3n a la red de excedentes de energ\u00eda el\u00e9ctrica generada; y del impuesto de sellos a los instrumentos que se suscriban para la generaci\u00f3n el\u00e9ctrica de origen renovable para autoconsumo o eventual inyecci\u00f3n de excedentes a la red.<\/p>\n\n\n\n<p>Asimismo, las empresas dedicadas al dise\u00f1o e instalaci\u00f3n de equipamiento para la generaci\u00f3n de energ\u00eda el\u00e9ctrica a partir de fuentes renovables radicadas en la provincia de Santa Fe gozar\u00e1n de los beneficios promocionales de exenci\u00f3n y\/o reducci\u00f3n y\/o diferimiento de los impuestos de Sellos y a los Ingresos Brutos y seg\u00fan lo establezca la reglamentaci\u00f3n.<\/p>\n","protected":false},"excerpt":{"rendered":"<p>Clara Garc\u00eda: \u00abCon la Ley de Prosumidores, Santa Fe avanza en la transformaci\u00f3n de su matr\u00edz energ\u00e9tica\u00bb.<\/p>\n","protected":false},"author":1,"featured_media":42495,"comment_status":"open","ping_status":"open","sticky":false,"template":"","format":"image","meta":{"_jetpack_memberships_contains_paid_content":false,"footnotes":"","jetpack_publicize_message":"","jetpack_publicize_feature_enabled":true,"jetpack_social_post_already_shared":true,"jetpack_social_options":{"image_generator_settings":{"template":"highway","default_image_id":0,"enabled":false},"version":2}},"categories":[8,1,2,7,3],"tags":[9623,5030,9924,10535,8777,10536],"class_list":["post-42494","post","type-post","status-publish","format-image","has-post-thumbnail","hentry","category-deliberando","category-diario-armstrong","category-locales","category-politica","category-region","tag-clara-garcia-2","tag-diario-armstrong","tag-diario-armstrong-y-region-2","tag-ley-de-prosumidores","tag-lic-graciela-de-la-casa","tag-matriz-energetica","post_format-post-format-image"],"jetpack_publicize_connections":[],"jetpack_featured_media_url":"https:\/\/armstrongyregion.com.ar\/diario\/wp-content\/uploads\/2024\/04\/clara-garcia-20-4-24-.jpg","jetpack_shortlink":"https:\/\/wp.me\/p62QDO-b3o","jetpack_sharing_enabled":true,"amp_enabled":true,"_links":{"self":[{"href":"https:\/\/armstrongyregion.com.ar\/diario\/wp-json\/wp\/v2\/posts\/42494","targetHints":{"allow":["GET"]}}],"collection":[{"href":"https:\/\/armstrongyregion.com.ar\/diario\/wp-json\/wp\/v2\/posts"}],"about":[{"href":"https:\/\/armstrongyregion.com.ar\/diario\/wp-json\/wp\/v2\/types\/post"}],"author":[{"embeddable":true,"href":"https:\/\/armstrongyregion.com.ar\/diario\/wp-json\/wp\/v2\/users\/1"}],"replies":[{"embeddable":true,"href":"https:\/\/armstrongyregion.com.ar\/diario\/wp-json\/wp\/v2\/comments?post=42494"}],"version-history":[{"count":1,"href":"https:\/\/armstrongyregion.com.ar\/diario\/wp-json\/wp\/v2\/posts\/42494\/revisions"}],"predecessor-version":[{"id":42496,"href":"https:\/\/armstrongyregion.com.ar\/diario\/wp-json\/wp\/v2\/posts\/42494\/revisions\/42496"}],"wp:featuredmedia":[{"embeddable":true,"href":"https:\/\/armstrongyregion.com.ar\/diario\/wp-json\/wp\/v2\/media\/42495"}],"wp:attachment":[{"href":"https:\/\/armstrongyregion.com.ar\/diario\/wp-json\/wp\/v2\/media?parent=42494"}],"wp:term":[{"taxonomy":"category","embeddable":true,"href":"https:\/\/armstrongyregion.com.ar\/diario\/wp-json\/wp\/v2\/categories?post=42494"},{"taxonomy":"post_tag","embeddable":true,"href":"https:\/\/armstrongyregion.com.ar\/diario\/wp-json\/wp\/v2\/tags?post=42494"}],"curies":[{"name":"wp","href":"https:\/\/api.w.org\/{rel}","templated":true}]}}