{"id":42482,"date":"2024-04-19T03:08:28","date_gmt":"2024-04-19T03:08:28","guid":{"rendered":"https:\/\/armstrongyregion.com.ar\/diario\/?p=42482"},"modified":"2024-04-19T03:08:31","modified_gmt":"2024-04-19T03:08:31","slug":"paritaria-docente-cuarto-intermedio-hasta-la-semana-que-viene","status":"publish","type":"post","link":"https:\/\/armstrongyregion.com.ar\/diario\/paritaria-docente-cuarto-intermedio-hasta-la-semana-que-viene\/","title":{"rendered":"Paritaria Docente: cuarto intermedio hasta la semana que viene."},"content":{"rendered":"\n<figure class=\"wp-block-image size-full\"><a href=\"http:\/\/armstrongyregion.com.ar\/diario\/wp-content\/uploads\/2024\/04\/paritaria-123-.jpg\"><img loading=\"lazy\" decoding=\"async\" width=\"640\" height=\"427\" src=\"http:\/\/armstrongyregion.com.ar\/diario\/wp-content\/uploads\/2024\/04\/paritaria-123-.jpg\" alt=\"\" class=\"wp-image-42483\" srcset=\"https:\/\/armstrongyregion.com.ar\/diario\/wp-content\/uploads\/2024\/04\/paritaria-123-.jpg 640w, https:\/\/armstrongyregion.com.ar\/diario\/wp-content\/uploads\/2024\/04\/paritaria-123--300x200.jpg 300w\" sizes=\"auto, (max-width: 640px) 100vw, 640px\" \/><\/a><\/figure>\n\n\n\n<h2 class=\"wp-block-heading\">A pedido del ministerio de Econom\u00eda, se acord\u00f3 un cuarto intermedio para poder presentar a los gremios una oferta de incremento para el mes de abril que est\u00e9 acorde a los ingresos de Provincia. El ministro de Educaci\u00f3n, Jos\u00e9 Goity destac\u00f3 la puesta en marcha del plan Asistencia Perfecta, que otorga reconocimientos mensuales y trimestrales a los docentes que no registren faltas.<\/h2>\n\n\n\n<figure class=\"wp-block-table\"><table><tbody><tr><td><br>Con el objetivo de presentar para el mes de abril una oferta de incremento salarial que est\u00e9 acorde a los ingresos que la Provincia tuvo en marzo, las autoridades provinciales solicitaron en la reuni\u00f3n de la mesa paritaria con el sector docente pasar a cuarto intermedio hasta la pr\u00f3xima semana.<br> \u201cHemos sido muy claros desde el inicio de la gesti\u00f3n en el hecho de poner todo nuestro esfuerzo en acompa\u00f1ar las mejoras salariales en base a los ingresos que tenga Provincia. <br>Esos n\u00fameros correspondientes al mes de marzo todav\u00eda no est\u00e1n cerrados, por lo que por recomendaci\u00f3n del Ministerio de Econom\u00eda acordamos pasar a cuarto intermedio para poder realizar una propuesta concreta\u201d, explic\u00f3 el ministro de Educaci\u00f3n, Jos\u00e9 Goity, al t\u00e9rmino del encuentro que se realiz\u00f3 en el Ministerio de Trabajo, en la ciudad de Santa Fe.<br>En di\u00e1logo con los medios, coment\u00f3 tambi\u00e9n que el encuentro permiti\u00f3 detallar a los gremios el Plan Asistencia Perfecta, que Provincia present\u00f3 esta semana con el objetivo de otorgar reconocimientos mensuales y trimestrales a los docentes que no registren inasistencias.<br> \u201cSi bien no es un tema que est\u00e9 incluido en la paritaria, porque es una decisi\u00f3n del Gobierno, que tiene la facultad para llevarla adelante, obviamente fue un tema que se convers\u00f3\u201d, detall\u00f3.En ese sentido, el ministro de Educaci\u00f3n reiter\u00f3 que \u201cqueremos premiar a los docentes que hacen un esfuerzo extraordinario\u201d, y remarc\u00f3 que \u201cde ninguna manera se afecta a los docentes que tengan faltas justificadas, porque van a seguir percibiendo su salario como corresponde\u201d.Como se sabe, Provincia present\u00f3 esta semana el Plan Asistencia Perfecta, que consiste en un incentivo mensual y otro trimestral para premiar la asistencia docente, que implicar\u00e1 que un maestro que se inicia y con un solo cargo, va a percibir $ 57 mil m\u00e1s por mes, y el de cargo m\u00e1s alto, sumar\u00e1 $ 114 mil pesos. Si adem\u00e1s tiene asistencia perfecta en el trimestre, se le suma 86 mil al de cargo m\u00e1s bajo y $ 172 mil a los cargos m\u00e1s altos. Es decir: el docente de cargos m\u00e1s bajos que tengan asistencia perfecta en el trimestre tendr\u00e1n en suma 257 mil pesos aproximadamente en concepto de incentivo en ese per\u00edodo, y los de cargos m\u00e1s altos sumar\u00e1n m\u00e1s de $ 500 mil.<br>Goity remarc\u00f3 que \u201cel plan se autofinancia: cada recurso que se aporta al incentivo, se genera en el propio sistema. El a\u00f1o pasado, los santafesinos destinamos $ 100 mil millones.<br> La proyecci\u00f3n para este a\u00f1o son $ 250 mil millones. Es mucho dinero, entonces empezamos a trabajar en acciones que reviertan esa situaci\u00f3n, como eficientizar los controles e implementar estas pol\u00edticas para reconocer a aquellos docentes que no faltan\u201d, concluy\u00f3.Goity particip\u00f3 de la paritaria acompa\u00f1ado por las secretarias Carolina Piedrabuena y Daiana Gallo Ambrosis. <br>En representaci\u00f3n de los gremios, participaron por Amsafe, Rodrigo Alonso, Susana Ludmer, Mar\u00eda Jos\u00e9 Marano, Sergio Bruchini y Patricia Hern\u00e1ndez; por Sadop, Pedro Bay\u00fagar, Ricardo Vega, Cecilia de Santa Mar\u00eda, Mart\u00edn Lucero, Claudia Sol\u00eds y Marcela Mateos; , por AMET, Ernesto Cepeda; por UDA, Daniel Dom\u00ednguez, Mariela Rossi, Jorge Carlelio.<\/td><\/tr><\/tbody><\/table><\/figure>\n","protected":false},"excerpt":{"rendered":"<p>Paritaria Docente: cuarto intermedio hasta la semana que viene.<\/p>\n","protected":false},"author":1,"featured_media":42483,"comment_status":"open","ping_status":"open","sticky":false,"template":"","format":"image","meta":{"_jetpack_memberships_contains_paid_content":false,"footnotes":"","jetpack_publicize_message":"","jetpack_publicize_feature_enabled":true,"jetpack_social_post_already_shared":true,"jetpack_social_options":{"image_generator_settings":{"template":"highway","default_image_id":0,"enabled":false},"version":2}},"categories":[6,8,1,2,7,3],"tags":[10527,5030,1381,10528,31,8777,10526,919,717],"class_list":["post-42482","post","type-post","status-publish","format-image","has-post-thumbnail","hentry","category-cultura-entretenimiento","category-deliberando","category-diario-armstrong","category-locales","category-politica","category-region","tag-cuarto","tag-diario-armstrong","tag-hasta","tag-intermedio","tag-la","tag-lic-graciela-de-la-casa","tag-paritaria-docente","tag-semana","tag-viene","post_format-post-format-image"],"jetpack_publicize_connections":[],"jetpack_featured_media_url":"https:\/\/armstrongyregion.com.ar\/diario\/wp-content\/uploads\/2024\/04\/paritaria-123-.jpg","jetpack_shortlink":"https:\/\/wp.me\/p62QDO-b3c","jetpack_sharing_enabled":true,"amp_enabled":true,"_links":{"self":[{"href":"https:\/\/armstrongyregion.com.ar\/diario\/wp-json\/wp\/v2\/posts\/42482","targetHints":{"allow":["GET"]}}],"collection":[{"href":"https:\/\/armstrongyregion.com.ar\/diario\/wp-json\/wp\/v2\/posts"}],"about":[{"href":"https:\/\/armstrongyregion.com.ar\/diario\/wp-json\/wp\/v2\/types\/post"}],"author":[{"embeddable":true,"href":"https:\/\/armstrongyregion.com.ar\/diario\/wp-json\/wp\/v2\/users\/1"}],"replies":[{"embeddable":true,"href":"https:\/\/armstrongyregion.com.ar\/diario\/wp-json\/wp\/v2\/comments?post=42482"}],"version-history":[{"count":1,"href":"https:\/\/armstrongyregion.com.ar\/diario\/wp-json\/wp\/v2\/posts\/42482\/revisions"}],"predecessor-version":[{"id":42484,"href":"https:\/\/armstrongyregion.com.ar\/diario\/wp-json\/wp\/v2\/posts\/42482\/revisions\/42484"}],"wp:featuredmedia":[{"embeddable":true,"href":"https:\/\/armstrongyregion.com.ar\/diario\/wp-json\/wp\/v2\/media\/42483"}],"wp:attachment":[{"href":"https:\/\/armstrongyregion.com.ar\/diario\/wp-json\/wp\/v2\/media?parent=42482"}],"wp:term":[{"taxonomy":"category","embeddable":true,"href":"https:\/\/armstrongyregion.com.ar\/diario\/wp-json\/wp\/v2\/categories?post=42482"},{"taxonomy":"post_tag","embeddable":true,"href":"https:\/\/armstrongyregion.com.ar\/diario\/wp-json\/wp\/v2\/tags?post=42482"}],"curies":[{"name":"wp","href":"https:\/\/api.w.org\/{rel}","templated":true}]}}