{"id":42464,"date":"2024-04-17T01:53:28","date_gmt":"2024-04-17T01:53:28","guid":{"rendered":"https:\/\/armstrongyregion.com.ar\/diario\/?p=42464"},"modified":"2024-04-17T01:53:31","modified_gmt":"2024-04-17T01:53:31","slug":"clara-garcia-la-region-centro-es-cosa-seria-por-eso-se-debe-respetar-a-sus-gobernadores-y-sus-politicas-de-desarrollo","status":"publish","type":"post","link":"https:\/\/armstrongyregion.com.ar\/diario\/clara-garcia-la-region-centro-es-cosa-seria-por-eso-se-debe-respetar-a-sus-gobernadores-y-sus-politicas-de-desarrollo\/","title":{"rendered":"Clara Garc\u00eda: \u00abLa regi\u00f3n Centro es cosa seria, por eso se debe respetar a sus gobernadores y sus pol\u00edticas de desarrollo\u00bb."},"content":{"rendered":"\n<figure class=\"wp-block-image size-full\"><a href=\"http:\/\/armstrongyregion.com.ar\/diario\/wp-content\/uploads\/2024\/04\/clara-garcia-1.jpg\"><img loading=\"lazy\" decoding=\"async\" width=\"640\" height=\"428\" src=\"http:\/\/armstrongyregion.com.ar\/diario\/wp-content\/uploads\/2024\/04\/clara-garcia-1.jpg\" alt=\"\" class=\"wp-image-42465\" srcset=\"https:\/\/armstrongyregion.com.ar\/diario\/wp-content\/uploads\/2024\/04\/clara-garcia-1.jpg 640w, https:\/\/armstrongyregion.com.ar\/diario\/wp-content\/uploads\/2024\/04\/clara-garcia-1-300x201.jpg 300w\" sizes=\"auto, (max-width: 640px) 100vw, 640px\" \/><\/a><\/figure>\n\n\n\n<p>La presidenta de la C\u00e1mara de Diputadas y Diputados particip\u00f3 del encuentro donde el gobernador Pullaro asumi\u00f3 la presidencia del bloque de integraci\u00f3n regional conformado por las provincias de C\u00f3rdoba, Entre R\u00edos y Santa Fe.<\/p>\n\n\n\n<figure class=\"wp-block-image size-full\"><a href=\"http:\/\/armstrongyregion.com.ar\/diario\/wp-content\/uploads\/2024\/04\/clara-garcia-2.jpg\"><img loading=\"lazy\" decoding=\"async\" width=\"640\" height=\"426\" src=\"http:\/\/armstrongyregion.com.ar\/diario\/wp-content\/uploads\/2024\/04\/clara-garcia-2.jpg\" alt=\"\" class=\"wp-image-42466\" srcset=\"https:\/\/armstrongyregion.com.ar\/diario\/wp-content\/uploads\/2024\/04\/clara-garcia-2.jpg 640w, https:\/\/armstrongyregion.com.ar\/diario\/wp-content\/uploads\/2024\/04\/clara-garcia-2-300x200.jpg 300w\" sizes=\"auto, (max-width: 640px) 100vw, 640px\" \/><\/a><\/figure>\n\n\n\n<p>La presidenta de la C\u00e1mara de Diputadas y Diputados, Clara Garc\u00eda, particip\u00f3 en Santa Fe del encuentro con autoridades y referentes de la sociedad civil de la Regi\u00f3n Centro, marco en el cual el gobernador Maximiliano Pullaro asumi\u00f3 la presidencia Pro T\u00e9mpore del bloque de integraci\u00f3n regional conformado por las provincias de Santa Fe, C\u00f3rdoba y Entre R\u00edos. \u201cLa Regi\u00f3n Centro es cosa seria\u201d, asever\u00f3 la presidenta de la C\u00e1mara baja durante la actividad desarrollada en La Redonda, en la capital santafesina. <\/p>\n\n\n\n<figure class=\"wp-block-image size-full\"><a href=\"http:\/\/armstrongyregion.com.ar\/diario\/wp-content\/uploads\/2024\/04\/clara-garcia-3.jpg\"><img loading=\"lazy\" decoding=\"async\" width=\"640\" height=\"426\" src=\"http:\/\/armstrongyregion.com.ar\/diario\/wp-content\/uploads\/2024\/04\/clara-garcia-3.jpg\" alt=\"\" class=\"wp-image-42467\" srcset=\"https:\/\/armstrongyregion.com.ar\/diario\/wp-content\/uploads\/2024\/04\/clara-garcia-3.jpg 640w, https:\/\/armstrongyregion.com.ar\/diario\/wp-content\/uploads\/2024\/04\/clara-garcia-3-300x200.jpg 300w\" sizes=\"auto, (max-width: 640px) 100vw, 640px\" \/><\/a><\/figure>\n\n\n\n<p>\u201cHay que escuchar a estos tres gobernadores, respetar sus recursos, sus planes de gobierno, la infraestructura que requieren, el empleo digno que se crea a partir de sus pol\u00edticas de desarrollo para que la gente viva mejor\u201d, reclam\u00f3 ante la presencia del ministro del Interior de la Naci\u00f3n, Guillermo Francos; los gobernadores de Entre R\u00edos, Rogelio Frigerio; y de C\u00f3rdoba, Mart\u00edn Llaryora; legisladores y funcionarios de las tres provincias. Garc\u00eda resalt\u00f3 el \u201cesp\u00edritu federal\u201d de la convocatoria a la vez que mencion\u00f3 \u201cla tensi\u00f3n no resuelta entre las provincias y el poder central; entre la fortaleza de los territorios del interior, all\u00ed donde vive la gente; y las decisiones que se toman desde lejos y a veces van en contra de la pujanza agroindustrial de la Regi\u00f3n Centro, del turismo, de la ciencia, la tecnolog\u00eda y la innovaci\u00f3n; de todos los sectores que tanta riqueza aportan a la Naci\u00f3n y que han trabajado en los foros de este bloque durante a\u00f1os\u201d. <\/p>\n\n\n\n<p>En ese marco, se comprometi\u00f3 a impulsar desde la C\u00e1mara de Diputadas y Diputados de Santa Fe, y junto a los legisladores de Entre R\u00edos y C\u00f3rdoba, \u201cuna agenda de trabajo vibrante, republicana, democr\u00e1tica y amplia. Nos proponemos \u2013precis\u00f3- armonizar aquellos marcos normativos para facilitar la tarea a nuestros mandatarios y hacer m\u00e1s grandes a las tres provincias. Hoy empieza un muy buen camino\u201d, augur\u00f3. En su alocuci\u00f3n, expres\u00f3 su \u201cespecial admiraci\u00f3n por (el exgobernador Carlos) Sylvestre Begnis, quien dijo que el federalismo deb\u00eda se integrador y junto con (su par entrerriano Ra\u00fal) Uranga impuls\u00f3 la construcci\u00f3n del T\u00fanel Subfluvial hace m\u00e1s de sesenta a\u00f1os\u201d. En ese momento tambi\u00e9n record\u00f3 al exgobernador Hermes Binner, a quien consider\u00f3 \u201cel padre del federalismo fiscal\u201d por reclamar en 2010 ante la Corte Suprema de Justicia de la Naci\u00f3n los fondos coparticipables indebidamente descontados a Santa Fe por el gobierno nacional durante a\u00f1os. <\/p>\n\n\n\n<p>En 2015 el fallo favorable del m\u00e1ximo tribunal se tradujo en un beneficio para el conjunto de las provincias.<\/p>\n","protected":false},"excerpt":{"rendered":"<p>Clara Garc\u00eda: \u00abLa regi\u00f3n Centro es cosa seria, por eso se debe respetar a sus gobernadores y sus pol\u00edticas de desarrollo\u00bb.<\/p>\n","protected":false},"author":1,"featured_media":42466,"comment_status":"open","ping_status":"open","sticky":false,"template":"","format":"image","meta":{"_jetpack_memberships_contains_paid_content":false,"footnotes":"","jetpack_publicize_message":"","jetpack_publicize_feature_enabled":true,"jetpack_social_post_already_shared":true,"jetpack_social_options":{"image_generator_settings":{"template":"highway","default_image_id":0,"enabled":false},"version":2}},"categories":[8,1,2,7,3],"tags":[5016,9196,5030,139,10521,8777,10523],"class_list":["post-42464","post","type-post","status-publish","format-image","has-post-thumbnail","hentry","category-deliberando","category-diario-armstrong","category-locales","category-politica","category-region","tag-armstrong-y-region","tag-clara-garcia","tag-diario-armstrong","tag-es","tag-la-region-centro","tag-lic-graciela-de-la-casa","tag-seria-2","post_format-post-format-image"],"jetpack_publicize_connections":[],"jetpack_featured_media_url":"https:\/\/armstrongyregion.com.ar\/diario\/wp-content\/uploads\/2024\/04\/clara-garcia-2.jpg","jetpack_shortlink":"https:\/\/wp.me\/p62QDO-b2U","jetpack_sharing_enabled":true,"amp_enabled":true,"_links":{"self":[{"href":"https:\/\/armstrongyregion.com.ar\/diario\/wp-json\/wp\/v2\/posts\/42464","targetHints":{"allow":["GET"]}}],"collection":[{"href":"https:\/\/armstrongyregion.com.ar\/diario\/wp-json\/wp\/v2\/posts"}],"about":[{"href":"https:\/\/armstrongyregion.com.ar\/diario\/wp-json\/wp\/v2\/types\/post"}],"author":[{"embeddable":true,"href":"https:\/\/armstrongyregion.com.ar\/diario\/wp-json\/wp\/v2\/users\/1"}],"replies":[{"embeddable":true,"href":"https:\/\/armstrongyregion.com.ar\/diario\/wp-json\/wp\/v2\/comments?post=42464"}],"version-history":[{"count":1,"href":"https:\/\/armstrongyregion.com.ar\/diario\/wp-json\/wp\/v2\/posts\/42464\/revisions"}],"predecessor-version":[{"id":42468,"href":"https:\/\/armstrongyregion.com.ar\/diario\/wp-json\/wp\/v2\/posts\/42464\/revisions\/42468"}],"wp:featuredmedia":[{"embeddable":true,"href":"https:\/\/armstrongyregion.com.ar\/diario\/wp-json\/wp\/v2\/media\/42466"}],"wp:attachment":[{"href":"https:\/\/armstrongyregion.com.ar\/diario\/wp-json\/wp\/v2\/media?parent=42464"}],"wp:term":[{"taxonomy":"category","embeddable":true,"href":"https:\/\/armstrongyregion.com.ar\/diario\/wp-json\/wp\/v2\/categories?post=42464"},{"taxonomy":"post_tag","embeddable":true,"href":"https:\/\/armstrongyregion.com.ar\/diario\/wp-json\/wp\/v2\/tags?post=42464"}],"curies":[{"name":"wp","href":"https:\/\/api.w.org\/{rel}","templated":true}]}}