{"id":42460,"date":"2024-04-17T01:38:51","date_gmt":"2024-04-17T01:38:51","guid":{"rendered":"https:\/\/armstrongyregion.com.ar\/diario\/?p=42460"},"modified":"2024-04-17T01:38:52","modified_gmt":"2024-04-17T01:38:52","slug":"reconocimiento-provincial-a-margarita-filiputti","status":"publish","type":"post","link":"https:\/\/armstrongyregion.com.ar\/diario\/reconocimiento-provincial-a-margarita-filiputti\/","title":{"rendered":"Reconocimiento provincial a Margarita Filiputti."},"content":{"rendered":"\n<figure class=\"wp-block-image size-full\"><a href=\"http:\/\/armstrongyregion.com.ar\/diario\/wp-content\/uploads\/2024\/04\/margarita-filliputti-2-.jpg\"><img loading=\"lazy\" decoding=\"async\" width=\"397\" height=\"430\" src=\"http:\/\/armstrongyregion.com.ar\/diario\/wp-content\/uploads\/2024\/04\/margarita-filliputti-2-.jpg\" alt=\"\" class=\"wp-image-42461\" srcset=\"https:\/\/armstrongyregion.com.ar\/diario\/wp-content\/uploads\/2024\/04\/margarita-filliputti-2-.jpg 397w, https:\/\/armstrongyregion.com.ar\/diario\/wp-content\/uploads\/2024\/04\/margarita-filliputti-2--277x300.jpg 277w\" sizes=\"auto, (max-width: 397px) 100vw, 397px\" \/><\/a><\/figure>\n\n\n\n<p>En el marco del D\u00eda Internacional de la Mujer, el Gobierno de la Provincia de Santa Fe reconoci\u00f3 la<br>trayectoria a mujeres que se destacaron en distintas luchas, y la Sra. Margarita Filiputti fue la<br>homenajeada de la ciudad de Armstrong.<\/p>\n\n\n\n<figure class=\"wp-block-image size-full\"><a href=\"http:\/\/armstrongyregion.com.ar\/diario\/wp-content\/uploads\/2024\/04\/Margarita-Filiputti-1-.jpg\"><img loading=\"lazy\" decoding=\"async\" width=\"800\" height=\"450\" src=\"http:\/\/armstrongyregion.com.ar\/diario\/wp-content\/uploads\/2024\/04\/Margarita-Filiputti-1-.jpg\" alt=\"\" class=\"wp-image-42462\" srcset=\"https:\/\/armstrongyregion.com.ar\/diario\/wp-content\/uploads\/2024\/04\/Margarita-Filiputti-1-.jpg 800w, https:\/\/armstrongyregion.com.ar\/diario\/wp-content\/uploads\/2024\/04\/Margarita-Filiputti-1--300x169.jpg 300w, https:\/\/armstrongyregion.com.ar\/diario\/wp-content\/uploads\/2024\/04\/Margarita-Filiputti-1--768x432.jpg 768w\" sizes=\"auto, (max-width: 800px) 100vw, 800px\" \/><\/a><\/figure>\n\n\n\n<p><br>La actividad se llev\u00f3 a cabo en la Sede de Gobernaci\u00f3n de Rosario y fue encabezada por la ministra<br>de Igualdad y Desarrollo Humano, Mar\u00eda Victoria Tejeda; el ministro de Justicia y Seguridad Social,<br>Pablo Cococcioni; y el secretario general Juan Cruz C\u00e1ndido.<br>En el marco de la jornada \u201cGrandes Mujeres\u201d, desde la Direcci\u00f3n de Promoci\u00f3n Comunitaria de la<br>Municipalidad de Armstrong se destac\u00f3 la trayectoria de Margarita a quien consideran re\u00fane las<br>condiciones para ser reconocida en agradecimiento a las contribuciones por ella brindadas a nuestra<br>comunidad en el \u00e1mbito cultural desde lo literario como escritora. Forma parte de la Comisi\u00f3n<br>Directiva de la Biblioteca Popular Sarmiento y se reconoce su labor desinteresada en ayuda al<br>pr\u00f3jimo con adultos mayores institucionalizados en hogares de la localidad.<br>Este a\u00f1o fue distinguida con el Diploma de Honor del grupo literario \u201cEl Ba\u00fal del B\u00faho\u201d por haber<br>formalizado una revista con los escritos de un adulto mayor que deseaba retratar su vida.<\/p>\n","protected":false},"excerpt":{"rendered":"<p>Reconocimiento provincial a Margarita Filiputti.<\/p>\n","protected":false},"author":1,"featured_media":42461,"comment_status":"open","ping_status":"open","sticky":false,"template":"","format":"image","meta":{"_jetpack_memberships_contains_paid_content":false,"footnotes":"","jetpack_publicize_message":"","jetpack_publicize_feature_enabled":true,"jetpack_social_post_already_shared":true,"jetpack_social_options":{"image_generator_settings":{"template":"highway","default_image_id":0,"enabled":false},"version":2}},"categories":[8,1,2,7,3],"tags":[20,10520,9924,16,1665,10519,8777,10518,60],"class_list":["post-42460","post","type-post","status-publish","format-image","has-post-thumbnail","hentry","category-deliberando","category-diario-armstrong","category-locales","category-politica","category-region","tag-armstrong","tag-dia-de-la-mujer-2","tag-diario-armstrong-y-region-2","tag-el","tag-fue","tag-homenajeada","tag-lic-graciela-de-la-casa","tag-margarita-filliputti","tag-por","post_format-post-format-image"],"jetpack_publicize_connections":[],"jetpack_featured_media_url":"https:\/\/armstrongyregion.com.ar\/diario\/wp-content\/uploads\/2024\/04\/margarita-filliputti-2-.jpg","jetpack_shortlink":"https:\/\/wp.me\/p62QDO-b2Q","jetpack_sharing_enabled":true,"amp_enabled":true,"_links":{"self":[{"href":"https:\/\/armstrongyregion.com.ar\/diario\/wp-json\/wp\/v2\/posts\/42460","targetHints":{"allow":["GET"]}}],"collection":[{"href":"https:\/\/armstrongyregion.com.ar\/diario\/wp-json\/wp\/v2\/posts"}],"about":[{"href":"https:\/\/armstrongyregion.com.ar\/diario\/wp-json\/wp\/v2\/types\/post"}],"author":[{"embeddable":true,"href":"https:\/\/armstrongyregion.com.ar\/diario\/wp-json\/wp\/v2\/users\/1"}],"replies":[{"embeddable":true,"href":"https:\/\/armstrongyregion.com.ar\/diario\/wp-json\/wp\/v2\/comments?post=42460"}],"version-history":[{"count":1,"href":"https:\/\/armstrongyregion.com.ar\/diario\/wp-json\/wp\/v2\/posts\/42460\/revisions"}],"predecessor-version":[{"id":42463,"href":"https:\/\/armstrongyregion.com.ar\/diario\/wp-json\/wp\/v2\/posts\/42460\/revisions\/42463"}],"wp:featuredmedia":[{"embeddable":true,"href":"https:\/\/armstrongyregion.com.ar\/diario\/wp-json\/wp\/v2\/media\/42461"}],"wp:attachment":[{"href":"https:\/\/armstrongyregion.com.ar\/diario\/wp-json\/wp\/v2\/media?parent=42460"}],"wp:term":[{"taxonomy":"category","embeddable":true,"href":"https:\/\/armstrongyregion.com.ar\/diario\/wp-json\/wp\/v2\/categories?post=42460"},{"taxonomy":"post_tag","embeddable":true,"href":"https:\/\/armstrongyregion.com.ar\/diario\/wp-json\/wp\/v2\/tags?post=42460"}],"curies":[{"name":"wp","href":"https:\/\/api.w.org\/{rel}","templated":true}]}}