{"id":42436,"date":"2024-04-14T16:46:36","date_gmt":"2024-04-14T16:46:36","guid":{"rendered":"https:\/\/armstrongyregion.com.ar\/diario\/?p=42436"},"modified":"2024-04-14T16:48:52","modified_gmt":"2024-04-14T16:48:52","slug":"la-secretaria-de-comercio-exterior-georgina-losada-recorrio-el-departamento-junto-al-senador-verdecchia","status":"publish","type":"post","link":"https:\/\/armstrongyregion.com.ar\/diario\/la-secretaria-de-comercio-exterior-georgina-losada-recorrio-el-departamento-junto-al-senador-verdecchia\/","title":{"rendered":"La Secretaria de Comercio Exterior Georgina Losada recorri\u00f3 el departamento junto al Senador Verdecchia."},"content":{"rendered":"\n<figure class=\"wp-block-image size-full\"><a href=\"http:\/\/armstrongyregion.com.ar\/diario\/wp-content\/uploads\/2024\/04\/de-grande-1-.jpg\"><img loading=\"lazy\" decoding=\"async\" width=\"640\" height=\"360\" src=\"http:\/\/armstrongyregion.com.ar\/diario\/wp-content\/uploads\/2024\/04\/de-grande-1-.jpg\" alt=\"\" class=\"wp-image-42437\" srcset=\"https:\/\/armstrongyregion.com.ar\/diario\/wp-content\/uploads\/2024\/04\/de-grande-1-.jpg 640w, https:\/\/armstrongyregion.com.ar\/diario\/wp-content\/uploads\/2024\/04\/de-grande-1--300x169.jpg 300w\" sizes=\"auto, (max-width: 640px) 100vw, 640px\" \/><\/a><\/figure>\n\n\n\n<p><strong>Georgina Losada, en di\u00e1logo con los medios locales expres\u00f3: \u201c Junto al Senador Verdecchia, estuvimos de recorrida por el departamento, en primera instancia fuimos a Bouquet, ya que visitar cada rinc\u00f3n de nuestra provincia es muy gratificante, te encontr\u00e1s con empresas familiares, con historias, con apellidos transgeneracionales, empresas que despu\u00e9s nos representan en el mundo y son banderas de la provincia de Santa Fe\u201d.<\/strong><\/p>\n\n\n\n<figure class=\"wp-block-image size-full\"><a href=\"http:\/\/armstrongyregion.com.ar\/diario\/wp-content\/uploads\/2024\/04\/de-grande-2.jpg\"><img loading=\"lazy\" decoding=\"async\" width=\"640\" height=\"360\" src=\"http:\/\/armstrongyregion.com.ar\/diario\/wp-content\/uploads\/2024\/04\/de-grande-2.jpg\" alt=\"\" class=\"wp-image-42438\" srcset=\"https:\/\/armstrongyregion.com.ar\/diario\/wp-content\/uploads\/2024\/04\/de-grande-2.jpg 640w, https:\/\/armstrongyregion.com.ar\/diario\/wp-content\/uploads\/2024\/04\/de-grande-2-300x169.jpg 300w\" sizes=\"auto, (max-width: 640px) 100vw, 640px\" \/><\/a><\/figure>\n\n\n\n<p>El Senador por su parte dijo: \u201cHemos estado recorriendo distintos rubros el departamento Belgrano si bien se caracteriza por la metal-mec\u00e1nica, recordemos que el 13% de la maquinaria agr\u00edcola sale de nuestro departamento pero no es lo \u00fanico, venimos de visitar en Bouquet una empresa que tiene que ver con lo alimenticio desde el inicio y la trazabilidad de la carne vacuna que termina export\u00e1ndose a distintos lugares del mundo y estas son empresas a tener en cuenta y ah\u00ed apostamos como provincia de Santa Fe\u201d.<\/p>\n\n\n\n<figure class=\"wp-block-image size-full\"><a href=\"http:\/\/armstrongyregion.com.ar\/diario\/wp-content\/uploads\/2024\/04\/de-grande-3-.jpg\"><img loading=\"lazy\" decoding=\"async\" width=\"640\" height=\"360\" src=\"http:\/\/armstrongyregion.com.ar\/diario\/wp-content\/uploads\/2024\/04\/de-grande-3-.jpg\" alt=\"\" class=\"wp-image-42439\" srcset=\"https:\/\/armstrongyregion.com.ar\/diario\/wp-content\/uploads\/2024\/04\/de-grande-3-.jpg 640w, https:\/\/armstrongyregion.com.ar\/diario\/wp-content\/uploads\/2024\/04\/de-grande-3--300x169.jpg 300w\" sizes=\"auto, (max-width: 640px) 100vw, 640px\" \/><\/a><\/figure>\n\n\n\n<p>El legislador, siguiendo la misma l\u00ednea de discurso a\u00f1adi\u00f3: <strong>\u201cLo que nos pide siempre nuestro gobernador tiene que ver con eso, con apoyar permanentemente todo el sector productivo, cuando hablamos de santa fe como locomotora del crecimiento del pa\u00eds, tiene que ver con el mejoramiento de la exportaci\u00f3n ya que muchas empresas del departamento lo est\u00e1n haciendo, un ejemplo de ello es la f\u00e1brica que estamos visitando De Grande S.A., pero muchas empresas de Armstrong lo est\u00e1n haciendo\u201d.<\/strong><\/p>\n\n\n\n<p><strong>\u201cHac\u00eda tiempo que ten\u00edamos programada esta visita y poder trabajar en todo lo que esta fomentando el gobierno provincial desde esta secretar\u00eda con el objetivo de brindar mejores condiciones para la exportaci\u00f3n, siempre apostando a la producci\u00f3n, al trabajo especialmente en momentos cr\u00edticos, mantener las \u00e1reas productivas en funcionamiento es importantisimo\u201d. <\/strong>Finaliz\u00f3 el Senador.<\/p>\n\n\n\n<p>Por su parte Georgina Losada agreg\u00f3,<strong> \u201cEl primer paso de Santa Fe Global es presentar al mundo quienes somos, que producimos, quienes lo producimos, y en ese aspecto radica la importancia de desarrollar y vincular la ciencia con la producci\u00f3n para tener una oferta exportable que realmente sea acorde a las exigencias de los mercados internacionales\u201d.<\/strong><\/p>\n\n\n\n<p>Fotograf\u00edas:<strong> Jorge Oliva FM Sol.<\/strong><\/p>\n","protected":false},"excerpt":{"rendered":"<p>La Secretaria de Comercio Exterior Georgina Losada recorri\u00f3 el departamento junto al Senador Verdecchia.<\/p>\n","protected":false},"author":1,"featured_media":42437,"comment_status":"open","ping_status":"open","sticky":false,"template":"","format":"image","meta":{"_jetpack_memberships_contains_paid_content":false,"footnotes":"","jetpack_publicize_message":"","jetpack_publicize_feature_enabled":true,"jetpack_social_post_already_shared":true,"jetpack_social_options":{"image_generator_settings":{"template":"highway","default_image_id":0,"enabled":false},"version":2}},"categories":[8,1,2,7,3],"tags":[20,10506,5030,8777],"class_list":["post-42436","post","type-post","status-publish","format-image","has-post-thumbnail","hentry","category-deliberando","category-diario-armstrong","category-locales","category-politica","category-region","tag-armstrong","tag-de-grande-s-a","tag-diario-armstrong","tag-lic-graciela-de-la-casa","post_format-post-format-image"],"jetpack_publicize_connections":[],"jetpack_featured_media_url":"https:\/\/armstrongyregion.com.ar\/diario\/wp-content\/uploads\/2024\/04\/de-grande-1-.jpg","jetpack_shortlink":"https:\/\/wp.me\/p62QDO-b2s","jetpack_sharing_enabled":true,"amp_enabled":true,"_links":{"self":[{"href":"https:\/\/armstrongyregion.com.ar\/diario\/wp-json\/wp\/v2\/posts\/42436","targetHints":{"allow":["GET"]}}],"collection":[{"href":"https:\/\/armstrongyregion.com.ar\/diario\/wp-json\/wp\/v2\/posts"}],"about":[{"href":"https:\/\/armstrongyregion.com.ar\/diario\/wp-json\/wp\/v2\/types\/post"}],"author":[{"embeddable":true,"href":"https:\/\/armstrongyregion.com.ar\/diario\/wp-json\/wp\/v2\/users\/1"}],"replies":[{"embeddable":true,"href":"https:\/\/armstrongyregion.com.ar\/diario\/wp-json\/wp\/v2\/comments?post=42436"}],"version-history":[{"count":2,"href":"https:\/\/armstrongyregion.com.ar\/diario\/wp-json\/wp\/v2\/posts\/42436\/revisions"}],"predecessor-version":[{"id":42441,"href":"https:\/\/armstrongyregion.com.ar\/diario\/wp-json\/wp\/v2\/posts\/42436\/revisions\/42441"}],"wp:featuredmedia":[{"embeddable":true,"href":"https:\/\/armstrongyregion.com.ar\/diario\/wp-json\/wp\/v2\/media\/42437"}],"wp:attachment":[{"href":"https:\/\/armstrongyregion.com.ar\/diario\/wp-json\/wp\/v2\/media?parent=42436"}],"wp:term":[{"taxonomy":"category","embeddable":true,"href":"https:\/\/armstrongyregion.com.ar\/diario\/wp-json\/wp\/v2\/categories?post=42436"},{"taxonomy":"post_tag","embeddable":true,"href":"https:\/\/armstrongyregion.com.ar\/diario\/wp-json\/wp\/v2\/tags?post=42436"}],"curies":[{"name":"wp","href":"https:\/\/api.w.org\/{rel}","templated":true}]}}