{"id":42433,"date":"2024-04-14T13:04:09","date_gmt":"2024-04-14T13:04:09","guid":{"rendered":"https:\/\/armstrongyregion.com.ar\/diario\/?p=42433"},"modified":"2024-04-14T13:04:12","modified_gmt":"2024-04-14T13:04:12","slug":"pullaro-asumimos-el-compromiso-que-muchos-jovenes-tengan-la-perspectiva-de-un-futuro-mucho-mejor-que-su-presente","status":"publish","type":"post","link":"https:\/\/armstrongyregion.com.ar\/diario\/pullaro-asumimos-el-compromiso-que-muchos-jovenes-tengan-la-perspectiva-de-un-futuro-mucho-mejor-que-su-presente\/","title":{"rendered":"Pullaro: \u201cAsumimos el compromiso que muchos j\u00f3venes tengan la perspectiva de un futuro mucho mejor que su presente\u201d"},"content":{"rendered":"\n<figure class=\"wp-block-image size-full\"><a href=\"http:\/\/armstrongyregion.com.ar\/diario\/wp-content\/uploads\/2024\/04\/Meyer-Proyectos-jovenes-.jpg\"><img loading=\"lazy\" decoding=\"async\" width=\"800\" height=\"534\" src=\"http:\/\/armstrongyregion.com.ar\/diario\/wp-content\/uploads\/2024\/04\/Meyer-Proyectos-jovenes-.jpg\" alt=\"\" class=\"wp-image-42434\" srcset=\"https:\/\/armstrongyregion.com.ar\/diario\/wp-content\/uploads\/2024\/04\/Meyer-Proyectos-jovenes-.jpg 800w, https:\/\/armstrongyregion.com.ar\/diario\/wp-content\/uploads\/2024\/04\/Meyer-Proyectos-jovenes--300x200.jpg 300w, https:\/\/armstrongyregion.com.ar\/diario\/wp-content\/uploads\/2024\/04\/Meyer-Proyectos-jovenes--768x513.jpg 768w\" sizes=\"auto, (max-width: 800px) 100vw, 800px\" \/><\/a><\/figure>\n\n\n\n<h2 class=\"wp-block-heading\">Se firmaron m\u00e1s convenios para optimizar recursos destinados a la protecci\u00f3n integral de ni\u00f1ez y adolescencia, esta vez con localidades del sur santafesino. Las partidas para esa finalidad aumentaron entre 300% y 500%.<\/h2>\n\n\n\n<p>El gobernador Maximiliano Pullaro y la ministra de Igualdad y Desarrollo Humano, Mar\u00eda Victoria Tejeda, firmaron convenios correspondientes al programa \u201cServicios Locales de Promoci\u00f3n y Protecci\u00f3n de Derechos\u201d, junto a intendentes y presidentes comunales de los departamentos San Martin, Belgrano, Iriondo, San Lorenzo, Rosario, Caseros, Constituci\u00f3n y General L\u00f3pez.<\/p>\n\n\n\n<p>Durante la actividad, se suscribi\u00f3 un compromiso para el fortalecimiento del Sistema de Promoci\u00f3n y Protecci\u00f3n de los Derechos de Ni\u00f1as, Ni\u00f1os y Adolescentes, y que otorga un rol m\u00e1s activo a los gobiernos locales. En ese marco, se otorga un aumento de entre 300% y 500% en las partidas para protecci\u00f3n de infancias y adolescentes.<\/p>\n\n\n\n<p>En la oportunidad, el gobernador destac\u00f3: \u201cA nadie se le escapa que, los a\u00f1os anteriores, tuvimos los \u00edndices m\u00e1s altos de violencia de Argentina. Uno tiene que dise\u00f1ar pol\u00edticas p\u00fablicas que le permitan abordar las problem\u00e1ticas y trabajar para ir mejorando cada uno de esos indicadores. Y uno define la prioridad que tienen las pol\u00edticas p\u00fablicas en funci\u00f3n de la asignaci\u00f3n presupuestaria que se da a cada una de ellas\u201d.<\/p>\n\n\n\n<p>A continuaci\u00f3n, Pullaro dijo que el gobierno provincial tiene dos \u00e1reas prioritarias: \u201cUna de esas \u00e1reas, por supuesto, es seguridad p\u00fablica, pero la otra tiene que ver con desarrollo social, particularmente con la mirada que tenemos las pol\u00edticas de ni\u00f1ez\u201d.<\/p>\n\n\n\n<p>Luego, el Gobernador remarc\u00f3 la necesidad de \u201ctener herramientas que contengan\u201d, \u201cque le den perspectiva de futuro a los chicos. Por eso, el desaf\u00edo del gobierno provincial hoy tiene que ver con c\u00f3mo dise\u00f1amos pol\u00edticas p\u00fablicas que tengan un impacto positivo, que a los chicos los puedan hacer felices y mostrar que hay un camino y que el gobierno est\u00e1 acompa\u00f1\u00e1ndolos para que puedan salir adelante, progresar, ir a la escuela, estudiar, tener la salud. Este convenio que estamos firmando tiene que ver con un compromiso de los diferentes niveles del gobierno de la provincia de Santa Fe\u201d, agreg\u00f3.<\/p>\n\n\n\n<p>Finalmente, concluy\u00f3: \u201cAsumimos el inmenso compromiso de que, cuando termine nuestra gesti\u00f3n al frente del gobierno provincial, vamos a haber puesto un grano de arena para mejorar la seguridad p\u00fablica, para reducir la violencia, pero fundamentalmente para que muchos j\u00f3venes santafesinos tengan la perspectiva de un futuro mucho mejor que su presente\u201d.<\/p>\n\n\n\n<p>Cabe recordar, que previamente se firmaron acuerdos similares con el resto de los departamentos: San Crist\u00f3bal, San Jer\u00f3nimo, 9 de Julio, Vera, General Obligado, San Justo, San Javier, Garay, La Capital, Las Colonias y Castellanos.<\/p>\n\n\n\n<figure class=\"wp-block-image\"><img decoding=\"async\" src=\"https:\/\/www.santafe.gob.ar\/noticias\/recursos\/fotos\/2024\/04\/2024-04-12NID_280072O_2.jpeg\" alt=\"\"\/><\/figure>\n\n\n\n<p><strong>Una verdadera pol\u00edtica p\u00fablica<\/strong><\/p>\n\n\n\n<p>El acto se desarroll\u00f3 este viernes, en la Sala Rodolfo Walsh de la sede de Gobierno de la ciudad de Rosario con la presencia del ministro de Gobierno e Innovaci\u00f3n P\u00fablica, Fabi\u00e1n Bastia; de la senadora nacional, Carolina Losada; y de los senadores provinciales Germ\u00e1n Giacomino, Hugo Rasetto y Esteban Motta.<\/p>\n\n\n\n<p>La ministra Tejeda manifest\u00f3: \u201cEl gobernador ha decidido que la prioridad de la gesti\u00f3n de este ministerio sea ni\u00f1ez. Esto es una verdadera pol\u00edtica p\u00fablica: nosotros estamos invirtiendo un 300% m\u00e1s, y hasta un 500%, en los nuevos convenios de ni\u00f1ez que tienen que ver con fortalecer el trabajo en los municipios y comunas. En un contexto nacional dif\u00edcil, \u00e9sta es la clara demostraci\u00f3n de que tenemos un gobierno provincial que est\u00e1 presente\u201d, dijo.<\/p>\n\n\n\n<p>La funcionaria resalt\u00f3: \u201cDesde el estado provincial, solos no podemos, esto es una invitaci\u00f3n a que trabajemos en conjunto por los ni\u00f1os, ni\u00f1as y adolescentes. Esta es una pol\u00edtica que nos tiene que unir\u201d.<\/p>\n\n\n\n<p>Por otro lado, secretaria Provincial de Ni\u00f1ez, Adolescencia y Familia, Daniela Le\u00f3n, record\u00f3 que \u201cla situaci\u00f3n de la ni\u00f1ez en Argentina, y Santa Fe no escapa a ello, hoy es tr\u00e1gica\u201d, ya que, seg\u00fan Unicef, \u201cel 69% de las ni\u00f1as, ni\u00f1os y adolescentes de Argentina son pobres\u201d. \u201cSon pobres no solo por ingresos, tambi\u00e9n son pobres porque est\u00e1n privados de la posibilidad de acceder a los derechos b\u00e1sicos como el agua, vivienda, protecci\u00f3n social, h\u00e1bitat seguro\u201d, explic\u00f3 y agreg\u00f3: \u201cCuando se le asigna recursos a una pol\u00edtica, eso se transforma en una verdadera pol\u00edtica p\u00fablica y, para este gobierno, ni\u00f1ez es una real y verdadera pol\u00edtica p\u00fablica\u201d.<\/p>\n\n\n\n<p>Sobre el final, la presidenta de la C\u00e1mara de Diputados, Clara Garc\u00eda, dirigi\u00e9ndose a los representantes de municipios y comuna, indic\u00f3: \u201cNos convoca un tema complejo que duele, que preocupa y ocupa. Sin embargo, hay un clima esperanzador, porque el gobernador dispone firmar con cada uno de ustedes estos convenios para decirles que tienen mucha responsabilidad y que los apoyamos\u201d.<\/p>\n\n\n\n<figure class=\"wp-block-image\"><img decoding=\"async\" src=\"https:\/\/www.santafe.gob.ar\/noticias\/recursos\/fotos\/2024\/04\/2024-04-12NID_280072O_3.jpeg\" alt=\"\"\/><\/figure>\n\n\n\n<h3 class=\"wp-block-heading\"><\/h3>\n","protected":false},"excerpt":{"rendered":"<p>Pullaro: \u201cAsumimos el compromiso que muchos j\u00f3venes tengan la perspectiva de un futuro mucho mejor que su presente\u201d<\/p>\n","protected":false},"author":1,"featured_media":42434,"comment_status":"open","ping_status":"open","sticky":false,"template":"","format":"image","meta":{"_jetpack_memberships_contains_paid_content":false,"footnotes":"","jetpack_publicize_message":"","jetpack_publicize_feature_enabled":true,"jetpack_social_post_already_shared":true,"jetpack_social_options":{"image_generator_settings":{"template":"highway","default_image_id":0,"enabled":false},"version":2}},"categories":[8,1,2,7,3],"tags":[10504,2572,5030,9924,10505,9783,9171,8883,8777,2846],"class_list":["post-42433","post","type-post","status-publish","format-image","has-post-thumbnail","hentry","category-deliberando","category-diario-armstrong","category-locales","category-politica","category-region","tag-asumimos","tag-compromiso","tag-diario-armstrong","tag-diario-armstrong-y-region-2","tag-futuro-mejor","tag-javier-meyer","tag-jovenes-2","tag-las-rosas-2","tag-lic-graciela-de-la-casa","tag-pullaro","post_format-post-format-image"],"jetpack_publicize_connections":[],"jetpack_featured_media_url":"https:\/\/armstrongyregion.com.ar\/diario\/wp-content\/uploads\/2024\/04\/Meyer-Proyectos-jovenes-.jpg","jetpack_shortlink":"https:\/\/wp.me\/p62QDO-b2p","jetpack_sharing_enabled":true,"amp_enabled":true,"_links":{"self":[{"href":"https:\/\/armstrongyregion.com.ar\/diario\/wp-json\/wp\/v2\/posts\/42433","targetHints":{"allow":["GET"]}}],"collection":[{"href":"https:\/\/armstrongyregion.com.ar\/diario\/wp-json\/wp\/v2\/posts"}],"about":[{"href":"https:\/\/armstrongyregion.com.ar\/diario\/wp-json\/wp\/v2\/types\/post"}],"author":[{"embeddable":true,"href":"https:\/\/armstrongyregion.com.ar\/diario\/wp-json\/wp\/v2\/users\/1"}],"replies":[{"embeddable":true,"href":"https:\/\/armstrongyregion.com.ar\/diario\/wp-json\/wp\/v2\/comments?post=42433"}],"version-history":[{"count":1,"href":"https:\/\/armstrongyregion.com.ar\/diario\/wp-json\/wp\/v2\/posts\/42433\/revisions"}],"predecessor-version":[{"id":42435,"href":"https:\/\/armstrongyregion.com.ar\/diario\/wp-json\/wp\/v2\/posts\/42433\/revisions\/42435"}],"wp:featuredmedia":[{"embeddable":true,"href":"https:\/\/armstrongyregion.com.ar\/diario\/wp-json\/wp\/v2\/media\/42434"}],"wp:attachment":[{"href":"https:\/\/armstrongyregion.com.ar\/diario\/wp-json\/wp\/v2\/media?parent=42433"}],"wp:term":[{"taxonomy":"category","embeddable":true,"href":"https:\/\/armstrongyregion.com.ar\/diario\/wp-json\/wp\/v2\/categories?post=42433"},{"taxonomy":"post_tag","embeddable":true,"href":"https:\/\/armstrongyregion.com.ar\/diario\/wp-json\/wp\/v2\/tags?post=42433"}],"curies":[{"name":"wp","href":"https:\/\/api.w.org\/{rel}","templated":true}]}}