{"id":42421,"date":"2024-04-13T02:13:21","date_gmt":"2024-04-13T02:13:21","guid":{"rendered":"https:\/\/armstrongyregion.com.ar\/diario\/?p=42421"},"modified":"2024-04-13T02:13:23","modified_gmt":"2024-04-13T02:13:23","slug":"convocatoria-asamblea-general-ordinaria-centro-de-jubilados-y-pensionados-avatares","status":"publish","type":"post","link":"https:\/\/armstrongyregion.com.ar\/diario\/convocatoria-asamblea-general-ordinaria-centro-de-jubilados-y-pensionados-avatares\/","title":{"rendered":"CONVOCATORIA. Asamblea General Ordinaria Centro de Jubilados y Pensionados AVATARES."},"content":{"rendered":"\n<figure class=\"wp-block-image size-full\"><a href=\"http:\/\/armstrongyregion.com.ar\/diario\/wp-content\/uploads\/2024\/04\/centro-jubilados-avatares-.jpg\"><img loading=\"lazy\" decoding=\"async\" width=\"800\" height=\"508\" src=\"http:\/\/armstrongyregion.com.ar\/diario\/wp-content\/uploads\/2024\/04\/centro-jubilados-avatares-.jpg\" alt=\"\" class=\"wp-image-42422\" srcset=\"https:\/\/armstrongyregion.com.ar\/diario\/wp-content\/uploads\/2024\/04\/centro-jubilados-avatares-.jpg 800w, https:\/\/armstrongyregion.com.ar\/diario\/wp-content\/uploads\/2024\/04\/centro-jubilados-avatares--300x191.jpg 300w, https:\/\/armstrongyregion.com.ar\/diario\/wp-content\/uploads\/2024\/04\/centro-jubilados-avatares--768x488.jpg 768w\" sizes=\"auto, (max-width: 800px) 100vw, 800px\" \/><\/a><\/figure>\n\n\n\n<p>Se\u00f1ores Asociados:&nbsp;<\/p>\n\n\n\n<p>De acuerdo a lo dispuesto por los art\u00edculos 59 a 65 del Estatuto, <strong>se <\/strong>convoca a ASAMBLEA GENERAL ORDINARIA, en el Domicilio de la Asociaci\u00f3n, sita en calle Crucianelli N\u00b0 764 de Armstrong, Provincia de Santa Fe, para el d\u00eda 29 de abril de 2024 a las 11:00 horas en primera convocatoria y 12:00 horas en segunda convocatoria, <strong>para <\/strong>tratar el siguiente:&nbsp;<\/p>\n\n\n\n<p><strong>ORDEN <\/strong>DEL <strong>DIA&nbsp;<\/strong><\/p>\n\n\n\n<p><strong>1<\/strong>\u00b0) Elecci\u00f3n de un socio para que presida la Asamblea.&nbsp;<\/p>\n\n\n\n<p>2o) Designaci\u00f3n de dos asamble\u00edstas para que conjuntamente con el Presidente y Secretario aprueben y firmen el Acta de Asamblea.-&nbsp;<\/p>\n\n\n\n<p>3\u00b0) Consideraci\u00f3n de la Memoria, Estado de Situaci\u00f3n Patrimonial, Estado de Recursos y Gastos, Estado de Flujo de Efectivo, Estado de Evoluci\u00f3n del Patrimonio Neto, Anexos y Notas a los Estados Contables, Informe del Auditor e Informe del S\u00edndico correspondiente al 13\u00b0 ejercicio social cerrado al 31 de diciembre de 2023.-&nbsp;<\/p>\n\n\n\n<p>5o) Renovaci\u00f3n de la Comisi\u00f3n Directiva con elecci\u00f3n de cinco miembros por finalizaci\u00f3n de sus respectivos mandatos: Cargos a Renovar: Presidente, Vicepresidente, Secretario, 1\u00b0 Vocal Suplente, Sindico Suplente.&nbsp;<\/p>\n\n\n\n<p>No habiendo qu\u00f3rum a la hora fijada, la asamblea sesionara v\u00e1lidamente 1 hora despu\u00e9s con los miembros presentes.&nbsp;<\/p>\n\n\n\n<p>Sin otro particular y esperando contar con su presencia, lo saludamos atentamente.&nbsp;<\/p>\n\n\n\n<p>Agradeciendo desde ya Vuestra valiosa colaboraci\u00f3n, saludan a Uds. muy atte.&nbsp;<\/p>\n\n\n\n<p><\/p>\n\n\n\n<p><strong>GABRIELA BURZI-  SECRETARIA\u00a0<\/strong><\/p>\n\n\n\n<p><strong>MARCANTONI ARMANDO<\/strong>&#8211; <strong>PRESIDENTE\u00a0<\/strong><\/p>\n\n\n\n<p><strong>\u00abCENTRO DE JUBILADOS PENSIONADOS NACIONALES ARMSTRONG\u00bb\u00a0<\/strong><\/p>\n\n\n\n<p><\/p>\n\n\n\n<p><\/p>\n","protected":false},"excerpt":{"rendered":"<p>CONVOCATORIA. Asamblea General Ordinaria Centro de Jubilados y Pensionados AVATARES.<\/p>\n","protected":false},"author":1,"featured_media":42422,"comment_status":"open","ping_status":"open","sticky":false,"template":"","format":"image","meta":{"_jetpack_memberships_contains_paid_content":false,"footnotes":"","jetpack_publicize_message":"","jetpack_publicize_feature_enabled":true,"jetpack_social_post_already_shared":true,"jetpack_social_options":{"image_generator_settings":{"template":"highway","default_image_id":0,"enabled":false},"version":2}},"categories":[8,1,2,7,3],"tags":[1346,3289,21,19,5030,9924,1347,1951,8777,9092],"class_list":["post-42421","post","type-post","status-publish","format-image","has-post-thumbnail","hentry","category-deliberando","category-diario-armstrong","category-locales","category-politica","category-region","tag-asamblea","tag-avatares","tag-centro","tag-de","tag-diario-armstrong","tag-diario-armstrong-y-region-2","tag-general","tag-jubilados","tag-lic-graciela-de-la-casa","tag-ordinaria-2","post_format-post-format-image"],"jetpack_publicize_connections":[],"jetpack_featured_media_url":"https:\/\/armstrongyregion.com.ar\/diario\/wp-content\/uploads\/2024\/04\/centro-jubilados-avatares-.jpg","jetpack_shortlink":"https:\/\/wp.me\/p62QDO-b2d","jetpack_sharing_enabled":true,"amp_enabled":true,"_links":{"self":[{"href":"https:\/\/armstrongyregion.com.ar\/diario\/wp-json\/wp\/v2\/posts\/42421","targetHints":{"allow":["GET"]}}],"collection":[{"href":"https:\/\/armstrongyregion.com.ar\/diario\/wp-json\/wp\/v2\/posts"}],"about":[{"href":"https:\/\/armstrongyregion.com.ar\/diario\/wp-json\/wp\/v2\/types\/post"}],"author":[{"embeddable":true,"href":"https:\/\/armstrongyregion.com.ar\/diario\/wp-json\/wp\/v2\/users\/1"}],"replies":[{"embeddable":true,"href":"https:\/\/armstrongyregion.com.ar\/diario\/wp-json\/wp\/v2\/comments?post=42421"}],"version-history":[{"count":1,"href":"https:\/\/armstrongyregion.com.ar\/diario\/wp-json\/wp\/v2\/posts\/42421\/revisions"}],"predecessor-version":[{"id":42423,"href":"https:\/\/armstrongyregion.com.ar\/diario\/wp-json\/wp\/v2\/posts\/42421\/revisions\/42423"}],"wp:featuredmedia":[{"embeddable":true,"href":"https:\/\/armstrongyregion.com.ar\/diario\/wp-json\/wp\/v2\/media\/42422"}],"wp:attachment":[{"href":"https:\/\/armstrongyregion.com.ar\/diario\/wp-json\/wp\/v2\/media?parent=42421"}],"wp:term":[{"taxonomy":"category","embeddable":true,"href":"https:\/\/armstrongyregion.com.ar\/diario\/wp-json\/wp\/v2\/categories?post=42421"},{"taxonomy":"post_tag","embeddable":true,"href":"https:\/\/armstrongyregion.com.ar\/diario\/wp-json\/wp\/v2\/tags?post=42421"}],"curies":[{"name":"wp","href":"https:\/\/api.w.org\/{rel}","templated":true}]}}