{"id":42412,"date":"2024-04-12T16:56:35","date_gmt":"2024-04-12T16:56:35","guid":{"rendered":"https:\/\/armstrongyregion.com.ar\/diario\/?p=42412"},"modified":"2024-04-12T16:56:38","modified_gmt":"2024-04-12T16:56:38","slug":"pullaro-impulsamos-politicas-que-aceiten-el-engranaje-del-inmenso-potencial-productivo-de-santa-fe","status":"publish","type":"post","link":"https:\/\/armstrongyregion.com.ar\/diario\/pullaro-impulsamos-politicas-que-aceiten-el-engranaje-del-inmenso-potencial-productivo-de-santa-fe\/","title":{"rendered":"Pullaro: \u201cImpulsamos pol\u00edticas que aceiten el engranaje del inmenso potencial productivo de Santa Fe\u201d"},"content":{"rendered":"\n<figure class=\"wp-block-image size-full\"><a href=\"http:\/\/armstrongyregion.com.ar\/diario\/wp-content\/uploads\/2024\/04\/Pullaro-12-04-24-.jpg\"><img loading=\"lazy\" decoding=\"async\" width=\"800\" height=\"534\" src=\"http:\/\/armstrongyregion.com.ar\/diario\/wp-content\/uploads\/2024\/04\/Pullaro-12-04-24-.jpg\" alt=\"\" class=\"wp-image-42413\" srcset=\"https:\/\/armstrongyregion.com.ar\/diario\/wp-content\/uploads\/2024\/04\/Pullaro-12-04-24-.jpg 800w, https:\/\/armstrongyregion.com.ar\/diario\/wp-content\/uploads\/2024\/04\/Pullaro-12-04-24--300x200.jpg 300w, https:\/\/armstrongyregion.com.ar\/diario\/wp-content\/uploads\/2024\/04\/Pullaro-12-04-24--768x513.jpg 768w\" sizes=\"auto, (max-width: 800px) 100vw, 800px\" \/><\/a><\/figure>\n\n\n\n<h2 class=\"wp-block-heading\">Lo afirm\u00f3 el Gobernador durante la presentaci\u00f3n del Programa Tecnoindustria 4.0. Contempla una inversi\u00f3n de $ 840 millones que se destinar\u00e1n a m\u00e1s de 800 proyectos para agregado de valor, transformaci\u00f3n digital, producci\u00f3n m\u00e1s limpia y transici\u00f3n energ\u00e9tica.<\/h2>\n\n\n\n<p>El gobernador Maximiliano Pullaro, junto al ministro de Desarrollo Productivo, Gustavo Puccini, present\u00f3 este viernes el Programa Tecnoindustria 4.0, un plan integral para brindar mejoras en los productos y procesos productivos de empresas santafesinas a trav\u00e9s de centros tecnol\u00f3gicos regionales.<\/p>\n\n\n\n<p>El acto tuvo lugar en el Parque Industrial Alvear y cont\u00f3 adem\u00e1s con la participaci\u00f3n del secretario de Desarrollo Industrial de la provincia, Guillermo Beccani; el director provincial de Tecnolog\u00eda de Industria 4.0, Ramiro Vio; el presidente comunal de Alvear, Carlos Pighin y la presidenta de la C\u00e1mara de Diputados, Clara Garc\u00eda.<\/p>\n\n\n\n<p>Tecnoindustria contempla una inversi\u00f3n de $ 840 millones que se destinar\u00e1n a m\u00e1s de 800 proyectos para agregado de valor, adopci\u00f3n y\/o transformaci\u00f3n digital, producci\u00f3n m\u00e1s limpia y transici\u00f3n energ\u00e9tica.<\/p>\n\n\n\n<p>Al respecto, Pullaro asegur\u00f3 que \u201ces muy importante mostrar las pol\u00edticas p\u00fablicas que de Santa Fe a trav\u00e9s de una mirada de mediano y de largo plazo para empezar a aceitar los engranajes que tiene el inmenso sistema productivo e industrial de la provincia y desde ese lugar permitirnos que la Argentina pueda mirar a Santa Fe y que seamos la locomotora del cambio del modelo que tiene que venir en nuestro pa\u00eds\u201d.<\/p>\n\n\n\n<p>\u201cTenemos 660 empresas que exportan en la provincia y&nbsp; son nuestro orgullo porque en una econom\u00eda inestable como la que hemos tenido en los \u00faltimos a\u00f1os, nuestros industriales fundamentalmente asociados a lo que significa nuestro campo, han sabido sobrellevar todas las crisis\u201d, destac\u00f3 Pullaro, quien a su vez enfatiz\u00f3: \u201cCuentan con un aliado en el gobierno provincial que les va a poner el hombro y va a salir a defender con mucha valent\u00eda y claridad al sistema productivo de Santa Fe\u201d, apunt\u00f3.<\/p>\n\n\n\n<p>\u201cDesde Buenos Aires -advirti\u00f3- no nos van a venir a marcar la cancha. Ya lo impedimos en su momento cuando quer\u00edan aumentar las retenciones al campo y a la industria y dijimos que no. Nosotros pretendemos que la fuerza y la potencia que tiene el interior productivo de Santa Fe, C\u00f3rdoba y Entre R\u00edos sea el motor de la locomotora que tiene que liderar el cambio en Argentina\u201d, concluy\u00f3.<\/p>\n\n\n\n<figure class=\"wp-block-image\"><img decoding=\"async\" src=\"https:\/\/ci3.googleusercontent.com\/meips\/ADKq_Naj8g9q0Cd8LcrMcr9lj5hSForrdF4_cxUBOVhtx5ASYA2tFqDOnNmboRY9VzG_7npvTLxBLor4eZzO3km3gu2YU7mg_G2DNi45BcI1j5B8KWxccBENqXSIgxUamt78VGhP-G3OFx5YOVwPE58=s0-d-e1-ft#https:\/\/www.santafe.gov.ar\/noticias\/recursos\/fotos\/2024\/04\/2024-04-12NID_280067O_2.jpeg\" alt=\"\"\/><\/figure>\n\n\n\n<p><strong>Innovaci\u00f3n y competitividad<\/strong><\/p>\n\n\n\n<p>Puccini, en tanto, coment\u00f3 que el Programa Tecnoindustria 4.0 \u201cbusca fomentar, acompa\u00f1ar y fortalecer procesos productivos dentro de cada empresa, a su vez que mejorarlos y hacerlo a trav\u00e9s de los distintos parques y polos tecnol\u00f3gicos. Vamos a asistir a m\u00e1s de 800 empresas dentro de la provincia de Santa Fe, entendiendo lo que implica hoy la innovaci\u00f3n para mantener y sostener la competitividad de nuestras empresas\u201d.<\/p>\n\n\n\n<p>A su vez, afirm\u00f3 que \u201cen este plan que nos tenemos que trazar como provincia tenemos que darle la mayor competitividad posible a nuestra cadena de valor que es muy compleja, diversa y tiene muchas fortalezas. La innovaci\u00f3n es el punto central de este programa\u201d.<\/p>\n\n\n\n<p>M\u00e1s adelante, el secretario de Desarrollo Industrial, Guillermo Beccani brind\u00f3 detalles del programa que \u201cest\u00e1 articulado con 12 agencias y asociaciones de desarrollo y 27 centros tecnol\u00f3gicos. En esta edici\u00f3n el programa se focalizar\u00e1 en tres ejes: la asistencia t\u00e9cnica, la transici\u00f3n hacia la industria 4.0 y la transici\u00f3n hacia energ\u00edas renovables. Habr\u00e1 un primer llamado este mes, donde prevemos 420 asistencias a raz\u00f3n de hasta $900.000.000 por proyecto; y un segundo llamado en el mes de septiembre, donde estar\u00edamos alcanzando $1.100.000 por proyecto, con una inversi\u00f3n total de $ 840 millones\u201d.<\/p>\n\n\n\n<p>Por su parte, el presidente comunal de Alvear, Carlos Pighin, asegur\u00f3 que \u201cnuestra localidad es industrial y por eso queremos acompa\u00f1ar el desarrollo industrial de nuestro pueblo, pero sobre todo de la provincia de Santa Fe. Sabemos que tenemos mucho para dar y acompa\u00f1ar a nuestro gobierno provincial en esta etapa tan importante y que desde Santa Fe vamos a ser puntales para la recuperaci\u00f3n de nuestra Argentina\u201d.<\/p>\n\n\n\n<p>Por \u00faltimo, el vicepresidente del Consejo de Administraci\u00f3n del Consorcio de Propietarios del Parque Industrial Alvear, Rub\u00e9n Cazeneuve, manifest\u00f3: \u201cApoyamos toda iniciativa relacionada con este tipo de actividades de aumento para la capacitaci\u00f3n y el desarrollo de la industria, hacemos nuestros votos para que se contin\u00fae y se profundice a lo largo de toda la trayectoria de este gobierno\u201d.<\/p>\n\n\n\n<p>De la presentaci\u00f3n formaron parte tambi\u00e9n intendentes y presidentes comunales de la regi\u00f3n; centros tecnol\u00f3gicos; agencias para el desarrollo y empresarios; concejales locales y de ciudades vecinas; dem\u00e1s autoridades provinciales y municipales y entidades intermedias.<\/p>\n","protected":false},"excerpt":{"rendered":"<p>Pullaro: \u201cImpulsamos pol\u00edticas que aceiten el engranaje del inmenso potencial productivo de Santa Fe\u201d<\/p>\n","protected":false},"author":1,"featured_media":42413,"comment_status":"open","ping_status":"open","sticky":false,"template":"","format":"image","meta":{"_jetpack_memberships_contains_paid_content":false,"footnotes":"","jetpack_publicize_message":"","jetpack_publicize_feature_enabled":true,"jetpack_social_post_already_shared":true,"jetpack_social_options":{"image_generator_settings":{"template":"highway","default_image_id":0,"enabled":false},"version":2}},"categories":[8,1,2,7,3],"tags":[53,5030,16,8071,9346,10498,10500,10057,8931,10501,2846,108],"class_list":["post-42412","post","type-post","status-publish","format-image","has-post-thumbnail","hentry","category-deliberando","category-diario-armstrong","category-locales","category-politica","category-region","tag-del","tag-diario-armstrong","tag-el","tag-engranaje","tag-graciela-de-la-casa","tag-impulsamos","tag-inmenso","tag-lic-2","tag-politicas-2","tag-potencial-productivo","tag-pullaro","tag-que","post_format-post-format-image"],"jetpack_publicize_connections":[],"jetpack_featured_media_url":"https:\/\/armstrongyregion.com.ar\/diario\/wp-content\/uploads\/2024\/04\/Pullaro-12-04-24-.jpg","jetpack_shortlink":"https:\/\/wp.me\/p62QDO-b24","jetpack_sharing_enabled":true,"amp_enabled":true,"_links":{"self":[{"href":"https:\/\/armstrongyregion.com.ar\/diario\/wp-json\/wp\/v2\/posts\/42412","targetHints":{"allow":["GET"]}}],"collection":[{"href":"https:\/\/armstrongyregion.com.ar\/diario\/wp-json\/wp\/v2\/posts"}],"about":[{"href":"https:\/\/armstrongyregion.com.ar\/diario\/wp-json\/wp\/v2\/types\/post"}],"author":[{"embeddable":true,"href":"https:\/\/armstrongyregion.com.ar\/diario\/wp-json\/wp\/v2\/users\/1"}],"replies":[{"embeddable":true,"href":"https:\/\/armstrongyregion.com.ar\/diario\/wp-json\/wp\/v2\/comments?post=42412"}],"version-history":[{"count":1,"href":"https:\/\/armstrongyregion.com.ar\/diario\/wp-json\/wp\/v2\/posts\/42412\/revisions"}],"predecessor-version":[{"id":42414,"href":"https:\/\/armstrongyregion.com.ar\/diario\/wp-json\/wp\/v2\/posts\/42412\/revisions\/42414"}],"wp:featuredmedia":[{"embeddable":true,"href":"https:\/\/armstrongyregion.com.ar\/diario\/wp-json\/wp\/v2\/media\/42413"}],"wp:attachment":[{"href":"https:\/\/armstrongyregion.com.ar\/diario\/wp-json\/wp\/v2\/media?parent=42412"}],"wp:term":[{"taxonomy":"category","embeddable":true,"href":"https:\/\/armstrongyregion.com.ar\/diario\/wp-json\/wp\/v2\/categories?post=42412"},{"taxonomy":"post_tag","embeddable":true,"href":"https:\/\/armstrongyregion.com.ar\/diario\/wp-json\/wp\/v2\/tags?post=42412"}],"curies":[{"name":"wp","href":"https:\/\/api.w.org\/{rel}","templated":true}]}}