{"id":42404,"date":"2024-04-11T23:03:17","date_gmt":"2024-04-11T23:03:17","guid":{"rendered":"https:\/\/armstrongyregion.com.ar\/diario\/?p=42404"},"modified":"2024-04-11T23:03:21","modified_gmt":"2024-04-11T23:03:21","slug":"santa-fe-tiene-ley-por-los-derechos-de-las-personas-mayores","status":"publish","type":"post","link":"https:\/\/armstrongyregion.com.ar\/diario\/santa-fe-tiene-ley-por-los-derechos-de-las-personas-mayores\/","title":{"rendered":"Santa Fe tiene ley por los derechos de las personas mayores."},"content":{"rendered":"\n<figure class=\"wp-block-image size-full\"><a href=\"http:\/\/armstrongyregion.com.ar\/diario\/wp-content\/uploads\/2024\/04\/JOAQUIN-3.jpg\"><img loading=\"lazy\" decoding=\"async\" width=\"640\" height=\"427\" src=\"http:\/\/armstrongyregion.com.ar\/diario\/wp-content\/uploads\/2024\/04\/JOAQUIN-3.jpg\" alt=\"\" class=\"wp-image-42407\" srcset=\"https:\/\/armstrongyregion.com.ar\/diario\/wp-content\/uploads\/2024\/04\/JOAQUIN-3.jpg 640w, https:\/\/armstrongyregion.com.ar\/diario\/wp-content\/uploads\/2024\/04\/JOAQUIN-3-300x200.jpg 300w\" sizes=\"auto, (max-width: 640px) 100vw, 640px\" \/><\/a><\/figure>\n\n\n\n<figure class=\"wp-block-table\"><table><tbody><tr><td><em><strong>La Ley N\u00b0 14.231 fue presentada en el marco de una actividad que reuni\u00f3 a referentes de instituciones vinculadas a las pol\u00edticas de adultos mayores. \u201cTenemos que ir hacia una sociedad cada vez m\u00e1s inclusiva y que brinde m\u00e1s herramientas a sus ciudadanos. En los \u00faltimos a\u00f1os en Santa Fe, la poblaci\u00f3n mayor a 60 a\u00f1os se ha incrementado y tenemos que pensar pol\u00edticas concretas para ese sector\u201d, detall\u00f3 el diputado socialista, Joaqu\u00edn Blanco.<\/strong><\/em><\/td><\/tr><\/tbody><\/table><\/figure>\n\n\n\n<figure class=\"wp-block-image size-full\"><a href=\"http:\/\/armstrongyregion.com.ar\/diario\/wp-content\/uploads\/2024\/04\/JOAQUIN-BLANCO-2-1.jpg\"><img loading=\"lazy\" decoding=\"async\" width=\"640\" height=\"427\" src=\"http:\/\/armstrongyregion.com.ar\/diario\/wp-content\/uploads\/2024\/04\/JOAQUIN-BLANCO-2-1.jpg\" alt=\"\" class=\"wp-image-42406\" srcset=\"https:\/\/armstrongyregion.com.ar\/diario\/wp-content\/uploads\/2024\/04\/JOAQUIN-BLANCO-2-1.jpg 640w, https:\/\/armstrongyregion.com.ar\/diario\/wp-content\/uploads\/2024\/04\/JOAQUIN-BLANCO-2-1-300x200.jpg 300w\" sizes=\"auto, (max-width: 640px) 100vw, 640px\" \/><\/a><\/figure>\n\n\n\n<p>Santa Fe cuenta con la Ley N\u00b0 14.231 que establece nuevos derechos para las personas mayores. La ley plantea la creaci\u00f3n del Defensor de las Personas Mayores, un Registro \u00danico de Cuidadores, como tambi\u00e9n de Instituciones P\u00fablicas y Privadas, pero tambi\u00e9n una fuerte participaci\u00f3n de este sector de la poblaci\u00f3n en la toma de decisiones y la creaci\u00f3n de nuevas pol\u00edticas p\u00fablicas. \u201cEs una ley de avanzada en t\u00e9rminos de ampliaci\u00f3n de derechos. Nos permite tener un horizonte para lograr un trabajo articulado entre el gobierno provincial, los gobiernos locales, los centros de jubilados y diferentes instituciones para poner a los adultos mayores como protagonistas de lo que se viene\u201d, expres\u00f3 el diputado autor de la iniciativa, Joaqu\u00edn Blanco.<\/p>\n\n\n\n<p>La ley fue presentada en el marco del \u201cEncuentro por los derechos de las personas mayores\u201d, del que participaron Luis Mario Fern\u00e1ndez, de la Defensor\u00eda Municipal de las Personas Mayores (dependiente del Concejo de Rosario); Daniela Valentini, de Federaci\u00f3n Regional de Asociaciones de Personas Adultas Mayores (FRAPAM); Victoria Zangara, directora de Adultas y Adultos Mayores de la Municipalidad de Rosario, Gabriel Savino, de la Defensor\u00eda del Pueblo de Santa Fe; Ariadna Ciammarrello, coordinadora del \u00c1rea Financiera de la Oficina Municipal del Consumidor.<\/p>\n\n\n\n<p>\u201cNos toca imaginar y construir una sociedad inclusiva, a trav\u00e9s de un Estado comprometido con el cuidado de los grupos m\u00e1s vulnerables y desprotegidos, ofreciendo herramientas para su desarrollo, autonom\u00eda y dignidad\u201d, agreg\u00f3 el legislador socialista. \u201cLa poblaci\u00f3n santafesina est\u00e1 m\u00e1s envejecida que hace 15 a\u00f1os: aqu\u00ed viven m\u00e1s de 642.000 personas mayores a 60 a\u00f1os, lo que representa el 17,7% del total. Adem\u00e1s, hay mayor expectativa de vida, por lo que se trata de un sector de la poblaci\u00f3n que llega a esa edad y sigue muy activo. Con esta ley estamos acompa\u00f1ando a un gran sector de la poblaci\u00f3n que debe ser protagonista. Es tiempo de pensar y planificar pol\u00edticas p\u00fablicas concretas junto a municipios y comunas, acompa\u00f1ar a los centros de jubilados y a todo lo que tiene que ver con el entramado social que contiene a estos ciudadanos\u201d, especific\u00f3. \u201cEs una ley que brinda certezas y garant\u00edas, un nuevo paradigma que ordena la vinculaci\u00f3n, no solamente de un gobierno, sino de toda una sociedad\u201d, ahond\u00f3.<\/p>\n\n\n\n<p>\u201cLa ley prioriza un nuevo paradigma para los cuidados, de ir hacia un nuevo modelo que establezca mejores herramientas, con un sistema de seguimiento y de Registro Provincial, que sea coordinado y que, fundamentalmente, sea humano\u201d, expres\u00f3 Blanco. \u201cAdem\u00e1s, con esta ley se establece la figura del Defensor de las Personas Mayores, que se suma al sistema de defensor\u00edas. Esto ayudar\u00e1 a visibilizar y proteger al sector que, lamentablemente, sufre violencia, estafas y, muchas veces, abandono por parte, por ejemplo, de los prestadores de salud. Pero queremos que sea una figura que tambi\u00e9n haga respetar la ley y que acompa\u00f1e a las personas mayores y sus familias\u201d, agreg\u00f3 el diputado.<\/p>\n\n\n\n<p>\u201cHace mucho tiempo que no se da esta articulaci\u00f3n entre lo que es la provincia, la municipalidad y la universidad nacional de rosario, que estamos trabajando en todo lo que tienen que ver los derechos de nuestras personas mayores en todos los \u00e1mbitos y en cada uno de los espacios de la ciudad y de la provincia\u201d, dijo la directora de Adultos y Adultas Mayores de la Municipalidad de Rosario, Victoria Zangara. \u201cHay mucho trabajo para hacer para que esta ley llegue a todos lados en la provincia. Es muy importante fortalecer a las personas mayores en este momento\u201d, agreg\u00f3 Gabriel Savino, Defensor del Pueblo provincial.<\/p>\n\n\n\n<p>\u201cEn Rosario tenemos una gran experiencia de trabajo en torno a las personas mayores con la creaci\u00f3n de la nueva Defensor\u00eda dependiente del Concejo, con las \u00e1reas y direcciones espec\u00edficas de la Municipalidad, con el trabajo que realizan desde la UNR y la UCA en la formaci\u00f3n integral de los adultos. Queremos que este modelo se replique en todas las localidades de la provincia\u201d, asever\u00f3.<\/p>\n\n\n\n<p>\u201cEn un momento bisagra para nuestro pa\u00eds, donde la licuadora y la motosierra est\u00e1n haciendo mucho da\u00f1o a los jubilados y pensionados, y en el que se quiere avanzar sobre derechos conquistados, es un gran avance para Santa Fe ser la primera provincia del pa\u00eds en contar con una ley de estas caracter\u00edsticas\u201d, finaliz\u00f3 Blanco.<\/p>\n\n\n\n<p><\/p>\n","protected":false},"excerpt":{"rendered":"<p>Santa Fe tiene ley por los derechos de las personas mayores.<\/p>\n","protected":false},"author":1,"featured_media":42407,"comment_status":"open","ping_status":"open","sticky":false,"template":"","format":"image","meta":{"_jetpack_memberships_contains_paid_content":false,"footnotes":"","jetpack_publicize_message":"","jetpack_publicize_feature_enabled":true,"jetpack_social_post_already_shared":true,"jetpack_social_options":{"image_generator_settings":{"template":"highway","default_image_id":0,"enabled":false},"version":2}},"categories":[8,1,2,3],"tags":[3143,4031,42,2280,696,3381,3017],"class_list":["post-42404","post","type-post","status-publish","format-image","has-post-thumbnail","hentry","category-deliberando","category-diario-armstrong","category-locales","category-region","tag-derechos","tag-ley","tag-los","tag-mayores","tag-personas","tag-santa-fe","tag-tiene","post_format-post-format-image"],"jetpack_publicize_connections":[],"jetpack_featured_media_url":"https:\/\/armstrongyregion.com.ar\/diario\/wp-content\/uploads\/2024\/04\/JOAQUIN-3.jpg","jetpack_shortlink":"https:\/\/wp.me\/p62QDO-b1W","jetpack_sharing_enabled":true,"amp_enabled":true,"_links":{"self":[{"href":"https:\/\/armstrongyregion.com.ar\/diario\/wp-json\/wp\/v2\/posts\/42404","targetHints":{"allow":["GET"]}}],"collection":[{"href":"https:\/\/armstrongyregion.com.ar\/diario\/wp-json\/wp\/v2\/posts"}],"about":[{"href":"https:\/\/armstrongyregion.com.ar\/diario\/wp-json\/wp\/v2\/types\/post"}],"author":[{"embeddable":true,"href":"https:\/\/armstrongyregion.com.ar\/diario\/wp-json\/wp\/v2\/users\/1"}],"replies":[{"embeddable":true,"href":"https:\/\/armstrongyregion.com.ar\/diario\/wp-json\/wp\/v2\/comments?post=42404"}],"version-history":[{"count":1,"href":"https:\/\/armstrongyregion.com.ar\/diario\/wp-json\/wp\/v2\/posts\/42404\/revisions"}],"predecessor-version":[{"id":42408,"href":"https:\/\/armstrongyregion.com.ar\/diario\/wp-json\/wp\/v2\/posts\/42404\/revisions\/42408"}],"wp:featuredmedia":[{"embeddable":true,"href":"https:\/\/armstrongyregion.com.ar\/diario\/wp-json\/wp\/v2\/media\/42407"}],"wp:attachment":[{"href":"https:\/\/armstrongyregion.com.ar\/diario\/wp-json\/wp\/v2\/media?parent=42404"}],"wp:term":[{"taxonomy":"category","embeddable":true,"href":"https:\/\/armstrongyregion.com.ar\/diario\/wp-json\/wp\/v2\/categories?post=42404"},{"taxonomy":"post_tag","embeddable":true,"href":"https:\/\/armstrongyregion.com.ar\/diario\/wp-json\/wp\/v2\/tags?post=42404"}],"curies":[{"name":"wp","href":"https:\/\/api.w.org\/{rel}","templated":true}]}}