{"id":42395,"date":"2024-04-11T21:15:47","date_gmt":"2024-04-11T21:15:47","guid":{"rendered":"https:\/\/armstrongyregion.com.ar\/diario\/?p=42395"},"modified":"2024-04-11T21:15:50","modified_gmt":"2024-04-11T21:15:50","slug":"reunion-por-ahorro-del-consumo-energetico","status":"publish","type":"post","link":"https:\/\/armstrongyregion.com.ar\/diario\/reunion-por-ahorro-del-consumo-energetico\/","title":{"rendered":"Reuni\u00f3n por ahorro del consumo energ\u00e9tico."},"content":{"rendered":"\n<figure class=\"wp-block-image size-full\"><a href=\"http:\/\/armstrongyregion.com.ar\/diario\/wp-content\/uploads\/2024\/04\/reunion-c-e-1-.jpg\"><img loading=\"lazy\" decoding=\"async\" width=\"730\" height=\"487\" src=\"http:\/\/armstrongyregion.com.ar\/diario\/wp-content\/uploads\/2024\/04\/reunion-c-e-1-.jpg\" alt=\"\" class=\"wp-image-42396\" srcset=\"https:\/\/armstrongyregion.com.ar\/diario\/wp-content\/uploads\/2024\/04\/reunion-c-e-1-.jpg 730w, https:\/\/armstrongyregion.com.ar\/diario\/wp-content\/uploads\/2024\/04\/reunion-c-e-1--300x200.jpg 300w\" sizes=\"auto, (max-width: 730px) 100vw, 730px\" \/><\/a><\/figure>\n\n\n\n<p>Cumpliendo con un pedido del Gobernador Maximiliano Pullaro, la Subsecretaria de Energ\u00edas<br>Renovables y Eficiencia Energ\u00e9tica del Ministerio de Desarrollo Productivo de Santa Fe Ing.<br>Ambiental Mar\u00eda Cecilia Mijich lleg\u00f3 nuevamente a Armstrong, en este caso, para encontrarse con<br>empresarios y emprendedores.<\/p>\n\n\n\n<figure class=\"wp-block-image size-full\"><a href=\"http:\/\/armstrongyregion.com.ar\/diario\/wp-content\/uploads\/2024\/04\/reunion-c-e-2-.jpg\"><img loading=\"lazy\" decoding=\"async\" width=\"646\" height=\"431\" src=\"http:\/\/armstrongyregion.com.ar\/diario\/wp-content\/uploads\/2024\/04\/reunion-c-e-2-.jpg\" alt=\"\" class=\"wp-image-42397\" srcset=\"https:\/\/armstrongyregion.com.ar\/diario\/wp-content\/uploads\/2024\/04\/reunion-c-e-2-.jpg 646w, https:\/\/armstrongyregion.com.ar\/diario\/wp-content\/uploads\/2024\/04\/reunion-c-e-2--300x200.jpg 300w\" sizes=\"auto, (max-width: 646px) 100vw, 646px\" \/><\/a><\/figure>\n\n\n\n<p><br>El objetivo es trabajar desde el territorio junto a los distintos sectores de la producci\u00f3n escuchando y<br>conociendo la realidad de cada uno en el marco de los incrementos tarifarios, y acercar<br>herramientas que desde la Subsecretar\u00eda est\u00e1n comenzando a planificar y dise\u00f1ar para ofrecer<br>alternativas y generar as\u00ed impacto en los ahorros de consumo energ\u00e9tico o, en su defecto, alguna<br>acci\u00f3n que les permita paliar esta situaci\u00f3n y este escenario dif\u00edcil que, entienden, se va a estar<br>atravesando.<\/p>\n\n\n\n<figure class=\"wp-block-image size-full\"><a href=\"http:\/\/armstrongyregion.com.ar\/diario\/wp-content\/uploads\/2024\/04\/reunion-c.e-3-.jpg\"><img loading=\"lazy\" decoding=\"async\" width=\"677\" height=\"451\" src=\"http:\/\/armstrongyregion.com.ar\/diario\/wp-content\/uploads\/2024\/04\/reunion-c.e-3-.jpg\" alt=\"\" class=\"wp-image-42398\" srcset=\"https:\/\/armstrongyregion.com.ar\/diario\/wp-content\/uploads\/2024\/04\/reunion-c.e-3-.jpg 677w, https:\/\/armstrongyregion.com.ar\/diario\/wp-content\/uploads\/2024\/04\/reunion-c.e-3--300x200.jpg 300w\" sizes=\"auto, (max-width: 677px) 100vw, 677px\" \/><\/a><\/figure>\n\n\n\n<p><br>Comienza as\u00ed esta primera ronda de consultas, conversaciones e intercambio y tambi\u00e9n de<br>capacitaci\u00f3n y formaci\u00f3n a todas las empresas, cooperativas, emprendimientos junto a sus t\u00e9cnicos,<br>con una charla introductoria donde se pudo analizar una gu\u00eda pr\u00e1ctica de c\u00f3mo empezar a<br>implementar algunas acciones sencillas dentro del proceso productivo para disminuir el consumo<br>energ\u00e9tico.<br>La Ing. Mijich lleg\u00f3 acompa\u00f1ada por los equipos t\u00e9cnicos y la Direcci\u00f3n de Eficiencia Energ\u00e9tica a<br>nuestra ciudad, polo productivo con el cual trabajan codo a codo junto al Intendente Guillermo Luzzi<br>en distintas estrategias y alternativas destacando las iniciativas vinculadas a las energ\u00edas renovables<br>que ya se est\u00e1n llevando a cabo, siendo modelo dentro de la provincia de Santa Fe.<\/p>\n","protected":false},"excerpt":{"rendered":"<p>Reuni\u00f3n por ahorro del consumo energ\u00e9tico.<\/p>\n","protected":false},"author":1,"featured_media":42396,"comment_status":"open","ping_status":"open","sticky":false,"template":"","format":"image","meta":{"_jetpack_memberships_contains_paid_content":false,"footnotes":"","jetpack_publicize_message":"","jetpack_publicize_feature_enabled":true,"jetpack_social_post_already_shared":true,"jetpack_social_options":{"image_generator_settings":{"template":"highway","default_image_id":0,"enabled":false},"version":2}},"categories":[8,1,2,7,3],"tags":[3295,9924,10492,10050,8777,462],"class_list":["post-42395","post","type-post","status-publish","format-image","has-post-thumbnail","hentry","category-deliberando","category-diario-armstrong","category-locales","category-politica","category-region","tag-consumo","tag-diario-armstrong-y-region-2","tag-energetico","tag-guillermo-luzzi","tag-lic-graciela-de-la-casa","tag-reunion","post_format-post-format-image"],"jetpack_publicize_connections":[],"jetpack_featured_media_url":"https:\/\/armstrongyregion.com.ar\/diario\/wp-content\/uploads\/2024\/04\/reunion-c-e-1-.jpg","jetpack_shortlink":"https:\/\/wp.me\/p62QDO-b1N","jetpack_sharing_enabled":true,"amp_enabled":true,"_links":{"self":[{"href":"https:\/\/armstrongyregion.com.ar\/diario\/wp-json\/wp\/v2\/posts\/42395","targetHints":{"allow":["GET"]}}],"collection":[{"href":"https:\/\/armstrongyregion.com.ar\/diario\/wp-json\/wp\/v2\/posts"}],"about":[{"href":"https:\/\/armstrongyregion.com.ar\/diario\/wp-json\/wp\/v2\/types\/post"}],"author":[{"embeddable":true,"href":"https:\/\/armstrongyregion.com.ar\/diario\/wp-json\/wp\/v2\/users\/1"}],"replies":[{"embeddable":true,"href":"https:\/\/armstrongyregion.com.ar\/diario\/wp-json\/wp\/v2\/comments?post=42395"}],"version-history":[{"count":1,"href":"https:\/\/armstrongyregion.com.ar\/diario\/wp-json\/wp\/v2\/posts\/42395\/revisions"}],"predecessor-version":[{"id":42399,"href":"https:\/\/armstrongyregion.com.ar\/diario\/wp-json\/wp\/v2\/posts\/42395\/revisions\/42399"}],"wp:featuredmedia":[{"embeddable":true,"href":"https:\/\/armstrongyregion.com.ar\/diario\/wp-json\/wp\/v2\/media\/42396"}],"wp:attachment":[{"href":"https:\/\/armstrongyregion.com.ar\/diario\/wp-json\/wp\/v2\/media?parent=42395"}],"wp:term":[{"taxonomy":"category","embeddable":true,"href":"https:\/\/armstrongyregion.com.ar\/diario\/wp-json\/wp\/v2\/categories?post=42395"},{"taxonomy":"post_tag","embeddable":true,"href":"https:\/\/armstrongyregion.com.ar\/diario\/wp-json\/wp\/v2\/tags?post=42395"}],"curies":[{"name":"wp","href":"https:\/\/api.w.org\/{rel}","templated":true}]}}