{"id":42373,"date":"2024-04-09T22:15:54","date_gmt":"2024-04-09T22:15:54","guid":{"rendered":"https:\/\/armstrongyregion.com.ar\/diario\/?p=42373"},"modified":"2024-04-09T22:15:56","modified_gmt":"2024-04-09T22:15:56","slug":"luzzi-participo-de-actividades-sobre-el-autismo","status":"publish","type":"post","link":"https:\/\/armstrongyregion.com.ar\/diario\/luzzi-participo-de-actividades-sobre-el-autismo\/","title":{"rendered":"Luzzi particip\u00f3 de actividades sobre el autismo."},"content":{"rendered":"\n<figure class=\"wp-block-image size-full\"><a href=\"http:\/\/armstrongyregion.com.ar\/diario\/wp-content\/uploads\/2024\/04\/luzzi-obra-1-.jpg\"><img loading=\"lazy\" decoding=\"async\" width=\"660\" height=\"440\" src=\"http:\/\/armstrongyregion.com.ar\/diario\/wp-content\/uploads\/2024\/04\/luzzi-obra-1-.jpg\" alt=\"\" class=\"wp-image-42374\" srcset=\"https:\/\/armstrongyregion.com.ar\/diario\/wp-content\/uploads\/2024\/04\/luzzi-obra-1-.jpg 660w, https:\/\/armstrongyregion.com.ar\/diario\/wp-content\/uploads\/2024\/04\/luzzi-obra-1--300x200.jpg 300w\" sizes=\"auto, (max-width: 660px) 100vw, 660px\" \/><\/a><\/figure>\n\n\n\n<p>En el marco del d\u00eda mundial de la concientizaci\u00f3n sobre el autismo, el Intendente Guillermo Luzzi<br>particip\u00f3 de actividades organizadas por la Escuela Normal Superior N\u00b0 33 \u201cDr. Mariano Moreno\u201d.<br>Lo hizo presenciando la primera de dos funciones de la obra de teatro \u201cEl despegue de Ren\u00e9\u201d que se<br>ofreci\u00f3 en el sal\u00f3n de actos de la escuela.<\/p>\n\n\n\n<figure class=\"wp-block-image size-full\"><a href=\"http:\/\/armstrongyregion.com.ar\/diario\/wp-content\/uploads\/2024\/04\/Luzzi-obra-2-.jpg\"><img loading=\"lazy\" decoding=\"async\" width=\"660\" height=\"440\" src=\"http:\/\/armstrongyregion.com.ar\/diario\/wp-content\/uploads\/2024\/04\/Luzzi-obra-2-.jpg\" alt=\"\" class=\"wp-image-42375\" srcset=\"https:\/\/armstrongyregion.com.ar\/diario\/wp-content\/uploads\/2024\/04\/Luzzi-obra-2-.jpg 660w, https:\/\/armstrongyregion.com.ar\/diario\/wp-content\/uploads\/2024\/04\/Luzzi-obra-2--300x200.jpg 300w\" sizes=\"auto, (max-width: 660px) 100vw, 660px\" \/><\/a><\/figure>\n\n\n\n<p><br>\u201cEl despegue de Ren\u00e9\u201d, visibiliza un trastorno y condici\u00f3n que no es una enfermedad, que no tiene<br>cura, que requiere de la comprensi\u00f3n y acompa\u00f1amiento del entorno ante su diagn\u00f3stico.<br>Luego de las mismas, se llevaron a cabo charlas con padres que explicaron de qu\u00e9 se trata el autismo<br>y respondieron dudas e inquietudes de estudiantes, docentes y p\u00fablico en general.<\/p>\n\n\n\n<figure class=\"wp-block-image size-full\"><a href=\"http:\/\/armstrongyregion.com.ar\/diario\/wp-content\/uploads\/2024\/04\/Luzzi-obra-3-.jpg\"><img loading=\"lazy\" decoding=\"async\" width=\"690\" height=\"460\" src=\"http:\/\/armstrongyregion.com.ar\/diario\/wp-content\/uploads\/2024\/04\/Luzzi-obra-3-.jpg\" alt=\"\" class=\"wp-image-42376\" srcset=\"https:\/\/armstrongyregion.com.ar\/diario\/wp-content\/uploads\/2024\/04\/Luzzi-obra-3-.jpg 690w, https:\/\/armstrongyregion.com.ar\/diario\/wp-content\/uploads\/2024\/04\/Luzzi-obra-3--300x200.jpg 300w\" sizes=\"auto, (max-width: 690px) 100vw, 690px\" \/><\/a><\/figure>\n\n\n\n<p><br>La inclusi\u00f3n es un eje a tratar con inminencia. Concientizar a las infancias, adolescencias y<br>educadores para generar una red de contenci\u00f3n a edad temprana es urgente, para que nos permita<br>empatizar con problem\u00e1ticas que nos atraviesan como sociedad.<\/p>\n","protected":false},"excerpt":{"rendered":"<p>Luzzi particip\u00f3 de actividades sobre el autismo.<\/p>\n","protected":false},"author":1,"featured_media":42374,"comment_status":"open","ping_status":"open","sticky":false,"template":"","format":"image","meta":{"_jetpack_memberships_contains_paid_content":false,"footnotes":"","jetpack_publicize_message":"","jetpack_publicize_feature_enabled":true,"jetpack_social_post_already_shared":true,"jetpack_social_options":{"image_generator_settings":{"template":"highway","default_image_id":0,"enabled":false},"version":2}},"categories":[8,1,2,7,3],"tags":[263,10485,19,9924,8777,8735,992,118],"class_list":["post-42373","post","type-post","status-publish","format-image","has-post-thumbnail","hentry","category-deliberando","category-diario-armstrong","category-locales","category-politica","category-region","tag-actividades","tag-autismo","tag-de","tag-diario-armstrong-y-region-2","tag-lic-graciela-de-la-casa","tag-luzzi","tag-participo","tag-sobre","post_format-post-format-image"],"jetpack_publicize_connections":[],"jetpack_featured_media_url":"https:\/\/armstrongyregion.com.ar\/diario\/wp-content\/uploads\/2024\/04\/luzzi-obra-1-.jpg","jetpack_shortlink":"https:\/\/wp.me\/p62QDO-b1r","jetpack_sharing_enabled":true,"amp_enabled":true,"_links":{"self":[{"href":"https:\/\/armstrongyregion.com.ar\/diario\/wp-json\/wp\/v2\/posts\/42373","targetHints":{"allow":["GET"]}}],"collection":[{"href":"https:\/\/armstrongyregion.com.ar\/diario\/wp-json\/wp\/v2\/posts"}],"about":[{"href":"https:\/\/armstrongyregion.com.ar\/diario\/wp-json\/wp\/v2\/types\/post"}],"author":[{"embeddable":true,"href":"https:\/\/armstrongyregion.com.ar\/diario\/wp-json\/wp\/v2\/users\/1"}],"replies":[{"embeddable":true,"href":"https:\/\/armstrongyregion.com.ar\/diario\/wp-json\/wp\/v2\/comments?post=42373"}],"version-history":[{"count":1,"href":"https:\/\/armstrongyregion.com.ar\/diario\/wp-json\/wp\/v2\/posts\/42373\/revisions"}],"predecessor-version":[{"id":42377,"href":"https:\/\/armstrongyregion.com.ar\/diario\/wp-json\/wp\/v2\/posts\/42373\/revisions\/42377"}],"wp:featuredmedia":[{"embeddable":true,"href":"https:\/\/armstrongyregion.com.ar\/diario\/wp-json\/wp\/v2\/media\/42374"}],"wp:attachment":[{"href":"https:\/\/armstrongyregion.com.ar\/diario\/wp-json\/wp\/v2\/media?parent=42373"}],"wp:term":[{"taxonomy":"category","embeddable":true,"href":"https:\/\/armstrongyregion.com.ar\/diario\/wp-json\/wp\/v2\/categories?post=42373"},{"taxonomy":"post_tag","embeddable":true,"href":"https:\/\/armstrongyregion.com.ar\/diario\/wp-json\/wp\/v2\/tags?post=42373"}],"curies":[{"name":"wp","href":"https:\/\/api.w.org\/{rel}","templated":true}]}}