{"id":42361,"date":"2024-04-09T02:03:39","date_gmt":"2024-04-09T02:03:39","guid":{"rendered":"https:\/\/armstrongyregion.com.ar\/diario\/?p=42361"},"modified":"2024-04-09T02:03:42","modified_gmt":"2024-04-09T02:03:42","slug":"serian-tres-los-candidatos-a-intendente-por-la-ciudad-de-armstrong","status":"publish","type":"post","link":"https:\/\/armstrongyregion.com.ar\/diario\/serian-tres-los-candidatos-a-intendente-por-la-ciudad-de-armstrong\/","title":{"rendered":"Ser\u00edan tres los candidatos a intendente por la ciudad de Armstrong."},"content":{"rendered":"\n<figure class=\"wp-block-image size-full\"><a href=\"http:\/\/armstrongyregion.com.ar\/diario\/wp-content\/uploads\/2024\/04\/candidatos-intendente-24.jpg\"><img loading=\"lazy\" decoding=\"async\" width=\"720\" height=\"720\" src=\"http:\/\/armstrongyregion.com.ar\/diario\/wp-content\/uploads\/2024\/04\/candidatos-intendente-24.jpg\" alt=\"\" class=\"wp-image-42362\" srcset=\"https:\/\/armstrongyregion.com.ar\/diario\/wp-content\/uploads\/2024\/04\/candidatos-intendente-24.jpg 720w, https:\/\/armstrongyregion.com.ar\/diario\/wp-content\/uploads\/2024\/04\/candidatos-intendente-24-300x300.jpg 300w, https:\/\/armstrongyregion.com.ar\/diario\/wp-content\/uploads\/2024\/04\/candidatos-intendente-24-150x150.jpg 150w\" sizes=\"auto, (max-width: 720px) 100vw, 720px\" \/><\/a><\/figure>\n\n\n\n<p>La ciudad de Armstrong, elegir\u00e1 el pr\u00f3ximo 11 de agosto el intendente que completar\u00e1 el mandato de&nbsp;<strong>Pablo Verdecchia<\/strong>, quien asumi\u00f3 como senador por el departamento Belgrano en diciembre del 2024 y que hab\u00eda sido ungido por el voto popular hasta el 10 de diciembre de 2025.<\/p>\n\n\n\n<p>Hoy lunes antes de las 21hs este medio se contacto con los tres candidatos cuyos nombres ya sonaban por lo bajo en la comunidad armstronense, y que figuran en el tribunal electoral, confirmando las candidaturas Guillermo Luzzi por el oficialismo, el Concejal Emiliano Gramigna y Facundo Amil referente de la vecinal Somos Armstrong.<\/p>\n\n\n\n<p>Podr\u00eda haber una cuarta candidata, pero oficialmente hasta el momento s\u00f3lo son tres.<\/p>\n","protected":false},"excerpt":{"rendered":"<p>Ser\u00edan tres los candidatos a intendente por la ciudad de Armstrong.<\/p>\n","protected":false},"author":1,"featured_media":42362,"comment_status":"open","ping_status":"open","sticky":false,"template":"","format":"image","meta":{"_jetpack_memberships_contains_paid_content":false,"footnotes":"","jetpack_publicize_message":"","jetpack_publicize_feature_enabled":true,"jetpack_social_post_already_shared":true,"jetpack_social_options":{"image_generator_settings":{"template":"highway","default_image_id":0,"enabled":false},"version":2}},"categories":[8,1,2,7,3],"tags":[10146,33,765,4608,8503,8777,42,159,8645],"class_list":["post-42361","post","type-post","status-publish","format-image","has-post-thumbnail","hentry","category-deliberando","category-diario-armstrong","category-locales","category-politica","category-region","tag-10146","tag-a","tag-candidatos","tag-diario-armstrong-y-region","tag-intendente-2","tag-lic-graciela-de-la-casa","tag-los","tag-serian","tag-tres-2","post_format-post-format-image"],"jetpack_publicize_connections":[],"jetpack_featured_media_url":"https:\/\/armstrongyregion.com.ar\/diario\/wp-content\/uploads\/2024\/04\/candidatos-intendente-24.jpg","jetpack_shortlink":"https:\/\/wp.me\/p62QDO-b1f","jetpack_sharing_enabled":true,"amp_enabled":true,"_links":{"self":[{"href":"https:\/\/armstrongyregion.com.ar\/diario\/wp-json\/wp\/v2\/posts\/42361","targetHints":{"allow":["GET"]}}],"collection":[{"href":"https:\/\/armstrongyregion.com.ar\/diario\/wp-json\/wp\/v2\/posts"}],"about":[{"href":"https:\/\/armstrongyregion.com.ar\/diario\/wp-json\/wp\/v2\/types\/post"}],"author":[{"embeddable":true,"href":"https:\/\/armstrongyregion.com.ar\/diario\/wp-json\/wp\/v2\/users\/1"}],"replies":[{"embeddable":true,"href":"https:\/\/armstrongyregion.com.ar\/diario\/wp-json\/wp\/v2\/comments?post=42361"}],"version-history":[{"count":1,"href":"https:\/\/armstrongyregion.com.ar\/diario\/wp-json\/wp\/v2\/posts\/42361\/revisions"}],"predecessor-version":[{"id":42363,"href":"https:\/\/armstrongyregion.com.ar\/diario\/wp-json\/wp\/v2\/posts\/42361\/revisions\/42363"}],"wp:featuredmedia":[{"embeddable":true,"href":"https:\/\/armstrongyregion.com.ar\/diario\/wp-json\/wp\/v2\/media\/42362"}],"wp:attachment":[{"href":"https:\/\/armstrongyregion.com.ar\/diario\/wp-json\/wp\/v2\/media?parent=42361"}],"wp:term":[{"taxonomy":"category","embeddable":true,"href":"https:\/\/armstrongyregion.com.ar\/diario\/wp-json\/wp\/v2\/categories?post=42361"},{"taxonomy":"post_tag","embeddable":true,"href":"https:\/\/armstrongyregion.com.ar\/diario\/wp-json\/wp\/v2\/tags?post=42361"}],"curies":[{"name":"wp","href":"https:\/\/api.w.org\/{rel}","templated":true}]}}