{"id":42348,"date":"2024-04-08T15:19:00","date_gmt":"2024-04-08T15:19:00","guid":{"rendered":"https:\/\/armstrongyregion.com.ar\/diario\/?p=42348"},"modified":"2024-04-08T15:19:03","modified_gmt":"2024-04-08T15:19:03","slug":"informe-area-de-orden-publico-08-04-2024","status":"publish","type":"post","link":"https:\/\/armstrongyregion.com.ar\/diario\/informe-area-de-orden-publico-08-04-2024\/","title":{"rendered":"Informe \u00c1rea de Orden P\u00fablico 08\/04\/2024"},"content":{"rendered":"\n<figure class=\"wp-block-image size-full\"><a href=\"http:\/\/armstrongyregion.com.ar\/diario\/wp-content\/uploads\/2024\/04\/ORDEN-8-4-24-.jpg\"><img loading=\"lazy\" decoding=\"async\" width=\"640\" height=\"360\" src=\"http:\/\/armstrongyregion.com.ar\/diario\/wp-content\/uploads\/2024\/04\/ORDEN-8-4-24-.jpg\" alt=\"\" class=\"wp-image-42349\" srcset=\"https:\/\/armstrongyregion.com.ar\/diario\/wp-content\/uploads\/2024\/04\/ORDEN-8-4-24-.jpg 640w, https:\/\/armstrongyregion.com.ar\/diario\/wp-content\/uploads\/2024\/04\/ORDEN-8-4-24--300x169.jpg 300w\" sizes=\"auto, (max-width: 640px) 100vw, 640px\" \/><\/a><\/figure>\n\n\n\n<p>El \u00c1rea de Orden P\u00fablico de la Municipalidad de Armstrong inform\u00f3 que en el transcurso de la<br>\u00faltima semana se procedi\u00f3 a realizar recorridos en coordinaci\u00f3n con Polic\u00eda y central de monitoreo<br>para acciones de prevenci\u00f3n de faltas y delitos, con presencia efectiva en barrio FoNaVi Sur<br>incluyendo plaza Nona Rocha.<\/p>\n\n\n\n<figure class=\"wp-block-image size-large\"><a href=\"http:\/\/armstrongyregion.com.ar\/diario\/wp-content\/uploads\/2024\/04\/ORDEN-8-4-24-B-.jpg\"><img loading=\"lazy\" decoding=\"async\" width=\"576\" height=\"1024\" src=\"http:\/\/armstrongyregion.com.ar\/diario\/wp-content\/uploads\/2024\/04\/ORDEN-8-4-24-B--576x1024.jpg\" alt=\"\" class=\"wp-image-42350\" srcset=\"https:\/\/armstrongyregion.com.ar\/diario\/wp-content\/uploads\/2024\/04\/ORDEN-8-4-24-B--576x1024.jpg 576w, https:\/\/armstrongyregion.com.ar\/diario\/wp-content\/uploads\/2024\/04\/ORDEN-8-4-24-B--169x300.jpg 169w, https:\/\/armstrongyregion.com.ar\/diario\/wp-content\/uploads\/2024\/04\/ORDEN-8-4-24-B-.jpg 720w\" sizes=\"auto, (max-width: 576px) 100vw, 576px\" \/><\/a><\/figure>\n\n\n\n<p><br>Estos recorridos con presencia preventiva se extendieron en horas de la madrugada a Plaza San<br>Mart\u00edn, edificio municipal, parroquia Nuestra Se\u00f1ora de la Merced y Estaci\u00f3n M\u00e1s.<br>Junto a personal de Comisar\u00eda Tercera Armstrong UR III e inspectores municipales en coordinaci\u00f3n<br>con central de monitoreo se concretaron controles vehiculares en Ruta N\u00b0 9 y calle Paraguay, y v\u00edas<br>del ferrocarril y Paraguay.<\/p>\n","protected":false},"excerpt":{"rendered":"<p>Informe \u00c1rea de Orden P\u00fablico 08\/04\/2024<\/p>\n","protected":false},"author":1,"featured_media":42349,"comment_status":"open","ping_status":"open","sticky":false,"template":"","format":"image","meta":{"_jetpack_memberships_contains_paid_content":false,"footnotes":"","jetpack_publicize_message":"","jetpack_publicize_feature_enabled":true,"jetpack_social_post_already_shared":true,"jetpack_social_options":{"image_generator_settings":{"template":"highway","default_image_id":0,"enabled":false},"version":2}},"categories":[8,1,2,7],"tags":[20,5030,8653,8777,1570,10479],"class_list":["post-42348","post","type-post","status-publish","format-image","has-post-thumbnail","hentry","category-deliberando","category-diario-armstrong","category-locales","category-politica","tag-armstrong","tag-diario-armstrong","tag-informe-2","tag-lic-graciela-de-la-casa","tag-orden","tag-publico-6","post_format-post-format-image"],"jetpack_publicize_connections":[],"jetpack_featured_media_url":"https:\/\/armstrongyregion.com.ar\/diario\/wp-content\/uploads\/2024\/04\/ORDEN-8-4-24-.jpg","jetpack_shortlink":"https:\/\/wp.me\/p62QDO-b12","jetpack_sharing_enabled":true,"amp_enabled":true,"_links":{"self":[{"href":"https:\/\/armstrongyregion.com.ar\/diario\/wp-json\/wp\/v2\/posts\/42348","targetHints":{"allow":["GET"]}}],"collection":[{"href":"https:\/\/armstrongyregion.com.ar\/diario\/wp-json\/wp\/v2\/posts"}],"about":[{"href":"https:\/\/armstrongyregion.com.ar\/diario\/wp-json\/wp\/v2\/types\/post"}],"author":[{"embeddable":true,"href":"https:\/\/armstrongyregion.com.ar\/diario\/wp-json\/wp\/v2\/users\/1"}],"replies":[{"embeddable":true,"href":"https:\/\/armstrongyregion.com.ar\/diario\/wp-json\/wp\/v2\/comments?post=42348"}],"version-history":[{"count":1,"href":"https:\/\/armstrongyregion.com.ar\/diario\/wp-json\/wp\/v2\/posts\/42348\/revisions"}],"predecessor-version":[{"id":42351,"href":"https:\/\/armstrongyregion.com.ar\/diario\/wp-json\/wp\/v2\/posts\/42348\/revisions\/42351"}],"wp:featuredmedia":[{"embeddable":true,"href":"https:\/\/armstrongyregion.com.ar\/diario\/wp-json\/wp\/v2\/media\/42349"}],"wp:attachment":[{"href":"https:\/\/armstrongyregion.com.ar\/diario\/wp-json\/wp\/v2\/media?parent=42348"}],"wp:term":[{"taxonomy":"category","embeddable":true,"href":"https:\/\/armstrongyregion.com.ar\/diario\/wp-json\/wp\/v2\/categories?post=42348"},{"taxonomy":"post_tag","embeddable":true,"href":"https:\/\/armstrongyregion.com.ar\/diario\/wp-json\/wp\/v2\/tags?post=42348"}],"curies":[{"name":"wp","href":"https:\/\/api.w.org\/{rel}","templated":true}]}}