{"id":42325,"date":"2024-04-07T03:47:33","date_gmt":"2024-04-07T03:47:33","guid":{"rendered":"https:\/\/armstrongyregion.com.ar\/diario\/?p=42325"},"modified":"2024-04-07T03:57:44","modified_gmt":"2024-04-07T03:57:44","slug":"rosana-nardi-vamos-a-armar-un-alboroto-productivo-fenomenal-en-armstrong","status":"publish","type":"post","link":"https:\/\/armstrongyregion.com.ar\/diario\/rosana-nardi-vamos-a-armar-un-alboroto-productivo-fenomenal-en-armstrong\/","title":{"rendered":"Rosana Nardi: Vamos a armar un alboroto productivo fenomenal en Armstrong."},"content":{"rendered":"\n<figure class=\"wp-block-image size-full\"><a href=\"http:\/\/armstrongyregion.com.ar\/diario\/wp-content\/uploads\/2024\/04\/Rosana-Nardi-.jpg\"><img loading=\"lazy\" decoding=\"async\" width=\"645\" height=\"444\" src=\"http:\/\/armstrongyregion.com.ar\/diario\/wp-content\/uploads\/2024\/04\/Rosana-Nardi-.jpg\" alt=\"\" class=\"wp-image-42326\" srcset=\"https:\/\/armstrongyregion.com.ar\/diario\/wp-content\/uploads\/2024\/04\/Rosana-Nardi-.jpg 645w, https:\/\/armstrongyregion.com.ar\/diario\/wp-content\/uploads\/2024\/04\/Rosana-Nardi--300x207.jpg 300w\" sizes=\"auto, (max-width: 645px) 100vw, 645px\" \/><\/a><\/figure>\n\n\n\n<h2 class=\"wp-block-heading\">Agroactiva est\u00e1 cada vez m\u00e1s cerca y el sector agroindustrial argentino espera con gran expectativa una nueva edici\u00f3n de la mega muestra. El evento m\u00e1s convocante del agro ser\u00e1 del 5 al 8 de junio en el habitual predio de Armstrong, ubicado en el cruce de la autopista Rosario-C\u00f3rdoba y la ruta nacional N\u00ba 178 y las autoridades de la provincia anfitriona, Santa Fe, junto a los organizadores de Agroactiva realizaron una presentaci\u00f3n en CABA para medios, empresas y entidades.<\/h2>\n\n\n\n<p>Participaron del encuentro el gobernador de Santa Fe, Maximiliano Pullaro; el secretario de Bioeconom\u00eda de la Naci\u00f3n, Fernando Vilella; el ministro de Desarrollo Productivo santafesino, Gustavo Puccini y el intendente de Armstrong, Guillermo Luzzi; quienes acompa\u00f1aron a la directora general de la muestra, Rosana Nardi.<\/p>\n\n\n\n<p><strong>Rosana Nardi&nbsp;<\/strong>fue la encargada de abrir los discursos: \u201cAgroactiva es la palabra que nos identifica como comunidad de campo, personas que compartimos los mismos valores, las mismas pasiones, y los mismos objetivos. En Agroactiva nos encontramos una vez al a\u00f1o para reconocernos y darnos a conocer. La comunidad m\u00e1s activa del pa\u00eds se planta de cara al mundo y se festeja durante cuatro d\u00edas. Somos el campo genuino, simple, y tambi\u00e9n somos el campo de los negocios, el campo del conocimiento, y el campo de las \u00faltimas tecnolog\u00edas.<\/p>\n\n\n\n<p>\u201cMiles de agroactivistas nos reunimos en esta ciudad temporal que nos representa y nos entusiasma, que todos los a\u00f1os parece la misma, pero no lo es, porque la historia de Agroactiva ha sido siempre trabajar sobre dos objetivos que a primera vista resultan incompatibles o contradictorios. Por un lado, la b\u00fasqueda del permanente cambio persiguiendo la superaci\u00f3n, la excelencia y la innovaci\u00f3n. Y por el otro, evolucionar sin cambiar nuestra esencia, cambiar sin cambiar, sin cambiar nuestros valores\u201d.<\/p>\n\n\n\n<p>\u00abAgroactiva se emplaza en el coraz\u00f3n productivo de Argentina, en una locaci\u00f3n estrat\u00e9gica para la llegada de p\u00fablico desde todos los lugares del pa\u00eds y del mundo. Adem\u00e1s el momento del a\u00f1o es inmejorable, post cosecha para concretar negocios. Hay mucha expectativa en el sector agropecuario para que esta exposici\u00f3n sea una vez m\u00e1s el despegue de las ventas relacionadas con el rubro. Despu\u00e9s de casi tres a\u00f1os muy duros para los productores \u2013coment\u00f3 Nardi-&nbsp;&nbsp;estamos a la puerta de una buena cosecha y en Agroactiva estar\u00e1n las mejores condiciones de financiamiento, promociones y oportunidades de negocios\u201d. Las empresas ya se est\u00e1n preparando y a dos meses de la exposici\u00f3n casi el 88% de la superficie disponible est\u00e1 ocupada porque \u201clos clientes saben que el mejor lugar para vender es donde todos quieren comprar, y ese lugar es Agroactiva\u201d.<\/p>\n\n\n\n<p>\u201cDel 5 al 8 de junio Los AGROACTIVISTAS vamos a armar un alboroto productivo fenomenal en Armstrong. \u00a1Los esperamos!\u201d, concluy\u00f3 la directora general de la muestra.<\/p>\n\n\n\n<p><strong>Pullaro: \u201cSanta Fe es el campo, la industria y el comercio y eso es Agroactiva\u201d<\/strong><\/p>\n\n\n\n<p>El gobernador asegur\u00f3 que es \u201cun honor que esta exposici\u00f3n se lleve adelante en suelo santafesino porque Santa Fe es el campo, la industria y el comercio\u201d. La presentaci\u00f3n fue acompa\u00f1ada por funcionarios del poder ejecutivo de la Provincia, el senador nacional, el presidente de la bolsa de comercio e intendentes que \u201cempujan esta feria porque sentimos que es lo nuestro, que es la santafesinidad, y es lo que nosotros queremos defender\u201d, indic\u00f3 Pullaro.<\/p>\n\n\n\n<p>El mandatario provincial realiz\u00f3 una cr\u00edtica al decir que \u201ca veces si desde Buenos Aires mirar\u00edan m\u00e1s al interior productivo, mirar\u00edan m\u00e1s al campo, comprender\u00edan lo que significa cuando hablamos del campo, hablamos de generaciones que empezaron trabajando peque\u00f1as parcelas de tierra y lograron crecer con sus econom\u00edas familiares, que son personas que invierten todo lo que ganan en a\u00f1os buenos y en a\u00f1os malos, que no sacan la plata de la Rep\u00fablica Argentina y que cada peso que tienen lo ponen para tener mejor tecnolog\u00eda, porque lo que quieren, lo que pretenden, lo que sue\u00f1an, es que su campo pueda rendir un quintal m\u00e1s o producir una tonelada m\u00e1s, esa es nuestra cultura, eso es nuestro ADN\u201d.<\/p>\n\n\n\n<p>En el mismo sentido se\u00f1al\u00f3 que \u201ccuando hablamos de la maquinaria agr\u00edcola no estamos hablando de inmensas f\u00e1bricas sino de empresas que tal vez hace treinta, cuarenta a\u00f1os empezaron en un garaje con una soldadora, con una plegadora y que reinvirtieron sus ganancias porque sue\u00f1an con que crezca la econom\u00eda del interior productivo de la Rep\u00fablica Argentina\u201d. El gobernador breg\u00f3 por esa asociaci\u00f3n virtuosa entre el sector p\u00fablico y el sector privado para fomentar el crecimiento de la econom\u00eda, de las fuentes de trabajo y de la estabilidad para regiones de nuestro pa\u00eds.<\/p>\n\n\n\n<p>Por \u00faltimo Pullaro remarc\u00f3 que \u201cen este momento dif\u00edcil de Argentina vamos a acompa\u00f1ar como Estado para que se puedan concretar m\u00e1s negocios en Agroactiva, con cr\u00e9ditos para las pymes y los productos porque eso a nosotros nos termina engrandeciendo\u201d.<\/p>\n\n\n\n<p><strong>Vilella: \u201cLas restricciones como cepo, retenciones y regulaciones de mercado est\u00e1n siendo removidas\u201d<\/strong><\/p>\n\n\n\n<p>El secretario de Bioeconom\u00eda de la Naci\u00f3n, Fernando Vilella agradeci\u00f3 la invitaci\u00f3n ya que Agroactiva es una feria&nbsp;&nbsp;que representa \u201ca los gringos que en el siglo XIX comenzaron a trabajar en una tierra que no conoc\u00edan y muchos de ellos ni siquiera ven\u00edan del sector rural cuando llegaron. Lo primero que tuvieron que hacer es empezar a adaptar los instrumentos de labor que ellos conoc\u00edan porque las tierras eran distintas, las situaciones productivas tambi\u00e9n y fueron capaces entonces de ir construyendo la base de lo que hoy es este cl\u00faster tan potente de maquinaria agr\u00edcola que tiene este transcurrir y que fue atravesando distintas etapas, etapas en las cuales finalmente en las \u00faltimas d\u00e9cadas hubo una transformaci\u00f3n muy fuerte que hubo que dise\u00f1ar maquinarias para una tecnolog\u00eda no conocida que era la siembra directa\u201d. Esa potencia del talento de los inmigrantes que se fue potenciando de nuevo con sus hijos o nietos que pudieron pasar por las universidades, \u201cuniversidades p\u00fablicas seguramente, y fueron capaces de ir construyendo estas sociedades tan ricas y que generan una competitividad que es la mayor del sistema econ\u00f3mico argentino, la del agro que genera el 70% de las exportaciones y lo hace a pesar de que las pol\u00edticas de las \u00faltimas d\u00e9cadas han sido contrarias a su crecimiento\u201d, coment\u00f3 el funcionario nacional. Adem\u00e1s agreg\u00f3 que las trabas de anta\u00f1o (retenciones, cepos y regulaciones) \u201cest\u00e1n siendo removidas y eso va a poder generar la condici\u00f3n para que esa expresi\u00f3n de talento de los gringos de Argentina pueda llevar a un estrato distinto, mejor, superador y que eso va a derramar en el conjunto de la sociedad argentina como siempre ocurri\u00f3\u201d.<\/p>\n\n\n\n<p><strong>Puccini: \u201cAgroactiva es la vidriera agroindustrial m\u00e1s importante del mundo\u201d<\/strong><\/p>\n\n\n\n<p>El ministro de Desarrollo Productivo de Santa Fe, Gustavo Puccini comenz\u00f3 su mensaje diciendo que \u201ces importante desde la Capital Federal poder mirar al interior productivo de la Rep\u00fablica Argentina que est\u00e1 a unos kil\u00f3metros desde aqu\u00ed y este interior productivo se lo va a mirar en Agroactiva. Esta feria que es la vidriera agroindustrial m\u00e1s importante del mundo, que va a cumplir 30 a\u00f1os y que va a ser un orgullo para nosotros trabajar incluso como Provincia para que all\u00ed se vea representada toda la potencialidad que tenemos\u201d.<\/p>\n\n\n\n<p>Santa Fe es la primera provincia productora de leche, molienda de soja, petr\u00f3leo di\u00e9sel; tambi\u00e9n ocupa el segundo lugar en producci\u00f3n de carne vacuna; tercer provincia productora de soja, ma\u00edz, trigo y carne porcina. Adem\u00e1s cuenta, en la zona de la muestra, con el cluster m\u00e1s importante de maquinaria agr\u00edcola, lo que representa el 44% de la producci\u00f3n nacional en el rubro.<\/p>\n\n\n\n<p>\u201cEn un momento complejo de la Argentina \u2013indic\u00f3 Puccini- nuestras empresas est\u00e1n invirtiendo, est\u00e1n agrandando naves y est\u00e1n pensando en crecer en la producci\u00f3n. Nosotros vamos a acompa\u00f1ar como Estado porque creemos que es la forma de que Santa Fe crezca y para exportar tenemos que innovar y esa es una pata muy importante que tambi\u00e9n en Agroactiva vamos a poder demostrar. La innovaci\u00f3n es una marca de la provincia de Santa Fe, tenemos las plataformas de innovaci\u00f3n desplegadas en todo el territorio\u201d.<\/p>\n\n\n\n<p>El funcionario provincial cerr\u00f3 con una afirmaci\u00f3n: \u201cel pa\u00eds sale adelante con m\u00e1s producci\u00f3n en un mundo que reclama alimentos. Tenemos las potencialidades del campo, de la industria, del comercio y de los talentos, de recursos humanos\u201d.<\/p>\n\n\n\n<p>\u201cAgroactiva en este a\u00f1o va a ser el puntapi\u00e9 inicial para que la Rep\u00fablica Argentina despegue\u201d, concluy\u00f3.<\/p>\n\n\n\n<p><strong>Luzzi: \u201cAgroactiva es la muestra a campo abierto m\u00e1s grande de Sudam\u00e9rica\u201d<\/strong><\/p>\n\n\n\n<p>El intendente de Armstrong, localidad que hace a\u00f1os es anfitriona de Agroactiva, Guillermo Luzzi agradeci\u00f3 a todos y todas y mostr\u00f3 su orgullo por estar participando del lanzamiento en Capital Federal de \u201cla muestra a cielo abierto m\u00e1s grande de Argentina y Sudam\u00e9rica\u201d. Agroactiva naci\u00f3 en Armstrong hace 30 a\u00f1os. Recorri\u00f3 distintos lugares del pa\u00eds, de la regi\u00f3n, pero volvi\u00f3 para instalarse en la ciudad que la vio nacer. \u201cEsperemos que sea para siempre, \u00bfno es cierto?\u201d, brome\u00f3 el jefe comunal.&nbsp;&nbsp;Para los armstronenses Agroactiva es un espacio donde se reencuentra cada a\u00f1o la familia productiva argentina, donde se exhibe al mundo el potencial del campo y de la agroindustria en general. \u201cVenimos de a\u00f1os realmente muy dif\u00edciles, golpeados por sequ\u00edas muy complicados para la producci\u00f3n, pero en esta campa\u00f1a creemos que el potencial del campo y de la industria de la regi\u00f3n y del pa\u00eds van a ser el sustento, el sector que le va a dar a la econom\u00eda nacional la mayor fuerza para poder crecer\u201d, afirm\u00f3 el intendente.<\/p>\n\n\n\n<p><strong>Participaci\u00f3n de la Provincia en la muestra<\/strong><\/p>\n\n\n\n<p>El Gobierno de Santa Fe dispondr\u00e1 de un espacio institucional de 13.800 m2, para acompa\u00f1ar a empresas agroindustriales, agtech, alimentos y emprendedores, que mostrar\u00e1n todo su potencial productivo. Las mismas podr\u00e1n realizar ventas y establecer contactos de negocios ante un gran marco de p\u00fablico.<\/p>\n\n\n\n<p>Adem\u00e1s, habr\u00e1 espacios espec\u00edficos destinados a conocer las atracciones tur\u00edsticas de todo el territorio santafesino, las herramientas de financiamiento y los principales programas con los que cuenta el Gobierno provincial.<\/p>\n\n\n\n<p>Fuente: Mariano Piergallini.<\/p>\n","protected":false},"excerpt":{"rendered":"<p>Rosana Nardi: Vamos a armar un alboroto productivo fenomenal en Armstrong.<\/p>\n","protected":false},"author":1,"featured_media":42326,"comment_status":"open","ping_status":"open","sticky":false,"template":"","format":"image","meta":{"_jetpack_memberships_contains_paid_content":false,"footnotes":"","jetpack_publicize_message":"","jetpack_publicize_feature_enabled":true,"jetpack_social_post_already_shared":true,"jetpack_social_options":{"image_generator_settings":{"template":"highway","default_image_id":0,"enabled":false},"version":2}},"categories":[8,1,2,7,3],"tags":[33,10475,8603,20,9924,15,8777,3462,10474,3683],"class_list":["post-42325","post","type-post","status-publish","format-image","has-post-thumbnail","hentry","category-deliberando","category-diario-armstrong","category-locales","category-politica","category-region","tag-a","tag-alboroto","tag-armar","tag-armstrong","tag-diario-armstrong-y-region-2","tag-en","tag-lic-graciela-de-la-casa","tag-productivo","tag-rosana-nardi","tag-vamos","post_format-post-format-image"],"jetpack_publicize_connections":[],"jetpack_featured_media_url":"https:\/\/armstrongyregion.com.ar\/diario\/wp-content\/uploads\/2024\/04\/Rosana-Nardi-.jpg","jetpack_shortlink":"https:\/\/wp.me\/p62QDO-b0F","jetpack_sharing_enabled":true,"amp_enabled":true,"_links":{"self":[{"href":"https:\/\/armstrongyregion.com.ar\/diario\/wp-json\/wp\/v2\/posts\/42325","targetHints":{"allow":["GET"]}}],"collection":[{"href":"https:\/\/armstrongyregion.com.ar\/diario\/wp-json\/wp\/v2\/posts"}],"about":[{"href":"https:\/\/armstrongyregion.com.ar\/diario\/wp-json\/wp\/v2\/types\/post"}],"author":[{"embeddable":true,"href":"https:\/\/armstrongyregion.com.ar\/diario\/wp-json\/wp\/v2\/users\/1"}],"replies":[{"embeddable":true,"href":"https:\/\/armstrongyregion.com.ar\/diario\/wp-json\/wp\/v2\/comments?post=42325"}],"version-history":[{"count":2,"href":"https:\/\/armstrongyregion.com.ar\/diario\/wp-json\/wp\/v2\/posts\/42325\/revisions"}],"predecessor-version":[{"id":42328,"href":"https:\/\/armstrongyregion.com.ar\/diario\/wp-json\/wp\/v2\/posts\/42325\/revisions\/42328"}],"wp:featuredmedia":[{"embeddable":true,"href":"https:\/\/armstrongyregion.com.ar\/diario\/wp-json\/wp\/v2\/media\/42326"}],"wp:attachment":[{"href":"https:\/\/armstrongyregion.com.ar\/diario\/wp-json\/wp\/v2\/media?parent=42325"}],"wp:term":[{"taxonomy":"category","embeddable":true,"href":"https:\/\/armstrongyregion.com.ar\/diario\/wp-json\/wp\/v2\/categories?post=42325"},{"taxonomy":"post_tag","embeddable":true,"href":"https:\/\/armstrongyregion.com.ar\/diario\/wp-json\/wp\/v2\/tags?post=42325"}],"curies":[{"name":"wp","href":"https:\/\/api.w.org\/{rel}","templated":true}]}}