{"id":42322,"date":"2024-04-07T03:37:24","date_gmt":"2024-04-07T03:37:24","guid":{"rendered":"https:\/\/armstrongyregion.com.ar\/diario\/?p=42322"},"modified":"2024-04-07T03:37:26","modified_gmt":"2024-04-07T03:37:26","slug":"provincia-convoca-a-empresas-a-participar-de-la-megamuestra-agroactiva-2024","status":"publish","type":"post","link":"https:\/\/armstrongyregion.com.ar\/diario\/provincia-convoca-a-empresas-a-participar-de-la-megamuestra-agroactiva-2024\/","title":{"rendered":"Provincia convoca a empresas a participar de la megamuestra AgroActiva 2024."},"content":{"rendered":"\n<figure class=\"wp-block-image size-full\"><a href=\"http:\/\/armstrongyregion.com.ar\/diario\/wp-content\/uploads\/2024\/04\/agroactiva2024.png\"><img loading=\"lazy\" decoding=\"async\" width=\"682\" height=\"275\" src=\"http:\/\/armstrongyregion.com.ar\/diario\/wp-content\/uploads\/2024\/04\/agroactiva2024.png\" alt=\"\" class=\"wp-image-42323\" srcset=\"https:\/\/armstrongyregion.com.ar\/diario\/wp-content\/uploads\/2024\/04\/agroactiva2024.png 682w, https:\/\/armstrongyregion.com.ar\/diario\/wp-content\/uploads\/2024\/04\/agroactiva2024-300x121.png 300w\" sizes=\"auto, (max-width: 682px) 100vw, 682px\" \/><\/a><\/figure>\n\n\n\n<h2 class=\"wp-block-heading\">El plazo para inscribirse es hasta el 26 de abril. El evento se realizar\u00e1 del 5 al 8 de junio en Armstrong y en el stand provincial las empresas pueden exponer gratuitamente.<\/h2>\n\n\n\n<p>El Gobierno de Santa Fe, a trav\u00e9s del Ministerio de Desarrollo Productivo, informa que se encuentra abierta la convocatoria para la participaci\u00f3n en AgroActiva 2024, la megamuestra agroindustrial que se llevar\u00e1 a cabo del 5 al 8 de junio en la localidad de Armstrong.<br>El ministro de Desarrollo Productivo, Gustavo Puccini, afirm\u00f3 que \u201cestamos orgullosos de que AgroActiva sea una muestra que representa lo mejor de nuestro ADN, lo mejor del campo, de la industria y del comercio\u201d, y agreg\u00f3: \u201cQueremos seguir siendo la segunda provincia exportadora del pa\u00eds porque es la forma de que Santa Fe siga creciendo. El interior productivo es el que imprime el dinamismo que Argentina necesita; y en un mundo que reclama alimentos vamos a salir adelante con m\u00e1s producci\u00f3n. Por eso, AgroActiva va a ser el puntapi\u00e9 inicial para el despegue del pa\u00eds\u201d.<br>Como en cada edici\u00f3n, la Provincia tendr\u00e1 una importante presencia en este evento, contando con seis lotes, que representan 13.800 m2; all\u00ed tendr\u00e1n su espacio para exponer empresas agroindustriales, de alimentos, artesanos y un lote especial dedicado a promocionar empresas Agtech.<br>La convocatoria est\u00e1 dirigida a empresas dedicadas al sector agroindustrial y sus derivados, productos regionales y alimentos entre otros.&nbsp;<\/p>\n\n\n\n<p><strong>C\u00f3mo participa<\/strong><br>Las empresas interesadas en participar deber\u00e1n inscribirse hasta el 26 de abril mediante el formulario disponible en el sitio de Santa Fe Expone. All\u00ed tambi\u00e9n podr\u00e1n encontrar el reglamento de participaci\u00f3n.&nbsp;<br>En el marco de Santa Fe Expone, el Estado Provincial ofrece un espacio gratuito para firmas que requieren de promoci\u00f3n para mostrar sus productos en una vidriera de trascendencia como Agroactiva.&nbsp;<\/p>\n\n\n\n<p><strong>Sobre AgroActiva<\/strong><br>AgroActiva es un evento emblem\u00e1tico que naci\u00f3 en la provincia de Santa Fe en 1994 como una exposici\u00f3n en Armstrong y que se ha convertido en una de las ferias agroindustriales m\u00e1s grandes del mundo.&nbsp;<br>Este a\u00f1o se celebran 30 a\u00f1os de actividad ininterrumpida y, durante todo este tiempo, AgroActiva se transform\u00f3 en la exposici\u00f3n agropecuaria a cielo abierto m\u00e1s convocante de Argentina y la regi\u00f3n, que supo ganarse el prestigio y el respeto de cada productor o contratista que la visit\u00f3, pero tambi\u00e9n de los empresarios que siente en ella el acompa\u00f1amiento genuino en cada una de sus ediciones.<br>Congrega a empresas, f\u00e1bricas, importadores y distribuidores de bienes, insumos y servicio para el sector agropecuario, quienes hacen cada a\u00f1o una apuesta m\u00e1s fuerte para exponer distintos productos de la cadena agroindustrial y ofrecer a decenas de miles de visitantes todo lo necesario para trabajar sus campos en un mismo lugar.<br>Durante cuatro d\u00edas productores, contratistas, veterinarios, ingenieros, asesores y p\u00fablico en general recorren la feria con objetivos firmes de capacitarse, entretenerse, pasar una buena jornada en familia y, fundamentalmente, acceder a los mejores negocios.<\/p>\n","protected":false},"excerpt":{"rendered":"<p>Provincia convoca a empresas a participar de la megamuestra AgroActiva 2024.<\/p>\n","protected":false},"author":1,"featured_media":42323,"comment_status":"open","ping_status":"open","sticky":false,"template":"","format":"image","meta":{"_jetpack_memberships_contains_paid_content":false,"footnotes":"","jetpack_publicize_message":"","jetpack_publicize_feature_enabled":true,"jetpack_social_post_already_shared":true,"jetpack_social_options":{"image_generator_settings":{"template":"highway","default_image_id":0,"enabled":false},"version":2}},"categories":[8,1,2,7,3],"tags":[33,10473,1145,19,1390,31,9440,3684,8640],"class_list":["post-42322","post","type-post","status-publish","format-image","has-post-thumbnail","hentry","category-deliberando","category-diario-armstrong","category-locales","category-politica","category-region","tag-a","tag-agroactiva-2024","tag-convoca","tag-de","tag-empresas","tag-la","tag-megamuestra","tag-participar","tag-provincia-2","post_format-post-format-image"],"jetpack_publicize_connections":[],"jetpack_featured_media_url":"https:\/\/armstrongyregion.com.ar\/diario\/wp-content\/uploads\/2024\/04\/agroactiva2024.png","jetpack_shortlink":"https:\/\/wp.me\/p62QDO-b0C","jetpack_sharing_enabled":true,"amp_enabled":true,"_links":{"self":[{"href":"https:\/\/armstrongyregion.com.ar\/diario\/wp-json\/wp\/v2\/posts\/42322","targetHints":{"allow":["GET"]}}],"collection":[{"href":"https:\/\/armstrongyregion.com.ar\/diario\/wp-json\/wp\/v2\/posts"}],"about":[{"href":"https:\/\/armstrongyregion.com.ar\/diario\/wp-json\/wp\/v2\/types\/post"}],"author":[{"embeddable":true,"href":"https:\/\/armstrongyregion.com.ar\/diario\/wp-json\/wp\/v2\/users\/1"}],"replies":[{"embeddable":true,"href":"https:\/\/armstrongyregion.com.ar\/diario\/wp-json\/wp\/v2\/comments?post=42322"}],"version-history":[{"count":1,"href":"https:\/\/armstrongyregion.com.ar\/diario\/wp-json\/wp\/v2\/posts\/42322\/revisions"}],"predecessor-version":[{"id":42324,"href":"https:\/\/armstrongyregion.com.ar\/diario\/wp-json\/wp\/v2\/posts\/42322\/revisions\/42324"}],"wp:featuredmedia":[{"embeddable":true,"href":"https:\/\/armstrongyregion.com.ar\/diario\/wp-json\/wp\/v2\/media\/42323"}],"wp:attachment":[{"href":"https:\/\/armstrongyregion.com.ar\/diario\/wp-json\/wp\/v2\/media?parent=42322"}],"wp:term":[{"taxonomy":"category","embeddable":true,"href":"https:\/\/armstrongyregion.com.ar\/diario\/wp-json\/wp\/v2\/categories?post=42322"},{"taxonomy":"post_tag","embeddable":true,"href":"https:\/\/armstrongyregion.com.ar\/diario\/wp-json\/wp\/v2\/tags?post=42322"}],"curies":[{"name":"wp","href":"https:\/\/api.w.org\/{rel}","templated":true}]}}