{"id":42316,"date":"2024-04-04T23:33:46","date_gmt":"2024-04-04T23:33:46","guid":{"rendered":"https:\/\/armstrongyregion.com.ar\/diario\/?p=42316"},"modified":"2024-04-04T23:33:48","modified_gmt":"2024-04-04T23:33:48","slug":"armstrong-llega-la-primera-feria-del-ano","status":"publish","type":"post","link":"https:\/\/armstrongyregion.com.ar\/diario\/armstrong-llega-la-primera-feria-del-ano\/","title":{"rendered":"Armstrong. Llega la primera Feria del a\u00f1o."},"content":{"rendered":"\n<figure class=\"wp-block-image size-full\"><a href=\"http:\/\/armstrongyregion.com.ar\/diario\/wp-content\/uploads\/2024\/04\/Feria-2024-.jpg\"><img loading=\"lazy\" decoding=\"async\" width=\"397\" height=\"400\" src=\"http:\/\/armstrongyregion.com.ar\/diario\/wp-content\/uploads\/2024\/04\/Feria-2024-.jpg\" alt=\"\" class=\"wp-image-42317\" srcset=\"https:\/\/armstrongyregion.com.ar\/diario\/wp-content\/uploads\/2024\/04\/Feria-2024-.jpg 397w, https:\/\/armstrongyregion.com.ar\/diario\/wp-content\/uploads\/2024\/04\/Feria-2024--298x300.jpg 298w, https:\/\/armstrongyregion.com.ar\/diario\/wp-content\/uploads\/2024\/04\/Feria-2024--150x150.jpg 150w\" sizes=\"auto, (max-width: 397px) 100vw, 397px\" \/><\/a><\/figure>\n\n\n\n<p>Municipalidad de Armstrong invita a participar de la primera feria de este a\u00f1o de Sabores y Colores<br>Locales, el domingo 7 de abril a partir de las 15:30 hs. en el tradicional espacio que ofrece el parque<br>recreativo Bracito Fuerte.<br>M\u00e1s de 30 emprendedores de nuestra ciudad y de la regi\u00f3n estar\u00e1n esperando al p\u00fablico para<br>ofrecerles sus art\u00edculos elaborados artesanalmente, con muchas novedades, y como siempre habr\u00e1<br>m\u00fasica a cargo de DJ Gamal, sorteos en los stands, la calesita \u201cEl Profe\u201d y los juegos permanentes del<br>parque para los m\u00e1s chicos.<br>Servicio de buffet a cargo del Taller de Folclore \u00abAires de Tradici\u00f3n, y n\u00fameros art\u00edsticos del Grupo de Danzas Argentinas \u00abFrancisco Maldonado\u00bb.<\/p>\n\n\n\n<p> Se suspende en caso de lluvia.<\/p>\n","protected":false},"excerpt":{"rendered":"<p>Armstrong. Llega la primera Feria del a\u00f1o.<\/p>\n","protected":false},"author":1,"featured_media":42317,"comment_status":"open","ping_status":"open","sticky":false,"template":"","format":"image","meta":{"_jetpack_memberships_contains_paid_content":false,"footnotes":"","jetpack_publicize_message":"","jetpack_publicize_feature_enabled":true,"jetpack_social_post_already_shared":true,"jetpack_social_options":{"image_generator_settings":{"template":"highway","default_image_id":0,"enabled":false},"version":2}},"categories":[6,8,1,2,7,3],"tags":[20,1336,19,1725,13],"class_list":["post-42316","post","type-post","status-publish","format-image","has-post-thumbnail","hentry","category-cultura-entretenimiento","category-deliberando","category-diario-armstrong","category-locales","category-politica","category-region","tag-armstrong","tag-colores","tag-de","tag-feria","tag-y","post_format-post-format-image"],"jetpack_publicize_connections":[],"jetpack_featured_media_url":"https:\/\/armstrongyregion.com.ar\/diario\/wp-content\/uploads\/2024\/04\/Feria-2024-.jpg","jetpack_shortlink":"https:\/\/wp.me\/p62QDO-b0w","jetpack_sharing_enabled":true,"amp_enabled":true,"_links":{"self":[{"href":"https:\/\/armstrongyregion.com.ar\/diario\/wp-json\/wp\/v2\/posts\/42316","targetHints":{"allow":["GET"]}}],"collection":[{"href":"https:\/\/armstrongyregion.com.ar\/diario\/wp-json\/wp\/v2\/posts"}],"about":[{"href":"https:\/\/armstrongyregion.com.ar\/diario\/wp-json\/wp\/v2\/types\/post"}],"author":[{"embeddable":true,"href":"https:\/\/armstrongyregion.com.ar\/diario\/wp-json\/wp\/v2\/users\/1"}],"replies":[{"embeddable":true,"href":"https:\/\/armstrongyregion.com.ar\/diario\/wp-json\/wp\/v2\/comments?post=42316"}],"version-history":[{"count":1,"href":"https:\/\/armstrongyregion.com.ar\/diario\/wp-json\/wp\/v2\/posts\/42316\/revisions"}],"predecessor-version":[{"id":42319,"href":"https:\/\/armstrongyregion.com.ar\/diario\/wp-json\/wp\/v2\/posts\/42316\/revisions\/42319"}],"wp:featuredmedia":[{"embeddable":true,"href":"https:\/\/armstrongyregion.com.ar\/diario\/wp-json\/wp\/v2\/media\/42317"}],"wp:attachment":[{"href":"https:\/\/armstrongyregion.com.ar\/diario\/wp-json\/wp\/v2\/media?parent=42316"}],"wp:term":[{"taxonomy":"category","embeddable":true,"href":"https:\/\/armstrongyregion.com.ar\/diario\/wp-json\/wp\/v2\/categories?post=42316"},{"taxonomy":"post_tag","embeddable":true,"href":"https:\/\/armstrongyregion.com.ar\/diario\/wp-json\/wp\/v2\/tags?post=42316"}],"curies":[{"name":"wp","href":"https:\/\/api.w.org\/{rel}","templated":true}]}}