{"id":42313,"date":"2024-04-04T21:10:59","date_gmt":"2024-04-04T21:10:59","guid":{"rendered":"https:\/\/armstrongyregion.com.ar\/diario\/?p=42313"},"modified":"2024-04-04T21:11:01","modified_gmt":"2024-04-04T21:11:01","slug":"pullaro-venimos-a-conocer-la-propuesta-del-gobierno-nacional","status":"publish","type":"post","link":"https:\/\/armstrongyregion.com.ar\/diario\/pullaro-venimos-a-conocer-la-propuesta-del-gobierno-nacional\/","title":{"rendered":"Pullaro: \u201cVenimos a conocer la propuesta del Gobierno nacional\u201d"},"content":{"rendered":"\n<figure class=\"wp-block-image size-full\"><a href=\"http:\/\/armstrongyregion.com.ar\/diario\/wp-content\/uploads\/2024\/04\/pullaro-4-4-24-.jpg\"><img loading=\"lazy\" decoding=\"async\" width=\"485\" height=\"323\" src=\"http:\/\/armstrongyregion.com.ar\/diario\/wp-content\/uploads\/2024\/04\/pullaro-4-4-24-.jpg\" alt=\"\" class=\"wp-image-42314\" srcset=\"https:\/\/armstrongyregion.com.ar\/diario\/wp-content\/uploads\/2024\/04\/pullaro-4-4-24-.jpg 485w, https:\/\/armstrongyregion.com.ar\/diario\/wp-content\/uploads\/2024\/04\/pullaro-4-4-24--300x200.jpg 300w\" sizes=\"auto, (max-width: 485px) 100vw, 485px\" \/><\/a><\/figure>\n\n\n\n<h2 class=\"wp-block-heading\">Lo dijo el gobernador de Santa Fe antes de reunirse con el ministro del Interior de la Naci\u00f3n, Guillermo Francos, y otros mandatarios provinciales para trabajar sobre el proyecto de la Ley Bases. \u201cVamos a acompa\u00f1ar la iniciativa\u201d, anticip\u00f3 Pullaro, y dijo que el encuentro de hoy permitir\u00e1 \u201cdiscutir cada una de las particularidades, las diferentes propuestas en el plexo normativo\u201d.<\/h2>\n\n\n\n<p>El gobernador de la provincia de Santa Fe, Maximiliano Pullaro, se re\u00fane este jueves con el ministro del Interior de la Naci\u00f3n, Guillermo Francos, y otros mandatarios provinciales de Argentina, para conocer detalles sobre el proyecto de la Ley Bases. \u201cEste es un gobierno que est\u00e1 comenzando, hay que darle las herramientas. Vamos a acompa\u00f1ar en t\u00e9rminos generales la Ley Bases. Venimos a discutir cada una de las particularidades, las diferentes propuestas en el plexo normativo\u201d, se\u00f1al\u00f3 el mandatario santafesino.&nbsp;<\/p>\n\n\n\n<p>En ese marco, previo al encuentro, Pullaro destac\u00f3 que \u201cvenimos a conocer la propuesta del Gobierno nacional camino al Pacto de Mayo. Entendemos que se debe discutir la reforma fiscal y pol\u00edtica de la Rep\u00fablica Argentina, pero tambi\u00e9n tenemos que incluir algunas cosas que son muy importantes, como el sistema productivo, hacia d\u00f3nde debe ir nuestro pa\u00eds y tambi\u00e9n el sistema educativo. Cosas importantes para la Argentina del futuro\u201d.<\/p>\n\n\n\n<figure class=\"wp-block-image\"><img decoding=\"async\" src=\"https:\/\/ci3.googleusercontent.com\/meips\/ADKq_NYNBTb3JkEKqJ6YVNCHvqGmwXfeAIHS4YW0No0WKasY8b963xdJ1YnZEcu1vF49Tra3q34HxHWfFL3ahYAy74_tISvffk4lGynZ3QcgIMWHly_1tKQQ9-rzauDSHY6KpU3D8gZnQlYEziZxZGc=s0-d-e1-ft#https:\/\/www.santafe.gob.ar\/noticias\/recursos\/fotos\/2024\/04\/2024-04-04NID_280027O_2.jpeg\" alt=\"\"\/><\/figure>\n\n\n\n<p>Seguidamente, el gobernador se refiri\u00f3 a la posibilidad de realizar obras en una alianza p\u00fablico-privada y afirm\u00f3 que \u201cestamos estudiando el complejo interportuario de la provincia de Santa Fe y de qu\u00e9 manera mejoramos las rutas de los accesos de los puertos por donde salen el 80% de los cereales de las exportaciones de Argentina. Con lo cual estamos de acuerdo en esta iniciativa\u201d.&nbsp;<\/p>\n\n\n\n<p>Por \u00faltimo, Pullaro se refiri\u00f3 a la reforma del impuesto a las ganancias y sostuvo que \u201cen t\u00e9rminos generales, estamos de acuerdo. Nosotros hicimos una propuesta para grabar a aquellas personas que posean bienes en el exterior y en el interior del pa\u00eds y tambi\u00e9n grabar al 4 o 5 por ciento de los argentinos que m\u00e1s ingresos tienen\u201d.&nbsp;<\/p>\n\n\n\n<p>\u201cNo estoy de acuerdo con el piso de 1.200.000 pesos. Vamos a estudiar cu\u00e1l es la propuesta que va a enviar el gobierno. Hace unos d\u00edas nos entregaron un borrador con los puntos que se iban a llevar adelante. Entendemos que es una propuesta superadora porque no incluye temas que eran temas conflictivos para la provincia de Santa Fe, que es una provincia productiva que defiende al campo y a la industria. Se sac\u00f3 el esquema de retenciones y el esquema de biodiesel, que a nuestro criterio beneficiaba la industria petrolera y no beneficiaba la industria verde\u201d, finaliz\u00f3 el gobernador santafesino.<\/p>\n","protected":false},"excerpt":{"rendered":"<p>Pullaro: \u201cVenimos a conocer la propuesta del Gobierno nacional\u201d<\/p>\n","protected":false},"author":1,"featured_media":42314,"comment_status":"open","ping_status":"open","sticky":false,"template":"","format":"image","meta":{"_jetpack_memberships_contains_paid_content":false,"footnotes":"","jetpack_publicize_message":"","jetpack_publicize_feature_enabled":true,"jetpack_social_post_already_shared":true,"jetpack_social_options":{"image_generator_settings":{"template":"highway","default_image_id":0,"enabled":false},"version":2}},"categories":[8,1,2,7,3],"tags":[9924,38,8777,621,801,2846],"class_list":["post-42313","post","type-post","status-publish","format-image","has-post-thumbnail","hentry","category-deliberando","category-diario-armstrong","category-locales","category-politica","category-region","tag-diario-armstrong-y-region-2","tag-gobierno","tag-lic-graciela-de-la-casa","tag-nacional","tag-propuesta","tag-pullaro","post_format-post-format-image"],"jetpack_publicize_connections":[],"jetpack_featured_media_url":"https:\/\/armstrongyregion.com.ar\/diario\/wp-content\/uploads\/2024\/04\/pullaro-4-4-24-.jpg","jetpack_shortlink":"https:\/\/wp.me\/p62QDO-b0t","jetpack_sharing_enabled":true,"amp_enabled":true,"_links":{"self":[{"href":"https:\/\/armstrongyregion.com.ar\/diario\/wp-json\/wp\/v2\/posts\/42313","targetHints":{"allow":["GET"]}}],"collection":[{"href":"https:\/\/armstrongyregion.com.ar\/diario\/wp-json\/wp\/v2\/posts"}],"about":[{"href":"https:\/\/armstrongyregion.com.ar\/diario\/wp-json\/wp\/v2\/types\/post"}],"author":[{"embeddable":true,"href":"https:\/\/armstrongyregion.com.ar\/diario\/wp-json\/wp\/v2\/users\/1"}],"replies":[{"embeddable":true,"href":"https:\/\/armstrongyregion.com.ar\/diario\/wp-json\/wp\/v2\/comments?post=42313"}],"version-history":[{"count":1,"href":"https:\/\/armstrongyregion.com.ar\/diario\/wp-json\/wp\/v2\/posts\/42313\/revisions"}],"predecessor-version":[{"id":42315,"href":"https:\/\/armstrongyregion.com.ar\/diario\/wp-json\/wp\/v2\/posts\/42313\/revisions\/42315"}],"wp:featuredmedia":[{"embeddable":true,"href":"https:\/\/armstrongyregion.com.ar\/diario\/wp-json\/wp\/v2\/media\/42314"}],"wp:attachment":[{"href":"https:\/\/armstrongyregion.com.ar\/diario\/wp-json\/wp\/v2\/media?parent=42313"}],"wp:term":[{"taxonomy":"category","embeddable":true,"href":"https:\/\/armstrongyregion.com.ar\/diario\/wp-json\/wp\/v2\/categories?post=42313"},{"taxonomy":"post_tag","embeddable":true,"href":"https:\/\/armstrongyregion.com.ar\/diario\/wp-json\/wp\/v2\/tags?post=42313"}],"curies":[{"name":"wp","href":"https:\/\/api.w.org\/{rel}","templated":true}]}}