{"id":42309,"date":"2024-04-04T20:58:03","date_gmt":"2024-04-04T20:58:03","guid":{"rendered":"https:\/\/armstrongyregion.com.ar\/diario\/?p=42309"},"modified":"2024-04-04T20:58:06","modified_gmt":"2024-04-04T20:58:06","slug":"pullaro-argentina-saldra-adelante-con-el-campo-la-produccion-y-la-industria-ese-es-nuestro-aporte-al-pacto-de-mayo","status":"publish","type":"post","link":"https:\/\/armstrongyregion.com.ar\/diario\/pullaro-argentina-saldra-adelante-con-el-campo-la-produccion-y-la-industria-ese-es-nuestro-aporte-al-pacto-de-mayo\/","title":{"rendered":"Pullaro: \u201cArgentina saldr\u00e1 adelante con el campo, la producci\u00f3n y la industria; ese es nuestro aporte al Pacto de Mayo\u201d"},"content":{"rendered":"\n<figure class=\"wp-block-image size-full\"><a href=\"http:\/\/armstrongyregion.com.ar\/diario\/wp-content\/uploads\/2024\/04\/agroactiva-pullaro-a-.jpg\"><img loading=\"lazy\" decoding=\"async\" width=\"640\" height=\"427\" src=\"http:\/\/armstrongyregion.com.ar\/diario\/wp-content\/uploads\/2024\/04\/agroactiva-pullaro-a-.jpg\" alt=\"\" class=\"wp-image-42310\" srcset=\"https:\/\/armstrongyregion.com.ar\/diario\/wp-content\/uploads\/2024\/04\/agroactiva-pullaro-a-.jpg 640w, https:\/\/armstrongyregion.com.ar\/diario\/wp-content\/uploads\/2024\/04\/agroactiva-pullaro-a--300x200.jpg 300w\" sizes=\"auto, (max-width: 640px) 100vw, 640px\" \/><\/a><\/figure>\n\n\n\n<p>Lo asegur\u00f3 al encabezar este jueves, en Buenos Aires, el lanzamiento de la edici\u00f3n 2024 de AgroActiva, muestra de maquinaria e insumos agr\u00edcolas que se desarrollar\u00e1 del 5 al 8 de junio en Armstrong. Adem\u00e1s se\u00f1al\u00f3 que el pa\u00eds requiere de un \u201cdise\u00f1o institucional y productivo\u201d para salir adelante.<\/p>\n\n\n\n<figure class=\"wp-block-image size-full\"><a href=\"http:\/\/armstrongyregion.com.ar\/diario\/wp-content\/uploads\/2024\/04\/agroactiva-b-.jpg\"><img loading=\"lazy\" decoding=\"async\" width=\"640\" height=\"427\" src=\"http:\/\/armstrongyregion.com.ar\/diario\/wp-content\/uploads\/2024\/04\/agroactiva-b-.jpg\" alt=\"\" class=\"wp-image-42311\" srcset=\"https:\/\/armstrongyregion.com.ar\/diario\/wp-content\/uploads\/2024\/04\/agroactiva-b-.jpg 640w, https:\/\/armstrongyregion.com.ar\/diario\/wp-content\/uploads\/2024\/04\/agroactiva-b--300x200.jpg 300w\" sizes=\"auto, (max-width: 640px) 100vw, 640px\" \/><\/a><\/figure>\n\n\n\n<p> El gobernador Maximiliano Pullaro y el ministro de Desarrollo Productivo, Gustavo Puccini, presentaron en Buenos Aires la edici\u00f3n n\u00famero 30 de la feria AgroActiva, que se llevar\u00e1 adelante entre el 5 y el 8 de junio en Armstrong, departamento Belgrano. El acto se realiz\u00f3 en el hall central de la Casa de Santa Fe, donde Pullaro expres\u00f3 que \u201cnos honra que esta exposici\u00f3n se lleve a cabo en Santa Fe, que es campo, industria y comercio\u201d, y agradeci\u00f3 la presencia de autoridades nacionales, provinciales, locales, empresarios y expositores que acompa\u00f1an el desarrollo de la muestra, especialmente la del secretario de Bioeconom\u00eda de la Naci\u00f3n, Fernando Vilella, \u201cporque es un aliado de la provincia, y muestra que en Argentina hay, y debe haber m\u00e1s, pol\u00edticas de Estado que defiendan al interior productivo\u201d. <\/p>\n\n\n\n<p>El gobernador record\u00f3 que los productores santafesinos \u201cinvierten cada peso que reciben para tener mejor tecnolog\u00eda, porque sue\u00f1an con que su campo rinda un quintal o una tonelada m\u00e1s.<\/p>\n\n\n\n<p> Esa es nuestra cultura, nuestra identidad, nuestro ADN. Los productores santafesinos representan a empresas que comenzaron quiz\u00e1s en un garaje, con una soldadora o una plegadora, y que reinvirtieron porque sue\u00f1an con tener un empleado m\u00e1s o maquinarias nuevas que les permitan crecer y desarrollarse. Eso somos\u201d, afirm\u00f3. \u201cQueremos seguir creciendo y adem\u00e1s apostando a la ciencia y a la tecnolog\u00eda, con el acompa\u00f1amiento del Estado en el desarrollo de pol\u00edticas p\u00fablicas que permitan, en una asociaci\u00f3n virtuosa con el sector privado, que crezcan la econom\u00eda y las fuentes de trabajo\u201d, destac\u00f3 el mandatario santafesino. <\/p>\n\n\n\n<p>Asimismo, se\u00f1al\u00f3 que \u201cla producci\u00f3n, el campo y la industria son nuestra identidad. Tenemos que discutir un sistema productivo en la Argentina\u201d asegur\u00f3, y mencion\u00f3 que \u201cel Pacto de Mayo (convocado por el presidente Javier Milei) es una enorme oportunidad no solo para rediscutir la reforma pol\u00edtica o tributaria, sino el modelo productivo, hacia d\u00f3nde vamos; si vamos a producir cereales o a industrializarlos, como queremos nosotros; si vamos a exportar carne; cu\u00e1les son los mercados a los que fundamentalmente hay que apostar. Ese dise\u00f1o institucional y productivo es el que debe tener Argentina\u201d. En ese marco, Pullaro tambi\u00e9n se refiri\u00f3 a revisar y analizar las retenciones al agro, porque \u201cla Argentina va a salir adelante con la producci\u00f3n del campo y la industria, y eso es lo que tenemos para aportarle al Pacto de Mayo\u201d. <\/p>\n\n\n\n<p>*Talento y trabajo*<\/p>\n\n\n\n<p> El secretario de Bioeconom\u00eda de la Naci\u00f3n, Fernando Vilella, asegur\u00f3 que \u201clas retenciones, los cepos y regulaciones (a la producci\u00f3n) est\u00e1n siendo removidas para que el talento de descendientes de \u2018los gringos\u2019 (en referencia a la Pampa Gringa) llegue a un estrato superior y se derrame sobre el pa\u00eds, devolvi\u00e9ndoles la rentabilidad\u201d. A su turno, Puccini dijo que \u201cqueremos seguir siendo la segunda provincia exportadora del pa\u00eds porque es la forma de que Santa Fe siga creciendo. El interior productivo es el que imprime el dinamismo que Argentina necesita; y en un mundo que reclama alimentos vamos a salir adelante con m\u00e1s producci\u00f3n. Por eso, AgroActiva va a ser el puntapi\u00e9 inicial para el despegue del pa\u00eds\u201d. Previamente, la directora de Agroactiva, Rosana Nardi, consign\u00f3 que \u201cestamos muy honrados de que Santa Fe nos permita presentar la muestra en su Casa. <\/p>\n\n\n\n<p>Agroactiva es la palabra que nos identifica como comunidad de campo, compartiendo los mismos valores, pasiones y objetivos. Somos el campo genuino, simple y trabajado; y el de los negocios, la tecnolog\u00eda y el conocimiento\u201d. <\/p>\n\n\n\n<p>Por \u00faltimo, el intendente de Armstrong, Guillermo Luzzi, record\u00f3 que \u201cAgroactiva naci\u00f3 hace 30 a\u00f1os y recorri\u00f3 distintos lugares del pa\u00eds pero volvi\u00f3 a instalarse en nuestra ciudad. Es un espacio donde se reencuentra a\u00f1o a a\u00f1o la familia productiva y donde se exhibe al mundo el potencial de nuestra agroindustria y nuestros valores\u201d. El stand de Santa Fe en la muestra contar\u00e1 con un espacio total de 13.800 m\u00b2 y se ofrecer\u00e1 espacio para 150 pymes santafesinas de los rubros agtech, agroindustrial, metalmec\u00e1nica y alimentos, entre otros. <\/p>\n\n\n\n<p>De la presentaci\u00f3n de la muestra participaron tambi\u00e9n la secretaria Ejecutiva y de Coordinaci\u00f3n General del Ministerio de la Producci\u00f3n, Paola Forcada; el senador nacional Eduardo Galaretto; el diputado nacional, Gabriel Chumpitaz; y la diputada nacional, Melina Giorgi, junto con dem\u00e1s autoridades nacionales y provinciales, empresarios y expositores que participar\u00e1n de Agroactiva.<\/p>\n","protected":false},"excerpt":{"rendered":"<p>Pullaro: \u201cArgentina saldr\u00e1 adelante con el campo, la producci\u00f3n y la industria; ese es nuestro aporte al Pacto de Mayo\u201d<\/p>\n","protected":false},"author":1,"featured_media":42310,"comment_status":"open","ping_status":"open","sticky":false,"template":"","format":"image","meta":{"_jetpack_memberships_contains_paid_content":false,"footnotes":"","jetpack_publicize_message":"","jetpack_publicize_feature_enabled":true,"jetpack_social_post_already_shared":true,"jetpack_social_options":{"image_generator_settings":{"template":"highway","default_image_id":0,"enabled":false},"version":2}},"categories":[8,1,2,7,3],"tags":[409,8923,251,100,5030,9924,1603,8777,10472,2846,10470],"class_list":["post-42309","post","type-post","status-publish","format-image","has-post-thumbnail","hentry","category-deliberando","category-diario-armstrong","category-locales","category-politica","category-region","tag-campo","tag-adelante-2","tag-argentina","tag-con","tag-diario-armstrong","tag-diario-armstrong-y-region-2","tag-industria","tag-lic-graciela-de-la-casa","tag-produccion-2","tag-pullaro","tag-saldra","post_format-post-format-image"],"jetpack_publicize_connections":[],"jetpack_featured_media_url":"https:\/\/armstrongyregion.com.ar\/diario\/wp-content\/uploads\/2024\/04\/agroactiva-pullaro-a-.jpg","jetpack_shortlink":"https:\/\/wp.me\/p62QDO-b0p","jetpack_sharing_enabled":true,"amp_enabled":true,"_links":{"self":[{"href":"https:\/\/armstrongyregion.com.ar\/diario\/wp-json\/wp\/v2\/posts\/42309","targetHints":{"allow":["GET"]}}],"collection":[{"href":"https:\/\/armstrongyregion.com.ar\/diario\/wp-json\/wp\/v2\/posts"}],"about":[{"href":"https:\/\/armstrongyregion.com.ar\/diario\/wp-json\/wp\/v2\/types\/post"}],"author":[{"embeddable":true,"href":"https:\/\/armstrongyregion.com.ar\/diario\/wp-json\/wp\/v2\/users\/1"}],"replies":[{"embeddable":true,"href":"https:\/\/armstrongyregion.com.ar\/diario\/wp-json\/wp\/v2\/comments?post=42309"}],"version-history":[{"count":1,"href":"https:\/\/armstrongyregion.com.ar\/diario\/wp-json\/wp\/v2\/posts\/42309\/revisions"}],"predecessor-version":[{"id":42312,"href":"https:\/\/armstrongyregion.com.ar\/diario\/wp-json\/wp\/v2\/posts\/42309\/revisions\/42312"}],"wp:featuredmedia":[{"embeddable":true,"href":"https:\/\/armstrongyregion.com.ar\/diario\/wp-json\/wp\/v2\/media\/42310"}],"wp:attachment":[{"href":"https:\/\/armstrongyregion.com.ar\/diario\/wp-json\/wp\/v2\/media?parent=42309"}],"wp:term":[{"taxonomy":"category","embeddable":true,"href":"https:\/\/armstrongyregion.com.ar\/diario\/wp-json\/wp\/v2\/categories?post=42309"},{"taxonomy":"post_tag","embeddable":true,"href":"https:\/\/armstrongyregion.com.ar\/diario\/wp-json\/wp\/v2\/tags?post=42309"}],"curies":[{"name":"wp","href":"https:\/\/api.w.org\/{rel}","templated":true}]}}