{"id":42305,"date":"2024-04-04T02:14:05","date_gmt":"2024-04-04T02:14:05","guid":{"rendered":"https:\/\/armstrongyregion.com.ar\/diario\/?p=42305"},"modified":"2024-04-04T02:16:49","modified_gmt":"2024-04-04T02:16:49","slug":"ctera-anuncio-un-paro-nacional-docente-para-el-jueves","status":"publish","type":"post","link":"https:\/\/armstrongyregion.com.ar\/diario\/ctera-anuncio-un-paro-nacional-docente-para-el-jueves\/","title":{"rendered":"CTERA anunci\u00f3 un paro nacional docente para el jueves."},"content":{"rendered":"\n<figure class=\"wp-block-image size-full\"><a href=\"http:\/\/armstrongyregion.com.ar\/diario\/wp-content\/uploads\/2018\/03\/paro_docente_jpg_.jpg\"><img loading=\"lazy\" decoding=\"async\" width=\"847\" height=\"476\" src=\"http:\/\/armstrongyregion.com.ar\/diario\/wp-content\/uploads\/2018\/03\/paro_docente_jpg_.jpg\" alt=\"\" class=\"wp-image-16396\" srcset=\"https:\/\/armstrongyregion.com.ar\/diario\/wp-content\/uploads\/2018\/03\/paro_docente_jpg_.jpg 847w, https:\/\/armstrongyregion.com.ar\/diario\/wp-content\/uploads\/2018\/03\/paro_docente_jpg_-300x169.jpg 300w\" sizes=\"auto, (max-width: 847px) 100vw, 847px\" \/><\/a><\/figure>\n\n\n\n<h2 class=\"wp-block-heading\">El gremio reclama la convocatoria a la paritaria y la restituci\u00f3n del FONID.<\/h2>\n\n\n\n<p>La\u00a0<strong>Confederaci\u00f3n de Trabajadores de la Educaci\u00f3n (CTERA)<\/strong>\u00a0convoc\u00f3 a un\u00a0<strong>paro nacional docente<\/strong>\u00a0para el pr\u00f3ximo jueves 4 abril. La medida de fuerza anunciada a \u00faltima hora de la noche de este martes es -entre otros puntos- en reclamo de la\u00a0<strong>paritaria<\/strong>\u00a0y la restituci\u00f3n del\u00a0<strong>Fondo Nacional de Incentivo Docente (FONID)<\/strong>\u00a0que elimin\u00f3 el Gobierno de Javier Milei.<\/p>\n\n\n\n<p>El malestar entre los gremios docentes viene en aumento a lo largo de estos meses y este \u00faltimo tiempo comenzaron a hablar de una gran protesta nacional en reclamo de mejoras salariales. El Poder Ejecutivo hizo a mediados de marzo una propuesta de aumento casi id\u00e9ntica a la que ya hab\u00edan rechazado los sindicatos, de $325.000. Sin embargo, las autoridades gremiales exigen un salario inicial de $450.000, por lo que la oferta oficial resulta insuficiente.<\/p>\n\n\n\n<p>Las diferencias con los sindicatos suma tensi\u00f3n a la decisi\u00f3n del Gobierno de modificar el presupuesto nacional y disponer la eliminaci\u00f3n del Fondo Nacional de Incentivo que permit\u00eda reforzar los salarios docentes. Para la CTERA, que encabezan<strong>\u00a0Sonia Alesso y Roberto Baradel<\/strong>, \u201cel FONID es un derecho que conseguimos en 1998 y que no puede eliminarse por decreto porque es una ley votada por ampl\u00edsima mayor\u00eda\u201d, y advirti\u00f3 que la decisi\u00f3n \u201cagrava a\u00fan m\u00e1s la situaci\u00f3n salarial de la docencia, ya que significa\u00a0<strong>entre un 10% y 20% de rebaja salarial<\/strong>,adem\u00e1s de afectar los presupuestos educativos de las provincias\u201d.<\/p>\n\n\n\n<p>Frente a esta situaci\u00f3n, el principal gremio docente de todo el pa\u00eds reclama adem\u00e1s de la restituci\u00f3n del Fondo y \u201cla urgente convocatoria\u201d a la paritaria,\u00a0<strong>\u201cla restituci\u00f3n de un piso salarial a nivel nacional, el env\u00edo de fondos para los programas nacionales, el aumento urgente para los haberes de docentes jubilados, y el env\u00edo de los fondos nacionales para las Cajas Previsionales Provinciales\u201d.<\/strong><\/p>\n\n\n\n<p>A trav\u00e9s de un comunicado difundido esta noche, expresaron su \u201csolidaridad con los trabajadores y trabajadoras estatales\u201d y, en el marco de un nuevo aniversario del asesinato del docente Carlos Fuentealba -el 4 de abril de 2007- CTERA ratific\u00f3 el rechazo al Protocolo de Seguridad de Patricia Bullrich que \u201ccriminaliza la protesta social\u201d.<\/p>\n\n\n\n<p>Adem\u00e1s de la medida de fuerza, el gremio realizar\u00e1 un lanzamiento de una campa\u00f1a de firmas exigiendo al Poder Ejecutivo que garantice la educaci\u00f3n p\u00fablica en todo el pa\u00eds.<\/p>\n\n\n\n<p>En el marco del paro nacional habr\u00e1 conferencia de prensa en distintas provincias y \u201cacciones para visibilizar la grave situaci\u00f3n educativa\u201d.<\/p>\n\n\n\n<p>En la&nbsp;<strong>Ciudad de Buenos Aires<\/strong>, CTERA aprovechar\u00e1 para acoplarse a la marcha de la CTA al Congreso Nacional \u201cen defensa de las jubilaciones, contra el ajuste a la movilidad jubilatoria, en defensa de la jubilaci\u00f3n\u201d.<\/p>\n\n\n\n<p>Mientras que<strong>&nbsp;Neuqu\u00e9n&nbsp;<\/strong>habr\u00e1 una movilizaci\u00f3n en recuerdo de Fuentealba y una \u201cgran marcha contra el modelo represivo que lleva adelante el Gobierno Nacional\u201d.<\/p>\n\n\n\n<p>\u201cEste paro nacional es la continuidad del Plan de Acci\u00f3n que CTERA vot\u00f3 por unanimidad, contra el ajuste a la educaci\u00f3n p\u00fablica, por la restituci\u00f3n del FONID, la convocatoria a la paritaria nacional docente y la urgente recomposici\u00f3n salarial para nuestras jubiladas y nuestros jubilados\u201d, concluy\u00f3 el comunicado de la Junta Ejecutiva del gremio.<\/p>\n\n\n\n<p>Hace un mes, el pasado 4 de marzo, en el inicio del ciclo lectivo, se llev\u00f3 a cabo el prime paro nacional docente de 2024, organizado por los cuatro gremios docentes nucleados en la&nbsp;<strong>CGT<\/strong>: UDA, AMET, SADOP y CEA. En aquella ocasi\u00f3n, los sindicatos nucleados en CTERA no adhirieron.<\/p>\n\n\n\n<p>En efecto, pese a la medida de fuerza, se inform\u00f3 que\u00a0<strong>2,9 millones de estudiantes<\/strong>\u00a0empezaron las clases en las provincias de Catamarca, Chaco, Chubut, Jujuy, Misiones, Neuqu\u00e9n, Salta, San Juan, Santa Cruz, Santiago del Estero y Tucum\u00e1n. El impacto del paro nacional se sinti\u00f3 con m\u00e1s fuerza en\u00a0<strong>San Juan<\/strong>\u00a0y\u00a0<strong>Neuqu\u00e9n<\/strong>.<\/p>\n\n\n\n<p>Fuente: Infobae<\/p>\n","protected":false},"excerpt":{"rendered":"<p>CTERA anunci\u00f3 un paro nacional docente para el jueves.<\/p>\n","protected":false},"author":1,"featured_media":16396,"comment_status":"open","ping_status":"open","sticky":false,"template":"","format":"image","meta":{"_jetpack_memberships_contains_paid_content":false,"footnotes":"","jetpack_publicize_message":"","jetpack_publicize_feature_enabled":true,"jetpack_social_post_already_shared":true,"jetpack_social_options":{"image_generator_settings":{"template":"highway","default_image_id":0,"enabled":false},"version":2}},"categories":[6,8,1,2,7,3],"tags":[835,10469,5030,8969,755,8777,621,81,1026,192],"class_list":["post-42305","post","type-post","status-publish","format-image","has-post-thumbnail","hentry","category-cultura-entretenimiento","category-deliberando","category-diario-armstrong","category-locales","category-politica","category-region","tag-anuncio","tag-ctera","tag-diario-armstrong","tag-docente-2","tag-jueves","tag-lic-graciela-de-la-casa","tag-nacional","tag-para","tag-paro","tag-un","post_format-post-format-image"],"jetpack_publicize_connections":[],"jetpack_featured_media_url":"https:\/\/armstrongyregion.com.ar\/diario\/wp-content\/uploads\/2018\/03\/paro_docente_jpg_.jpg","jetpack_shortlink":"https:\/\/wp.me\/p62QDO-b0l","jetpack_sharing_enabled":true,"amp_enabled":true,"_links":{"self":[{"href":"https:\/\/armstrongyregion.com.ar\/diario\/wp-json\/wp\/v2\/posts\/42305","targetHints":{"allow":["GET"]}}],"collection":[{"href":"https:\/\/armstrongyregion.com.ar\/diario\/wp-json\/wp\/v2\/posts"}],"about":[{"href":"https:\/\/armstrongyregion.com.ar\/diario\/wp-json\/wp\/v2\/types\/post"}],"author":[{"embeddable":true,"href":"https:\/\/armstrongyregion.com.ar\/diario\/wp-json\/wp\/v2\/users\/1"}],"replies":[{"embeddable":true,"href":"https:\/\/armstrongyregion.com.ar\/diario\/wp-json\/wp\/v2\/comments?post=42305"}],"version-history":[{"count":2,"href":"https:\/\/armstrongyregion.com.ar\/diario\/wp-json\/wp\/v2\/posts\/42305\/revisions"}],"predecessor-version":[{"id":42307,"href":"https:\/\/armstrongyregion.com.ar\/diario\/wp-json\/wp\/v2\/posts\/42305\/revisions\/42307"}],"wp:featuredmedia":[{"embeddable":true,"href":"https:\/\/armstrongyregion.com.ar\/diario\/wp-json\/wp\/v2\/media\/16396"}],"wp:attachment":[{"href":"https:\/\/armstrongyregion.com.ar\/diario\/wp-json\/wp\/v2\/media?parent=42305"}],"wp:term":[{"taxonomy":"category","embeddable":true,"href":"https:\/\/armstrongyregion.com.ar\/diario\/wp-json\/wp\/v2\/categories?post=42305"},{"taxonomy":"post_tag","embeddable":true,"href":"https:\/\/armstrongyregion.com.ar\/diario\/wp-json\/wp\/v2\/tags?post=42305"}],"curies":[{"name":"wp","href":"https:\/\/api.w.org\/{rel}","templated":true}]}}