{"id":42299,"date":"2024-04-03T21:41:27","date_gmt":"2024-04-03T21:41:27","guid":{"rendered":"https:\/\/armstrongyregion.com.ar\/diario\/?p=42299"},"modified":"2024-04-03T21:41:30","modified_gmt":"2024-04-03T21:41:30","slug":"rectores-de-las-universidades-publicas-y-directivos-del-conicet-expusieron-un-crudo-relato-de-su-situacion-en-la-legislatura","status":"publish","type":"post","link":"https:\/\/armstrongyregion.com.ar\/diario\/rectores-de-las-universidades-publicas-y-directivos-del-conicet-expusieron-un-crudo-relato-de-su-situacion-en-la-legislatura\/","title":{"rendered":"\u00abRectores de las universidades p\u00fablicas y directivos del Conicet expusieron un crudo relato de su situaci\u00f3n en la legislatura\u00bb."},"content":{"rendered":"\n<figure class=\"wp-block-image size-full\"><a href=\"http:\/\/armstrongyregion.com.ar\/diario\/wp-content\/uploads\/2024\/04\/clarita-3-4-24-b-.jpg\"><img loading=\"lazy\" decoding=\"async\" width=\"640\" height=\"427\" src=\"http:\/\/armstrongyregion.com.ar\/diario\/wp-content\/uploads\/2024\/04\/clarita-3-4-24-b-.jpg\" alt=\"\" class=\"wp-image-42300\" srcset=\"https:\/\/armstrongyregion.com.ar\/diario\/wp-content\/uploads\/2024\/04\/clarita-3-4-24-b-.jpg 640w, https:\/\/armstrongyregion.com.ar\/diario\/wp-content\/uploads\/2024\/04\/clarita-3-4-24-b--300x200.jpg 300w\" sizes=\"auto, (max-width: 640px) 100vw, 640px\" \/><\/a><\/figure>\n\n\n\n<h2 class=\"wp-block-heading\">Encabezado por la presidenta de la C\u00e1mara de Diputadas y Diputados, Clara Garc\u00eda, y la titular de la comisi\u00f3n de Educaci\u00f3n, Gisel Mahmud, se desarroll\u00f3 un encuentro, por iniciativa de Alejandra Rodenas, en el que se analiz\u00f3 el impacto de los recortes aplicados por el gobierno nacional, con la participaci\u00f3n de legisladores de todos los bloques.<\/h2>\n\n\n\n<figure class=\"wp-block-image size-full\"><a href=\"http:\/\/armstrongyregion.com.ar\/diario\/wp-content\/uploads\/2024\/04\/clarita-3-4-24-.jpg\"><img loading=\"lazy\" decoding=\"async\" width=\"640\" height=\"427\" src=\"http:\/\/armstrongyregion.com.ar\/diario\/wp-content\/uploads\/2024\/04\/clarita-3-4-24-.jpg\" alt=\"\" class=\"wp-image-42301\" srcset=\"https:\/\/armstrongyregion.com.ar\/diario\/wp-content\/uploads\/2024\/04\/clarita-3-4-24-.jpg 640w, https:\/\/armstrongyregion.com.ar\/diario\/wp-content\/uploads\/2024\/04\/clarita-3-4-24--300x200.jpg 300w\" sizes=\"auto, (max-width: 640px) 100vw, 640px\" \/><\/a><\/figure>\n\n\n\n<p>La C\u00e1mara de Diputadas y Diputados recibi\u00f3 a las autoridades de las universidades nacionales de Rosario (UNR), del Litoral (UNL) y Rafaela (UNRaf), de las delegaciones de la Universidad Tecnol\u00f3gica Nacional (UTN) y de los centros cient\u00edficos del Conicet con sede en Santa Fe para analizar el impacto presupuestario de los recortes que el gobierno nacional aplic\u00f3 en materia de educaci\u00f3n, ciencia, tecnolog\u00eda e investigaci\u00f3n. El encuentro estuvo encabezado por la presidenta del cuerpo, Clara Garc\u00eda, y fue convocado por la titular de la Comisi\u00f3n de Educaci\u00f3n, Ciencia, Tecnolog\u00eda e Innovaci\u00f3n, la diputada provincial Gisel Mahmud, a propuesta de su par Alejandra Rodenas. Garc\u00eda advirti\u00f3 sobre la situaci\u00f3n \u201cin\u00e9dita\u201d que atraviesan la educaci\u00f3n superior y la investigaci\u00f3n a nivel nacional: \u201cNuestro pa\u00eds nunca sufri\u00f3 tal grado de incertidumbre; no hay una interlocuci\u00f3n que permita saber qu\u00e9 va a pasar de aqu\u00ed en adelante.<\/p>\n\n\n\n<p> Con alt\u00edsimos \u00edndices de inflaci\u00f3n, la universidad sigue teniendo el mismo presupuesto del a\u00f1o pasado, es decir, que en pocos meses esos recursos se terminar\u00e1n. El Conicet tiene sus becas de doctorado frenadas y hay personas que ya han sido avisadas de que quedar\u00e1n sin trabajo. Esto hace presumir un pa\u00eds que le da la espalda a la educaci\u00f3n superior y a la ciencia y eso debe encontrar a todo el arco pol\u00edtico unido y apoyando a la educaci\u00f3n p\u00fablica\u201d, inst\u00f3.<\/p>\n\n\n\n<p> \u201cEl gobierno nacional tiene una responsabilidad primordial en el \u00e1rea y cobra los impuestos para sostenerla\u201d, remarc\u00f3 Garc\u00eda y profundiz\u00f3 su cuestionamiento al se\u00f1alar que la administraci\u00f3n de Javier Milei \u201crecort\u00f3 los subsidios al transporte, la obra p\u00fablica, que tambi\u00e9n impacta en las universidades; los fondos jubilatorios, no interviene en materia de salud p\u00fablica y, adem\u00e1s, frena recursos para la educaci\u00f3n superior y la investigaci\u00f3n\u201d. A su turno, Mahmud explic\u00f3 que el encuentro fue generado \u201cpara escuchar y conocer de primera mano la realidad que atraviesan hoy las universidades p\u00fablicas y los institutos de investigaci\u00f3n como Conicet. Fue muy importante la convocatoria y lo que detallaron cada una de las autoridades presentes, nos llevamos una radiograf\u00eda precisa de lo que pasa y de lo alarmados que est\u00e1n ante la situaci\u00f3n que est\u00e1n viviendo\u201d, agreg\u00f3. \u201cNo queremos mirar para el costado, desentendernos de nuestra responsabilidad frente a las instituciones y del derecho de los estudiantes. <\/p>\n\n\n\n<p>El valor de la educaci\u00f3n p\u00fablica y de la ciencia es muy grande, sin ellas no hay futuro\u201d, sostuvo y remarc\u00f3: \u201cQueremos colaborar y trabajar en conjunto, como articular acciones con el gobierno provincial para que todas las instituciones de la educaci\u00f3n superior cumplan la funci\u00f3n para la que fueron creadas, que es producir conocimiento y formar a los profesionales que aportan sus saberes a la sociedad para que avance y se desarrolle de manera continua. Interrumpir este ciclo desfinanciando al sector solo traer\u00e1 un retroceso para toda la Argentina\u201d. <\/p>\n\n\n\n<p>Formalmente se trat\u00f3 de una reuni\u00f3n de trabajo, que parti\u00f3 de una resoluci\u00f3n impulsada por la diputada Alejandra Rodenas, votada por unanimidad en la sesi\u00f3n del 22 de febrero. Lo que se vivi\u00f3 fue un relato pormenorizado, directo, claro y contundente sobre la situaci\u00f3n institucional que vive hoy la ciencia y la educaci\u00f3n universitaria en Santa Fe a partir de los recortes presupuestarios adoptados por el gobierno nacional. En este marco, Rodenas indic\u00f3 que mientras \u201cen 1983 la Argentina ten\u00eda 300 mil estudiantes, hoy tiene 2,5 millones. <\/p>\n\n\n\n<p>Esto habla de una pol\u00edtica de Estado que continu\u00f3 durante 40 a\u00f1os, con avances y retrocesos. Hoy estamos en un punto de inflexi\u00f3n por la discontinuidad de las pol\u00edticas p\u00fablicas en materia universitaria y del sector cient\u00edfico tecnol\u00f3gico que nos preocupa mucho y vamos a acompa\u00f1ar a sus autoridades\u201d. Adem\u00e1s de Garc\u00eda, Mahmud y Rodenas, estuvieron presentes los diputados Miguel Rabbia, Claudia Balagu\u00e9, Sof\u00eda Masutti, Varinia Drisun, Germ\u00e1n Scavuzzo, Ximena Garc\u00eda, Natalia Armas Belavi, Juan Arga\u00f1araz, Ver\u00f3nica Baro Graf, Joaqu\u00edn Blanco, Lionella Cattalini y Mariano Cuvertino. A su turno, el rector de la UNL, Enrique Mammarella, explic\u00f3 que contar con un presupuesto reconducido en este marco inflacionario \u201cimplica que a esta altura del a\u00f1o nuestros gastos de funcionamiento exceden lo que recibimos como cuota mensual.<\/p>\n\n\n\n<p> Es una situaci\u00f3n compleja para todas las universidades nacionales. Nosotros tenemos 63 edificios en el territorio y no podemos seguir garantizando todo lo que necesitan para funcionar en condiciones\u201d. Por su parte, Franco Bartolacci, rector de la UNR, indic\u00f3: \u201cYa fue dif\u00edcil mantener todas las actividades en 2023. Ahora, con el mismo presupuesto reconducido es imposible abordar lo planificado con 270% de inflaci\u00f3n. Es muy importante poder compartir estos datos en \u00e1mbitos como este para que se comprenda la situaci\u00f3n que atraviesan las universidades\u201d. En tanto, participaron del encuentro los rectores de las universidades nacionales del Litoral (UNL), Enrique Mammarella; Rosario (UNR), Franco Bartolacci; el secretario general de la Universidad Nacional de Rafaela (UNRAF), Marcelo Costamagna; de las facultades regionales de la UTN de Reconquista, Brian Moschen; Rafaela, Oscar David; Rosario, Rub\u00e9n Ciccarelli; Santa Fe, Eduardo Donnet; y Venado Tuerto, Jorge Rena. Tambi\u00e9n estuvieron presentes la directora y vice del Consejo Directivo Centro Cient\u00edfico Tecnol\u00f3gico Rosario, Sandra Fern\u00e1ndez y Sandra Signorella, respectivamente; el director y vice del CCT Santa Fe, Carlos Pi\u00f1a y Aldo Vecchietti, respectivamente; y Raquel Chan, integrante del Consejo Directivo del organismo.<\/p>\n","protected":false},"excerpt":{"rendered":"<p>\u00abRectores de las universidades p\u00fablicas y directivos del Conicet expusieron un crudo relato de su situaci\u00f3n en la legislatura\u00bb.<\/p>\n","protected":false},"author":1,"featured_media":42301,"comment_status":"open","ping_status":"open","sticky":false,"template":"","format":"image","meta":{"_jetpack_memberships_contains_paid_content":false,"footnotes":"","jetpack_publicize_message":"","jetpack_publicize_feature_enabled":true,"jetpack_social_post_already_shared":true,"jetpack_social_options":{"image_generator_settings":{"template":"highway","default_image_id":0,"enabled":false},"version":2}},"categories":[8,1,2,7,3],"tags":[8680,19,5030,9924,23,8777,9176,10468,9007],"class_list":["post-42299","post","type-post","status-publish","format-image","has-post-thumbnail","hentry","category-deliberando","category-diario-armstrong","category-locales","category-politica","category-region","tag-conicet","tag-de","tag-diario-armstrong","tag-diario-armstrong-y-region-2","tag-las","tag-lic-graciela-de-la-casa","tag-publicas-3","tag-rectores","tag-universidades","post_format-post-format-image"],"jetpack_publicize_connections":[],"jetpack_featured_media_url":"https:\/\/armstrongyregion.com.ar\/diario\/wp-content\/uploads\/2024\/04\/clarita-3-4-24-.jpg","jetpack_shortlink":"https:\/\/wp.me\/p62QDO-b0f","jetpack_sharing_enabled":true,"amp_enabled":true,"_links":{"self":[{"href":"https:\/\/armstrongyregion.com.ar\/diario\/wp-json\/wp\/v2\/posts\/42299","targetHints":{"allow":["GET"]}}],"collection":[{"href":"https:\/\/armstrongyregion.com.ar\/diario\/wp-json\/wp\/v2\/posts"}],"about":[{"href":"https:\/\/armstrongyregion.com.ar\/diario\/wp-json\/wp\/v2\/types\/post"}],"author":[{"embeddable":true,"href":"https:\/\/armstrongyregion.com.ar\/diario\/wp-json\/wp\/v2\/users\/1"}],"replies":[{"embeddable":true,"href":"https:\/\/armstrongyregion.com.ar\/diario\/wp-json\/wp\/v2\/comments?post=42299"}],"version-history":[{"count":1,"href":"https:\/\/armstrongyregion.com.ar\/diario\/wp-json\/wp\/v2\/posts\/42299\/revisions"}],"predecessor-version":[{"id":42302,"href":"https:\/\/armstrongyregion.com.ar\/diario\/wp-json\/wp\/v2\/posts\/42299\/revisions\/42302"}],"wp:featuredmedia":[{"embeddable":true,"href":"https:\/\/armstrongyregion.com.ar\/diario\/wp-json\/wp\/v2\/media\/42301"}],"wp:attachment":[{"href":"https:\/\/armstrongyregion.com.ar\/diario\/wp-json\/wp\/v2\/media?parent=42299"}],"wp:term":[{"taxonomy":"category","embeddable":true,"href":"https:\/\/armstrongyregion.com.ar\/diario\/wp-json\/wp\/v2\/categories?post=42299"},{"taxonomy":"post_tag","embeddable":true,"href":"https:\/\/armstrongyregion.com.ar\/diario\/wp-json\/wp\/v2\/tags?post=42299"}],"curies":[{"name":"wp","href":"https:\/\/api.w.org\/{rel}","templated":true}]}}