{"id":42275,"date":"2024-04-03T16:28:30","date_gmt":"2024-04-03T16:28:30","guid":{"rendered":"https:\/\/armstrongyregion.com.ar\/diario\/?p=42275"},"modified":"2024-04-03T16:28:32","modified_gmt":"2024-04-03T16:28:32","slug":"armstrong-rindio-homenaje-a-los-veteranos-de-guerra-y-caidos-en-malvinas","status":"publish","type":"post","link":"https:\/\/armstrongyregion.com.ar\/diario\/armstrong-rindio-homenaje-a-los-veteranos-de-guerra-y-caidos-en-malvinas\/","title":{"rendered":"Armstrong rindi\u00f3 homenaje a los Veteranos de Guerra y Ca\u00eddos en Malvinas."},"content":{"rendered":"\n<figure class=\"wp-block-image size-full\"><a href=\"http:\/\/armstrongyregion.com.ar\/diario\/wp-content\/uploads\/2024\/04\/malvinas-a-1-.jpg\"><img loading=\"lazy\" decoding=\"async\" width=\"660\" height=\"440\" src=\"http:\/\/armstrongyregion.com.ar\/diario\/wp-content\/uploads\/2024\/04\/malvinas-a-1-.jpg\" alt=\"\" class=\"wp-image-42276\" srcset=\"https:\/\/armstrongyregion.com.ar\/diario\/wp-content\/uploads\/2024\/04\/malvinas-a-1-.jpg 660w, https:\/\/armstrongyregion.com.ar\/diario\/wp-content\/uploads\/2024\/04\/malvinas-a-1--300x200.jpg 300w\" sizes=\"auto, (max-width: 660px) 100vw, 660px\" \/><\/a><\/figure>\n\n\n\n<p><strong>A 42 a\u00f1os de Malvinas<\/strong>;<\/p>\n\n\n\n<figure class=\"wp-block-image size-full\"><a href=\"http:\/\/armstrongyregion.com.ar\/diario\/wp-content\/uploads\/2024\/04\/malvinas-a-2-.jpg\"><img loading=\"lazy\" decoding=\"async\" width=\"690\" height=\"460\" src=\"http:\/\/armstrongyregion.com.ar\/diario\/wp-content\/uploads\/2024\/04\/malvinas-a-2-.jpg\" alt=\"\" class=\"wp-image-42277\" srcset=\"https:\/\/armstrongyregion.com.ar\/diario\/wp-content\/uploads\/2024\/04\/malvinas-a-2-.jpg 690w, https:\/\/armstrongyregion.com.ar\/diario\/wp-content\/uploads\/2024\/04\/malvinas-a-2--300x200.jpg 300w\" sizes=\"auto, (max-width: 690px) 100vw, 690px\" \/><\/a><\/figure>\n\n\n\n<figure class=\"wp-block-image size-full\"><a href=\"http:\/\/armstrongyregion.com.ar\/diario\/wp-content\/uploads\/2024\/04\/malvinas-a-3-.jpg\"><img loading=\"lazy\" decoding=\"async\" width=\"740\" height=\"493\" src=\"http:\/\/armstrongyregion.com.ar\/diario\/wp-content\/uploads\/2024\/04\/malvinas-a-3-.jpg\" alt=\"\" class=\"wp-image-42278\" srcset=\"https:\/\/armstrongyregion.com.ar\/diario\/wp-content\/uploads\/2024\/04\/malvinas-a-3-.jpg 740w, https:\/\/armstrongyregion.com.ar\/diario\/wp-content\/uploads\/2024\/04\/malvinas-a-3--300x200.jpg 300w\" sizes=\"auto, (max-width: 740px) 100vw, 740px\" \/><\/a><\/figure>\n\n\n\n<p><br>El martes 2 de abril la comunidad de Armstrong rindi\u00f3 homenaje a los Veteranos de Guerra y Ca\u00eddos<br>en la Guerra de Malvinas con un emotivo acto que se desarroll\u00f3 en la Plaza que lleva el nombre de<br>nuestro H\u00e9roe Nacional Claudio Giaretti.<\/p>\n\n\n\n<figure class=\"wp-block-image size-full\"><a href=\"http:\/\/armstrongyregion.com.ar\/diario\/wp-content\/uploads\/2024\/04\/malvinas-a-4.jpg\"><img loading=\"lazy\" decoding=\"async\" width=\"589\" height=\"393\" src=\"http:\/\/armstrongyregion.com.ar\/diario\/wp-content\/uploads\/2024\/04\/malvinas-a-4.jpg\" alt=\"\" class=\"wp-image-42279\" srcset=\"https:\/\/armstrongyregion.com.ar\/diario\/wp-content\/uploads\/2024\/04\/malvinas-a-4.jpg 589w, https:\/\/armstrongyregion.com.ar\/diario\/wp-content\/uploads\/2024\/04\/malvinas-a-4-300x200.jpg 300w\" sizes=\"auto, (max-width: 589px) 100vw, 589px\" \/><\/a><\/figure>\n\n\n\n<p><br>Con la presencia de autoridades, veteranos y familiares, representantes de instituciones se<br>entonaron las estrofas de nuestro Himno Nacional y la Marcha de las Malvinas interpretados por la<br>Banda Infanto Juvenil del Conservatorio Municipal de M\u00fasica, dirigida por el Maestro Valent\u00edn<br>Marquez.<\/p>\n\n\n\n<figure class=\"wp-block-image size-full\"><a href=\"http:\/\/armstrongyregion.com.ar\/diario\/wp-content\/uploads\/2024\/04\/malvinas-a-5.jpg\"><img loading=\"lazy\" decoding=\"async\" width=\"718\" height=\"479\" src=\"http:\/\/armstrongyregion.com.ar\/diario\/wp-content\/uploads\/2024\/04\/malvinas-a-5.jpg\" alt=\"\" class=\"wp-image-42280\" srcset=\"https:\/\/armstrongyregion.com.ar\/diario\/wp-content\/uploads\/2024\/04\/malvinas-a-5.jpg 718w, https:\/\/armstrongyregion.com.ar\/diario\/wp-content\/uploads\/2024\/04\/malvinas-a-5-300x200.jpg 300w\" sizes=\"auto, (max-width: 718px) 100vw, 718px\" \/><\/a><\/figure>\n\n\n\n<p><br>El Intendente Guillermo Luzzi junto a la familia Giaretti y representantes de la Cooperativa<br>Agropecuaria de Armstrong Ltda. donde Claudio fuera trabajador, depositaron laureles en el<br>plaquetario en homenaje y recuerdo de la gesta.<\/p>\n\n\n\n<figure class=\"wp-block-image size-full\"><a href=\"http:\/\/armstrongyregion.com.ar\/diario\/wp-content\/uploads\/2024\/04\/malvinas-a-6-.jpg\"><img loading=\"lazy\" decoding=\"async\" width=\"672\" height=\"448\" src=\"http:\/\/armstrongyregion.com.ar\/diario\/wp-content\/uploads\/2024\/04\/malvinas-a-6-.jpg\" alt=\"\" class=\"wp-image-42281\" srcset=\"https:\/\/armstrongyregion.com.ar\/diario\/wp-content\/uploads\/2024\/04\/malvinas-a-6-.jpg 672w, https:\/\/armstrongyregion.com.ar\/diario\/wp-content\/uploads\/2024\/04\/malvinas-a-6--300x200.jpg 300w\" sizes=\"auto, (max-width: 672px) 100vw, 672px\" \/><\/a><\/figure>\n\n\n\n<p><br>Luego de los conmovedores discursos de Mauricio Giaretti, hermano de Claudio, y de los veteranos<br>Nelso Azpeit\u00eda y Luis Giorgi, el Intendente Luzzi dijo: \u201dA 42 a\u00f1os del desembarco de tropas argentinas<br>en nuestras Islas Malvinas, seguimos insistiendo en la importancia de recordar cada episodio de<br>nuestra historia, no s\u00f3lo para aprender y repensar algunas cuestiones que se olvidan f\u00e1cilmente,<br>sino tambi\u00e9n para fortalecer nuestro sentido de identidad nacional y para reafirmar nuestro<br>compromiso con la paz y la justicia\u201d.<\/p>\n\n\n\n<figure class=\"wp-block-image size-full\"><a href=\"http:\/\/armstrongyregion.com.ar\/diario\/wp-content\/uploads\/2024\/04\/malvinas-a-7-.jpg\"><img loading=\"lazy\" decoding=\"async\" width=\"708\" height=\"472\" src=\"http:\/\/armstrongyregion.com.ar\/diario\/wp-content\/uploads\/2024\/04\/malvinas-a-7-.jpg\" alt=\"\" class=\"wp-image-42282\" srcset=\"https:\/\/armstrongyregion.com.ar\/diario\/wp-content\/uploads\/2024\/04\/malvinas-a-7-.jpg 708w, https:\/\/armstrongyregion.com.ar\/diario\/wp-content\/uploads\/2024\/04\/malvinas-a-7--300x200.jpg 300w\" sizes=\"auto, (max-width: 708px) 100vw, 708px\" \/><\/a><\/figure>\n\n\n\n<p><br>En el segmento art\u00edstico musical se cont\u00f3 con la desinteresada participaci\u00f3n del cantante local<br>Gustavo Borgatello, interpretando dos canciones de su autor\u00eda en homenaje a \u201cCalambre\u201d y \u201cAl<br>Soldado argentino, centinela eterno\u201d<\/p>\n\n\n\n<figure class=\"wp-block-image size-full\"><a href=\"http:\/\/armstrongyregion.com.ar\/diario\/wp-content\/uploads\/2024\/04\/malvinas-a-8-.jpg\"><img loading=\"lazy\" decoding=\"async\" width=\"554\" height=\"370\" src=\"http:\/\/armstrongyregion.com.ar\/diario\/wp-content\/uploads\/2024\/04\/malvinas-a-8-.jpg\" alt=\"\" class=\"wp-image-42283\" srcset=\"https:\/\/armstrongyregion.com.ar\/diario\/wp-content\/uploads\/2024\/04\/malvinas-a-8-.jpg 554w, https:\/\/armstrongyregion.com.ar\/diario\/wp-content\/uploads\/2024\/04\/malvinas-a-8--300x200.jpg 300w\" sizes=\"auto, (max-width: 554px) 100vw, 554px\" \/><\/a><\/figure>\n","protected":false},"excerpt":{"rendered":"<p>Armstrong rindi\u00f3 homenaje a los Veteranos de Guerra y Ca\u00eddos en Malvinas.<\/p>\n","protected":false},"author":1,"featured_media":42276,"comment_status":"open","ping_status":"open","sticky":false,"template":"","format":"image","meta":{"_jetpack_memberships_contains_paid_content":false,"footnotes":"","jetpack_publicize_message":"","jetpack_publicize_feature_enabled":true,"jetpack_social_post_already_shared":true,"jetpack_social_options":{"image_generator_settings":{"template":"highway","default_image_id":0,"enabled":false},"version":2}},"categories":[8,1,2,7,3],"tags":[33,20,1328,19,5030,9924,15,9135,2072,8777,42,9136,10467,10464],"class_list":["post-42275","post","type-post","status-publish","format-image","has-post-thumbnail","hentry","category-deliberando","category-diario-armstrong","category-locales","category-politica","category-region","tag-a","tag-armstrong","tag-caidos","tag-de","tag-diario-armstrong","tag-diario-armstrong-y-region-2","tag-en","tag-guerra","tag-homenaje","tag-lic-graciela-de-la-casa","tag-los","tag-malvinas-2","tag-rindio","tag-veteranos","post_format-post-format-image"],"jetpack_publicize_connections":[],"jetpack_featured_media_url":"https:\/\/armstrongyregion.com.ar\/diario\/wp-content\/uploads\/2024\/04\/malvinas-a-1-.jpg","jetpack_shortlink":"https:\/\/wp.me\/p62QDO-aZR","jetpack_sharing_enabled":true,"amp_enabled":true,"_links":{"self":[{"href":"https:\/\/armstrongyregion.com.ar\/diario\/wp-json\/wp\/v2\/posts\/42275","targetHints":{"allow":["GET"]}}],"collection":[{"href":"https:\/\/armstrongyregion.com.ar\/diario\/wp-json\/wp\/v2\/posts"}],"about":[{"href":"https:\/\/armstrongyregion.com.ar\/diario\/wp-json\/wp\/v2\/types\/post"}],"author":[{"embeddable":true,"href":"https:\/\/armstrongyregion.com.ar\/diario\/wp-json\/wp\/v2\/users\/1"}],"replies":[{"embeddable":true,"href":"https:\/\/armstrongyregion.com.ar\/diario\/wp-json\/wp\/v2\/comments?post=42275"}],"version-history":[{"count":1,"href":"https:\/\/armstrongyregion.com.ar\/diario\/wp-json\/wp\/v2\/posts\/42275\/revisions"}],"predecessor-version":[{"id":42284,"href":"https:\/\/armstrongyregion.com.ar\/diario\/wp-json\/wp\/v2\/posts\/42275\/revisions\/42284"}],"wp:featuredmedia":[{"embeddable":true,"href":"https:\/\/armstrongyregion.com.ar\/diario\/wp-json\/wp\/v2\/media\/42276"}],"wp:attachment":[{"href":"https:\/\/armstrongyregion.com.ar\/diario\/wp-json\/wp\/v2\/media?parent=42275"}],"wp:term":[{"taxonomy":"category","embeddable":true,"href":"https:\/\/armstrongyregion.com.ar\/diario\/wp-json\/wp\/v2\/categories?post=42275"},{"taxonomy":"post_tag","embeddable":true,"href":"https:\/\/armstrongyregion.com.ar\/diario\/wp-json\/wp\/v2\/tags?post=42275"}],"curies":[{"name":"wp","href":"https:\/\/api.w.org\/{rel}","templated":true}]}}