{"id":4227,"date":"2015-09-24T15:00:01","date_gmt":"2015-09-24T15:00:01","guid":{"rendered":"https:\/\/armstrongyregion.com.ar\/diario\/?p=4227"},"modified":"2015-09-24T15:00:01","modified_gmt":"2015-09-24T15:00:01","slug":"nuevamente-moviles-sanitarios-en-armstrong","status":"publish","type":"post","link":"https:\/\/armstrongyregion.com.ar\/diario\/nuevamente-moviles-sanitarios-en-armstrong\/","title":{"rendered":"Nuevamente M\u00f3viles Sanitarios en Armstrong."},"content":{"rendered":"<p><a href=\"http:\/\/armstrongyregion.com.ar\/diario\/wp-content\/uploads\/2015\/09\/moviles-sanitarios..jpg\"><img loading=\"lazy\" decoding=\"async\" class=\"alignnone size-medium wp-image-4228\" src=\"http:\/\/armstrongyregion.com.ar\/diario\/wp-content\/uploads\/2015\/09\/moviles-sanitarios.-300x180.jpg\" alt=\"moviles sanitarios.\" width=\"300\" height=\"180\" srcset=\"https:\/\/armstrongyregion.com.ar\/diario\/wp-content\/uploads\/2015\/09\/moviles-sanitarios.-300x180.jpg 300w, https:\/\/armstrongyregion.com.ar\/diario\/wp-content\/uploads\/2015\/09\/moviles-sanitarios.-1024x615.jpg 1024w\" sizes=\"auto, (max-width: 300px) 100vw, 300px\" \/><\/a>Informamos que los pr\u00f3ximos d\u00edas Viernes 25 y S\u00e1bado 26 de Septiembre recibiremos en nuestra ciudad a las unidades M\u00f3viles Sanitarias con servicio de Oftalmolog\u00eda y controles cardiovasculares pertenecientes al Ministerio de Salud de la Naci\u00f3n. Dichas Unidades estar\u00e1n ubicadas en la Unidad B\u00e1sica de calle Fischer 269 y comenzar\u00e1n a atender a partir de las 8.30 hs. Se entregaran 60 n\u00fameros por d\u00eda, por orden de llegada.<\/p>\n","protected":false},"excerpt":{"rendered":"<p>Informamos que los pr\u00f3ximos d\u00edas Viernes 25 y S\u00e1bado 26 de Septiembre recibiremos en nuestra ciudad a las unidades M\u00f3viles Sanitarias con servicio de Oftalmolog\u00eda y controles cardiovasculares pertenecientes al Ministerio de Salud de la Naci\u00f3n. Dichas Unidades estar\u00e1n ubicadas en la Unidad B\u00e1sica de calle Fischer 269 y comenzar\u00e1n a atender a partir de <a href=\"https:\/\/armstrongyregion.com.ar\/diario\/nuevamente-moviles-sanitarios-en-armstrong\/\" title=\"Read more\" >&#8230;<\/a><\/p>\n","protected":false},"author":2,"featured_media":4228,"comment_status":"open","ping_status":"open","sticky":false,"template":"","format":"standard","meta":{"_jetpack_memberships_contains_paid_content":false,"footnotes":"","jetpack_publicize_message":"","jetpack_publicize_feature_enabled":true,"jetpack_social_post_already_shared":false,"jetpack_social_options":{"image_generator_settings":{"template":"highway","default_image_id":0,"enabled":false},"version":2}},"categories":[1,2,7],"tags":[20,15,2809,167,2192],"class_list":["post-4227","post","type-post","status-publish","format-standard","has-post-thumbnail","hentry","category-diario-armstrong","category-locales","category-politica","tag-armstrong","tag-en","tag-moviles","tag-nuevamente","tag-sanitarios"],"jetpack_publicize_connections":[],"jetpack_featured_media_url":"https:\/\/armstrongyregion.com.ar\/diario\/wp-content\/uploads\/2015\/09\/moviles-sanitarios..jpg","jetpack_shortlink":"https:\/\/wp.me\/p62QDO-16b","jetpack_sharing_enabled":true,"amp_enabled":true,"_links":{"self":[{"href":"https:\/\/armstrongyregion.com.ar\/diario\/wp-json\/wp\/v2\/posts\/4227","targetHints":{"allow":["GET"]}}],"collection":[{"href":"https:\/\/armstrongyregion.com.ar\/diario\/wp-json\/wp\/v2\/posts"}],"about":[{"href":"https:\/\/armstrongyregion.com.ar\/diario\/wp-json\/wp\/v2\/types\/post"}],"author":[{"embeddable":true,"href":"https:\/\/armstrongyregion.com.ar\/diario\/wp-json\/wp\/v2\/users\/2"}],"replies":[{"embeddable":true,"href":"https:\/\/armstrongyregion.com.ar\/diario\/wp-json\/wp\/v2\/comments?post=4227"}],"version-history":[{"count":0,"href":"https:\/\/armstrongyregion.com.ar\/diario\/wp-json\/wp\/v2\/posts\/4227\/revisions"}],"wp:featuredmedia":[{"embeddable":true,"href":"https:\/\/armstrongyregion.com.ar\/diario\/wp-json\/wp\/v2\/media\/4228"}],"wp:attachment":[{"href":"https:\/\/armstrongyregion.com.ar\/diario\/wp-json\/wp\/v2\/media?parent=4227"}],"wp:term":[{"taxonomy":"category","embeddable":true,"href":"https:\/\/armstrongyregion.com.ar\/diario\/wp-json\/wp\/v2\/categories?post=4227"},{"taxonomy":"post_tag","embeddable":true,"href":"https:\/\/armstrongyregion.com.ar\/diario\/wp-json\/wp\/v2\/tags?post=4227"}],"curies":[{"name":"wp","href":"https:\/\/api.w.org\/{rel}","templated":true}]}}