{"id":42265,"date":"2024-04-02T21:58:47","date_gmt":"2024-04-02T21:58:47","guid":{"rendered":"https:\/\/armstrongyregion.com.ar\/diario\/?p=42265"},"modified":"2024-04-02T21:58:50","modified_gmt":"2024-04-02T21:58:50","slug":"malvinas-nos-une-como-pueblo-y-asi-debemos-afrontar-los-desafios-de-hoy","status":"publish","type":"post","link":"https:\/\/armstrongyregion.com.ar\/diario\/malvinas-nos-une-como-pueblo-y-asi-debemos-afrontar-los-desafios-de-hoy\/","title":{"rendered":"\u201cMalvinas nos une como pueblo y as\u00ed debemos afrontar los desaf\u00edos de hoy\u201d"},"content":{"rendered":"\n<figure class=\"wp-block-image size-full\"><a href=\"http:\/\/armstrongyregion.com.ar\/diario\/wp-content\/uploads\/2024\/04\/Pullaro-Malvinas-2-4-24-.jpg\"><img loading=\"lazy\" decoding=\"async\" width=\"800\" height=\"533\" src=\"http:\/\/armstrongyregion.com.ar\/diario\/wp-content\/uploads\/2024\/04\/Pullaro-Malvinas-2-4-24-.jpg\" alt=\"\" class=\"wp-image-42266\" srcset=\"https:\/\/armstrongyregion.com.ar\/diario\/wp-content\/uploads\/2024\/04\/Pullaro-Malvinas-2-4-24-.jpg 800w, https:\/\/armstrongyregion.com.ar\/diario\/wp-content\/uploads\/2024\/04\/Pullaro-Malvinas-2-4-24--300x200.jpg 300w, https:\/\/armstrongyregion.com.ar\/diario\/wp-content\/uploads\/2024\/04\/Pullaro-Malvinas-2-4-24--768x512.jpg 768w\" sizes=\"auto, (max-width: 800px) 100vw, 800px\" \/><\/a><\/figure>\n\n\n\n<h2 class=\"wp-block-heading\">El gobernador Maximiliano Pullaro lo afirm\u00f3 en Reconquista, en el acto central para recordar los 42 a\u00f1os de la Gesta en el archipi\u00e9lago sur. All\u00ed valor\u00f3 lo hecho por los combatientes y lo que dieron por la patria.\u00a0El mandatario en la ceremonia, adem\u00e1s, fue enf\u00e1tico con uno de los principales objetivos de su gesti\u00f3n: \u201cSi nos unimos vamos a poder derrotar a la inseguridad y a la violencia\u201d.<\/h2>\n\n\n\n<p>El gobernador Maximiliano Pullaro lo afirm\u00f3 en Reconquista, en el acto central para recordar los 42 a\u00f1os de la Gesta en el archipi\u00e9lago sur. All\u00ed valor\u00f3 lo hecho por los combatientes y lo que dieron por la patria. El mandatario en la ceremonia, adem\u00e1s, fue enf\u00e1tico con uno de los principales objetivos de su gesti\u00f3n: \u201cSi nos unimos vamos a poder derrotar a la inseguridad y a la violencia\u201d.<\/p>\n\n\n\n<p>El gobernador Maximiliano Pullaro encabez\u00f3 del acto por el 42\u00b0 aniversario de la Guerra de Malvinas, el D\u00eda del Veterano y de los Ca\u00eddos en Malvinas. Tuvo lugar en la Plaza San Mart\u00edn de Reconquista y cont\u00f3 con la presencia del intendente, Enrique Vallejos; el Jefe de la III Brigada A\u00e9rea de Reconquista, Comodoro Olmedo; el presidente de la Federaci\u00f3n de Veteranos de Guerra de la provincia de Santa Fe, Rub\u00e9n Rada; el presidente del Centro de Excombatientes del Departamento General Obligado, C\u00e9sar Reniero y el presidente de la Agrupaci\u00f3n de Veteranos de Guerra, Roque M\u00e1rquez, entre otros.<\/p>\n\n\n\n<figure class=\"wp-block-image\"><img decoding=\"async\" src=\"https:\/\/ci3.googleusercontent.com\/meips\/ADKq_NZ7un45VkCA-e6Zdxknfr786f48n_7-s01KPQHOGFlVUprI8xpE1IpQTbaJHYBQ9djwPlLS5Hzc1Rl4sN6UecMm_gJP5fOA9zPMS9LuC4ZUIQsSd_u7w4MfFq2mz7-8galY0nu9o7pOKiQcYXs=s0-d-e1-ft#https:\/\/www.santafe.gov.ar\/noticias\/recursos\/fotos\/2024\/04\/2024-04-02NID_280009O_2.jpeg\" alt=\"\"\/><\/figure>\n\n\n\n<p>Pullaro destac\u00f3 que \u201ceste acto representa much\u00edsimo porque nos recuerda que durante 74 d\u00edas, j\u00f3venes de nuestro pa\u00eds, de nuestra provincia, sacaron todo su valor y defendieron a la patria y una parte de su territorio. Porque sabemos que las Malvinas son y ser\u00e1n siempre argentinas\u201d. \u201cVamos a defender siempre nuestra soberan\u00eda, honrar a los 654 ca\u00eddos que quedaron en las Islas, pero fundamentalmente vamos a reivindicar esa parte de la historia\u201d, afirm\u00f3 el gobernador.&nbsp;<br><br>Pullaro consider\u00f3 que lo ocurrido en 1982 puso de relieve valores como la confraternidad \u201cque surge en momentos de dificultades\u201d. \u201cMalvinas nos une como pueblo y as\u00ed debemos afrontar los desaf\u00edos de hoy. Debemos recuperar la capacidad de escucharnos, de entender la verdad del otro, porque si no lo hacemos caemos en una confrontaci\u00f3n permanente y sin sentido\u201d, describi\u00f3 el gobernador.&nbsp;<\/p>\n\n\n\n<figure class=\"wp-block-image\"><img decoding=\"async\" src=\"https:\/\/ci3.googleusercontent.com\/meips\/ADKq_NYpi0PMIbu0uodip7AGKk8jCeYS5YAIfedNioC5c5k29KHlsibpTfpGdDOsgvQd0wVXGzY-aMd65dNiAbCZQEMacdR-0jsoS7gveKTgH-BEGgBI7Enxpbo75iPyIqafMNnbW7ma2HFoisQhO8Q=s0-d-e1-ft#https:\/\/www.santafe.gov.ar\/noticias\/recursos\/fotos\/2024\/04\/2024-04-02NID_280009O_3.jpeg\" alt=\"\"\/><\/figure>\n\n\n\n<p>FEl gobernador aprovech\u00f3 para hacer hincapi\u00e9 en la necesidad de construir un federalismo s\u00f3lido. \u201cArgentina es un pa\u00eds rico, productivo y Santa Fe tambi\u00e9n con el inmenso aporte que hace para sostener el sistema federal. Lamentablemente de todos los recursos que aporta Santa Fe muy poco vuelve a nuestra provincia. Y el sistema federal termina siendo unitario en la concentraci\u00f3n de recursos\u201d.&nbsp;<br><br>Siempre bajo la idea de la unidad, Pullaro se\u00f1al\u00f3 que puntualmente en Santa Fe esa condici\u00f3n es necesaria \u201cpara enfrentar a un enemigo que no tiene c\u00f3digos, que no tiene l\u00edmites, pero que no se da cuenta que el Estado y que el pueblo de esta provincia somos mucho, pero mucho m\u00e1s que ellos. Por eso, si trabajamos juntos y nos unimos vamos a poder derrotar a la inseguridad y a la violencia en la provincia de Santa Fe\u201d.<br>\u201cCuando se debata nuevamente el rol del Estado, y hacia d\u00f3nde debe ir nuestro pa\u00eds, recordemos la gesta hist\u00f3rica de Malvinas, que unific\u00f3 al pueblo argentino. Tenemos que volver a escucharnos, respetarnos. Y para eso tenemos que volver a construir pol\u00edticas de Estado\u201d, concluy\u00f3.&nbsp;<\/p>\n\n\n\n<figure class=\"wp-block-image\"><img decoding=\"async\" src=\"https:\/\/ci3.googleusercontent.com\/meips\/ADKq_NZGRn7b5uIEQuyRZdC1PrTBX7FvFz_gwXrItG7MBCKKJGBgdGmT3CKomXxX9U0uuOedfrpdl31xuTyTYzU4a3hDTno5oWJ9jkNzj_MCRoU_zGwC31WeZerrp_DG5bfKzEfT23JBvgSXtxKo2zM=s0-d-e1-ft#https:\/\/www.santafe.gov.ar\/noticias\/recursos\/fotos\/2024\/04\/2024-04-02NID_280009O_5.jpeg\" alt=\"\"\/><\/figure>\n\n\n\n<p><strong>Memoria e identidad<\/strong><\/p>\n\n\n\n<p>A su turno, el intendente Vallejos, indic\u00f3: \u201cMalvinas es la piedra indiscutible sobre la cual seguir construyendo nuestra patria y nuestra ciudad. Aqu\u00ed en Reconquista agradecemos infinitamente todo lo que hacen para mantener viva la memoria y seguir honrando nuestro suelo. En tanto, Rada, enfatiz\u00f3: \u201cNosotros somos los que volvimos y hoy en todo el pa\u00eds sucede lo mismo: con el tiempo nos dimos cuenta de que hemos ganado los que abraz\u00e1bamos esta causa porque se entendi\u00f3 que la historia de Malvinas es como un cubo, tiene muchas caras. Por un lado, una de las m\u00e1s feroces dictaduras, por el otro, un desastre econ\u00f3mico con una p\u00e9rdida total de una econom\u00eda que nos destrozaba. Otra de las caras, los recursos naturales, que no se entregan ni se venden, pertenecen al pueblo. Tambi\u00e9n, la traici\u00f3n de algunos, pero con una cara muy grande, la m\u00e1s grande de todas, la que comprendi\u00f3 el pueblo, en esa cara est\u00e1 la valent\u00eda y el coraje de los oficiales, suboficiales, soldados, civiles de las tres fuerzas armadas y las dos de seguridad que es la que realmente vale, los que no se entregaron y murieron de pie\u201d, se\u00f1al\u00f3 Rada.<\/p>\n\n\n\n<figure class=\"wp-block-image\"><img decoding=\"async\" src=\"https:\/\/ci3.googleusercontent.com\/meips\/ADKq_NbliXF6Zlq47OZv9yTcLfA0M5QCLyflGPsh87n05CYtsQWxHOZLoZ5JK5ixWilcV7TYybYtIiXk3detMZyAe_PiUk5VW23nbZuRPKnyzjWnLivH95ZAWMSQLUsagr49PEaO0iUClxwKOk9VmMQ=s0-d-e1-ft#https:\/\/www.santafe.gov.ar\/noticias\/recursos\/fotos\/2024\/04\/2024-04-02NID_280009O_6.jpeg\" alt=\"\"\/><\/figure>\n\n\n\n<p>En el acto en Reconquista, adem\u00e1s de los mencionados, estuvieron presentes los ministros de Gobierno e Innovaci\u00f3n, Fabi\u00e1n Bastia; de Obras P\u00fablicas, Lisandro Enrico; de Trabajo, Roald Bascolo; y de Igualdad y Desarrollo Humano Tejeda. Tambi\u00e9n la s\u00edndica general de la provincia, Carolina Castets y el senador departamental, Orfilio Marc\u00f3n. Tambi\u00e9n participaron personal de la III Brigada y Fuerzas Armadas; Veteranos ex combatientes de Malvinas y Movilizados; fuerzas de seguridad y abanderados de escuelas e instituciones locales.<\/p>\n","protected":false},"excerpt":{"rendered":"<p>\u201cMalvinas nos une como pueblo y as\u00ed debemos afrontar los desaf\u00edos de hoy\u201d<\/p>\n","protected":false},"author":1,"featured_media":42266,"comment_status":"open","ping_status":"open","sticky":false,"template":"","format":"image","meta":{"_jetpack_memberships_contains_paid_content":false,"footnotes":"","jetpack_publicize_message":"","jetpack_publicize_feature_enabled":true,"jetpack_social_post_already_shared":true,"jetpack_social_options":{"image_generator_settings":{"template":"highway","default_image_id":0,"enabled":false},"version":2}},"categories":[8,1,2,7,3],"tags":[572,5030,9924,9136,1044,2810,2846,9813],"class_list":["post-42265","post","type-post","status-publish","format-image","has-post-thumbnail","hentry","category-deliberando","category-diario-armstrong","category-locales","category-politica","category-region","tag-como","tag-diario-armstrong","tag-diario-armstrong-y-region-2","tag-malvinas-2","tag-nos","tag-pueblo","tag-pullaro","tag-une","post_format-post-format-image"],"jetpack_publicize_connections":[],"jetpack_featured_media_url":"https:\/\/armstrongyregion.com.ar\/diario\/wp-content\/uploads\/2024\/04\/Pullaro-Malvinas-2-4-24-.jpg","jetpack_shortlink":"https:\/\/wp.me\/p62QDO-aZH","jetpack_sharing_enabled":true,"amp_enabled":true,"_links":{"self":[{"href":"https:\/\/armstrongyregion.com.ar\/diario\/wp-json\/wp\/v2\/posts\/42265","targetHints":{"allow":["GET"]}}],"collection":[{"href":"https:\/\/armstrongyregion.com.ar\/diario\/wp-json\/wp\/v2\/posts"}],"about":[{"href":"https:\/\/armstrongyregion.com.ar\/diario\/wp-json\/wp\/v2\/types\/post"}],"author":[{"embeddable":true,"href":"https:\/\/armstrongyregion.com.ar\/diario\/wp-json\/wp\/v2\/users\/1"}],"replies":[{"embeddable":true,"href":"https:\/\/armstrongyregion.com.ar\/diario\/wp-json\/wp\/v2\/comments?post=42265"}],"version-history":[{"count":1,"href":"https:\/\/armstrongyregion.com.ar\/diario\/wp-json\/wp\/v2\/posts\/42265\/revisions"}],"predecessor-version":[{"id":42267,"href":"https:\/\/armstrongyregion.com.ar\/diario\/wp-json\/wp\/v2\/posts\/42265\/revisions\/42267"}],"wp:featuredmedia":[{"embeddable":true,"href":"https:\/\/armstrongyregion.com.ar\/diario\/wp-json\/wp\/v2\/media\/42266"}],"wp:attachment":[{"href":"https:\/\/armstrongyregion.com.ar\/diario\/wp-json\/wp\/v2\/media?parent=42265"}],"wp:term":[{"taxonomy":"category","embeddable":true,"href":"https:\/\/armstrongyregion.com.ar\/diario\/wp-json\/wp\/v2\/categories?post=42265"},{"taxonomy":"post_tag","embeddable":true,"href":"https:\/\/armstrongyregion.com.ar\/diario\/wp-json\/wp\/v2\/tags?post=42265"}],"curies":[{"name":"wp","href":"https:\/\/api.w.org\/{rel}","templated":true}]}}