{"id":42258,"date":"2024-04-02T00:52:17","date_gmt":"2024-04-02T00:52:17","guid":{"rendered":"https:\/\/armstrongyregion.com.ar\/diario\/?p=42258"},"modified":"2024-04-02T00:53:39","modified_gmt":"2024-04-02T00:53:39","slug":"pertusati-hablo-sobre-los-proyectos-presentados-por-su-bloque-en-la-ultima-sesion-ordinaria","status":"publish","type":"post","link":"https:\/\/armstrongyregion.com.ar\/diario\/pertusati-hablo-sobre-los-proyectos-presentados-por-su-bloque-en-la-ultima-sesion-ordinaria\/","title":{"rendered":"Pertusati hablo sobre los proyectos presentados por su bloque en la \u00faltima sesi\u00f3n ordinaria."},"content":{"rendered":"\n<figure class=\"wp-block-image size-full\"><a href=\"http:\/\/armstrongyregion.com.ar\/diario\/wp-content\/uploads\/2024\/03\/profe-pertusati-1.jpg\"><img loading=\"lazy\" decoding=\"async\" width=\"536\" height=\"668\" src=\"http:\/\/armstrongyregion.com.ar\/diario\/wp-content\/uploads\/2024\/03\/profe-pertusati-1.jpg\" alt=\"\" class=\"wp-image-42130\" srcset=\"https:\/\/armstrongyregion.com.ar\/diario\/wp-content\/uploads\/2024\/03\/profe-pertusati-1.jpg 536w, https:\/\/armstrongyregion.com.ar\/diario\/wp-content\/uploads\/2024\/03\/profe-pertusati-1-241x300.jpg 241w\" sizes=\"auto, (max-width: 536px) 100vw, 536px\" \/><\/a><\/figure>\n\n\n\n<p>El Pte del Concejo Prof. Alejandro Pertusati, en dialogo con nuestro medio, inform\u00f3 sobre los proyectos presentados por su bloque; en primera instancia habl\u00f3 sobre una minuta de declaraci\u00f3n en adhesi\u00f3n a la campa\u00f1a de \u00b4prevenci\u00f3n y concientizaci\u00f3n que se lleva a cabo desde el Ministerio de Salud de la Provincia de Santa Fe sobre S\u00edfilis.<\/p>\n\n\n\n<p>Y luego, el edil se refiri\u00f3 a un proyecto de ordenanza sobre la designaci\u00f3n de nombres para tres nuevas calles de la ciudad, dos para la zona del Loteo Municipal I, ex- ecopuente y la otra entre calles Radical y Villa Mar\u00eda, las mismas llevar\u00edan nombres de mujeres, debido al rol social que ha tenido cada una ellas en nuestra comunidad.<\/p>\n\n\n\n<p>En primera instancia se mencion\u00f3 a Elsa Giaretti, por su participaci\u00f3n en educaci\u00f3n, especialmente en la escuela especial; luego a Mirta Francisconi, quien fuera la primera concejal mujer en Armstrong y en tercer lugar proponen a Iris Giuva, referente de la rueda femenina de Rotary y reconocida tambien por realizar gestiones para la fundaci\u00f3n de ACOA. \u201cEste proyecto paso a comisi\u00f3n, pero le daremos un pronto tratamiento\u201d. Expres\u00f3 el edil.<\/p>\n","protected":false},"excerpt":{"rendered":"<p>Pertusati hablo sobre los proyectos presentados por su bloque en la ultima sesi\u00f3n ordinaria.<\/p>\n","protected":false},"author":1,"featured_media":42130,"comment_status":"open","ping_status":"open","sticky":false,"template":"","format":"image","meta":{"_jetpack_memberships_contains_paid_content":false,"footnotes":"","jetpack_publicize_message":"","jetpack_publicize_feature_enabled":true,"jetpack_social_post_already_shared":true,"jetpack_social_options":{"image_generator_settings":{"template":"highway","default_image_id":0,"enabled":false},"version":2}},"categories":[8,1,2,7,3],"tags":[8830,9924,8777,6961,639,10465],"class_list":["post-42258","post","type-post","status-publish","format-image","has-post-thumbnail","hentry","category-deliberando","category-diario-armstrong","category-locales","category-politica","category-region","tag-concejales-2","tag-diario-armstrong-y-region-2","tag-lic-graciela-de-la-casa","tag-pertusati","tag-proyecto","tag-sesion-ordinaria","post_format-post-format-image"],"jetpack_publicize_connections":[],"jetpack_featured_media_url":"https:\/\/armstrongyregion.com.ar\/diario\/wp-content\/uploads\/2024\/03\/profe-pertusati-1.jpg","jetpack_shortlink":"https:\/\/wp.me\/p62QDO-aZA","jetpack_sharing_enabled":true,"amp_enabled":true,"_links":{"self":[{"href":"https:\/\/armstrongyregion.com.ar\/diario\/wp-json\/wp\/v2\/posts\/42258","targetHints":{"allow":["GET"]}}],"collection":[{"href":"https:\/\/armstrongyregion.com.ar\/diario\/wp-json\/wp\/v2\/posts"}],"about":[{"href":"https:\/\/armstrongyregion.com.ar\/diario\/wp-json\/wp\/v2\/types\/post"}],"author":[{"embeddable":true,"href":"https:\/\/armstrongyregion.com.ar\/diario\/wp-json\/wp\/v2\/users\/1"}],"replies":[{"embeddable":true,"href":"https:\/\/armstrongyregion.com.ar\/diario\/wp-json\/wp\/v2\/comments?post=42258"}],"version-history":[{"count":2,"href":"https:\/\/armstrongyregion.com.ar\/diario\/wp-json\/wp\/v2\/posts\/42258\/revisions"}],"predecessor-version":[{"id":42260,"href":"https:\/\/armstrongyregion.com.ar\/diario\/wp-json\/wp\/v2\/posts\/42258\/revisions\/42260"}],"wp:featuredmedia":[{"embeddable":true,"href":"https:\/\/armstrongyregion.com.ar\/diario\/wp-json\/wp\/v2\/media\/42130"}],"wp:attachment":[{"href":"https:\/\/armstrongyregion.com.ar\/diario\/wp-json\/wp\/v2\/media?parent=42258"}],"wp:term":[{"taxonomy":"category","embeddable":true,"href":"https:\/\/armstrongyregion.com.ar\/diario\/wp-json\/wp\/v2\/categories?post=42258"},{"taxonomy":"post_tag","embeddable":true,"href":"https:\/\/armstrongyregion.com.ar\/diario\/wp-json\/wp\/v2\/tags?post=42258"}],"curies":[{"name":"wp","href":"https:\/\/api.w.org\/{rel}","templated":true}]}}