{"id":42251,"date":"2024-04-01T23:33:57","date_gmt":"2024-04-01T23:33:57","guid":{"rendered":"https:\/\/armstrongyregion.com.ar\/diario\/?p=42251"},"modified":"2024-04-01T23:34:00","modified_gmt":"2024-04-01T23:34:00","slug":"gestion-comercial-un-trabajo-tranquera-adentro","status":"publish","type":"post","link":"https:\/\/armstrongyregion.com.ar\/diario\/gestion-comercial-un-trabajo-tranquera-adentro\/","title":{"rendered":"Gesti\u00f3n Comercial, un trabajo tranquera adentro."},"content":{"rendered":"\n<figure class=\"wp-block-image size-full\"><a href=\"http:\/\/armstrongyregion.com.ar\/diario\/wp-content\/uploads\/2024\/04\/imagen-agro-1536x640-2.png\"><img loading=\"lazy\" decoding=\"async\" width=\"768\" height=\"320\" src=\"http:\/\/armstrongyregion.com.ar\/diario\/wp-content\/uploads\/2024\/04\/imagen-agro-1536x640-2.png\" alt=\"\" class=\"wp-image-42253\" srcset=\"https:\/\/armstrongyregion.com.ar\/diario\/wp-content\/uploads\/2024\/04\/imagen-agro-1536x640-2.png 768w, https:\/\/armstrongyregion.com.ar\/diario\/wp-content\/uploads\/2024\/04\/imagen-agro-1536x640-2-300x125.png 300w\" sizes=\"auto, (max-width: 768px) 100vw, 768px\" \/><\/a><\/figure>\n\n\n\n<p><strong>Por&nbsp;<em>Marianela De Emilio<\/em>&nbsp;|&nbsp;<em>Ing. Agr. Msc. Agronegocios<\/em>&nbsp;<em>\u2013 INTA Las Rosas<\/em>&nbsp;\u2013 Docente de AgroEducaci\u00f3n<\/strong><\/p>\n\n\n\n<p>Tomar asiento sobre la tranquera de nuestra agro empresa, mirar el contexto dentro y fuera de ella, ordena la perspectiva para tomar decisiones en un momento clave de definiciones.&nbsp;&nbsp;<\/p>\n\n\n\n<p>Conocer las variables que afectan los precios y rendimientos de los granos tranquera afuera, si bien permite dimensionar el riesgo de fuertes variaciones fuera del control de la empresa agropecuaria, solo tiene sentido cuando hay conocimiento y an\u00e1lisis de las variables que afectan la rentabilidad tranquera adentro y se act\u00faa en consecuencia.&nbsp;<\/p>\n\n\n\n<p>La gesti\u00f3n es un conjunto de procedimientos y acciones que se llevan a cabo para lograr un determinado objetivo. La gesti\u00f3n comercial agr\u00edcola espec\u00edficamente, es el \u00e1rea que establece el marco contractual, comercial y la gu\u00eda para entregar o recibir mercader\u00eda desde el inicio hasta la finalizaci\u00f3n de cada ciclo comercial.&nbsp;<\/p>\n\n\n\n<p>La gesti\u00f3n comercial requiere de presupuestos productivos, comerciales y financieros, registros, contratos, proveedores, comercializadores, etc. Todo lo que, acompa\u00f1ado con asesoramiento y capacitaciones que desarrollen un adecuado nivel de an\u00e1lisis, permitir\u00e1 tomar mejores decisiones en la gesti\u00f3n de costos y ventas.<\/p>\n\n\n\n<p>Gestionar costos involucra interpretar el contexto, el tipo de cambio al que se operan los granos e insumos, relaci\u00f3n insumo\/producto, tipos de financiaci\u00f3n disponibles en PESOS y en D\u00f3lares, plazos de financiaci\u00f3n, etc. Gestionar ventas, por otro lado, requiere conocer escenarios productivos, que afectan el desarrollo y rendimiento potencial de los cultivos, y escenarios comerciales, que afectan los precios presentes y futuros de la cosecha.&nbsp;<\/p>\n\n\n\n<p>Ambas gestiones articulan entre s\u00ed, sea por calzar precios futuros de granos con fechas de compromisos de pagos, y\/o por pago de cr\u00e9ditos a cosecha, y\/o pago de alquileres, servicios, etc. Dada esta articulaci\u00f3n y la llegada de la cosecha gruesa 23\/24, hay vol\u00famenes potenciales a ser liquidados durante abril, mayo y junio. En el actual contexto de precios bajos del mercado de granos, la pregunta a formular es \u00bfpodr\u00e1n compensar los rendimientos la baja de precios para cancelar costos y lograr rentabilidad?&nbsp;<\/p>\n\n\n\n<p>Repasando la evoluci\u00f3n de precios, el futuro mayo 24 de soja baj\u00f3&nbsp;<strong><em>U$S -56,5\/TN<\/em><\/strong>&nbsp;desde mediados de noviembre 23,&nbsp;<strong><em>U$S 348\/TN<\/em><\/strong>, hasta hoy,&nbsp;<strong><em>U$S 291,5<\/em><\/strong>, mientras los futuros de ma\u00edz en el mismo per\u00edodo bajaron de&nbsp;<strong><em>U$S 194<\/em><\/strong>&nbsp;a&nbsp;<strong><em>168\/TN<\/em><\/strong>,&nbsp;<strong><em>U$S -26\/TN<\/em><\/strong>&nbsp;el abril 24, y de&nbsp;<strong><em>U$S 179,5<\/em><\/strong>&nbsp;a&nbsp;<strong><em>165\/TN<\/em><\/strong>,&nbsp;<strong><em>U$S -14,5\/TN<\/em><\/strong>, el julio 24. Esta baja de precios causa que se necesitar\u00e1 vender m\u00e1s grano para cancelar costos, o, dicho de otra forma, las bajas en soja causan que, lo que pagaba una tonelada de soja al precio futuro de mayo 24 en noviembre pasado, hoy se pague con 1,2 toneladas, 20% m\u00e1s de grano, las bajas en ma\u00edz resultan en que, lo que pagaba el precio de una tonelada de ma\u00edz futuro abril y julio 24, en noviembre del a\u00f1o pasado, hoy requiera de 1,15 y 1,1 toneladas respectivamente al precio futuro actual finalizando el mes de marzo 24.&nbsp;<\/p>\n\n\n\n<p>Ante la actual baja de precios, los rendimientos debieran crecer 20% a 10% respecto de lo presupuestado el a\u00f1o pasado, lo que en muchas zonas ser\u00e1 inviable por las inclemencias clim\u00e1ticas y sanitarias sufridas durante la campa\u00f1a. Es importante entonces recordar que, disminuir el riesgo de baja de precios a trav\u00e9s de herramientas comerciales, como futuros y opciones agr\u00edcolas, permite cubrir precios de venta de posibles bajas, con anticipaci\u00f3n, cuando los precios futuros ofrecen rentabilidad en pre cosecha. Considerando que los precios de soja se han recuperado parcialmente de las bajas m\u00e1s fuertes, dado que hab\u00eda tocado m\u00ednimos de&nbsp;<strong><em>U$S 270\/TN<\/em><\/strong>&nbsp;a fines de febrero 24, y ante presi\u00f3n de venta que podr\u00eda haber a cosecha, cubrir parte de las ventas que planean hacerse a cosecha es recomendable. Recordar que solo hay 1,8 millones de toneladas de soja 23\/24 con precio, de una cosecha que proyecta ser de 48-50 millones de toneladas, un tercio de la que podr\u00eda necesitar ser liquidada en el corto plazo, generando presi\u00f3n de venta y por tanto profundizaci\u00f3n de baja de precios. El gr\u00e1fico muestra la evoluci\u00f3n del futuro soja mayo 24.<\/p>\n\n\n\n<figure class=\"wp-block-image\"><img decoding=\"async\" src=\"https:\/\/lh7-us.googleusercontent.com\/0r-wEd1F2owf_CsvKk_6VJgX8PqTVbUEtFNW0DjhiFT_mHiRWV04qRFISYCy-borY4cH_U9I-7MhVjx3eei4txbYjPj3g64uhj01FcfofMxmebxWVY4LG_FW_31XST-kIWeuofwL0gg6Wktu4yoKww\" alt=\"\"\/><\/figure>\n\n\n\n<p>En cuanto al futuro de ma\u00edz abril y julio 24, la recuperaci\u00f3n de precios desde los m\u00ednimos hasta ahora alcanzados, apenas recuper\u00f3 valor, sin resultar los precios futuros actuales en rentabilidad para los planteos de ma\u00edz tempranos y tard\u00edos en campos alquilados, esto hace no recomendable cubrir precio, dado que las bajas ya ocurrieron y no es sustentable concertar precios que no resulten rentables, sumado al riesgo productivo que presenta el ma\u00edz tard\u00edo a nivel nacional.&nbsp;<\/p>\n\n\n\n<p>Cuando se presupuest\u00f3 la presente campa\u00f1a 23\/24, se estaba atravesando uno de los peores resultados productivos de la historia argentina, por la sequ\u00eda 22\/23. Durante esa planificaci\u00f3n, no todas las agro empresas propusieron en sus presupuestos una rentabilidad objetivo, sino que los c\u00e1lculos se orientaban a financiar o refinanciar producci\u00f3n. La rentabilidad es la ganancia resultante, luego de pagar los costos totales de la producci\u00f3n, cosecha, comercializaci\u00f3n y, si quiere obtenerse un margen neto, sumar costos de estructura. No presupuestar rentabilidad objetivo ni los precios necesarios para lograrla, evita que se analice respecto a decisiones comerciales que podr\u00edan haber resguardado rentabilidad, y trabajar en funci\u00f3n de acotar el riesgo de variaci\u00f3n de renta por variaci\u00f3n de precios.&nbsp;&nbsp;<\/p>\n\n\n\n<p>Llegando a la cosecha, los precios, a rendimientos proyectados, al descontar costos, muestran variados resultados en planteos bajo alquiler. Rentabilidades estrechas pero aceptables en soja y rentabilidades nulas a negativas en ma\u00edz. Cuando se contrasta esta renta con la ofrecida por activos de la Bolsa de Valores, como Bonos del tesoro nacional, en algunos casos resultan inferiores o empatadas, y no entusiasma a la inversi\u00f3n y asumir riesgo en la actividad agr\u00edcola.&nbsp;<strong>Conclusiones:<\/strong>&nbsp;El contexto macroecon\u00f3mico local e internacional atraviesa la gesti\u00f3n comercial. Esto no solo no justifica la falta de gesti\u00f3n, sino, por el contrario, crea el compromiso de ajustar la misma para acotar riesgo de p\u00e9rdida de rentabilidad por variaci\u00f3n de precios. Capacitarse para interpretar lo que ocurre tranquera afuera y tomar decisiones tranquera adentro ofrece la oportunidad de ser competitivos con rentas productivas que superen a las financieras, haciendo que el riesgo y el esfuerzo sean compensados con resultados superadores<\/p>\n\n\n\n<p><strong>Por&nbsp;<em>Marianela De Emilio<\/em>&nbsp;|&nbsp;<em>Ing. Agr. Msc. Agronegocios<\/em>&nbsp;<em>\u2013 INTA Las Rosas<\/em>&nbsp;\u2013 Docente de AgroEducaci\u00f3n<\/strong><\/p>\n","protected":false},"excerpt":{"rendered":"<p>Gesti\u00f3n Comercial, un trabajo tranquera adentro.<\/p>\n","protected":false},"author":1,"featured_media":42253,"comment_status":"open","ping_status":"open","sticky":false,"template":"","format":"image","meta":{"_jetpack_memberships_contains_paid_content":false,"footnotes":"","jetpack_publicize_message":"","jetpack_publicize_feature_enabled":true,"jetpack_social_post_already_shared":true,"jetpack_social_options":{"image_generator_settings":{"template":"highway","default_image_id":0,"enabled":false},"version":2}},"categories":[6,8,1,2,7,3],"tags":[10463,463,4608,1297,8777,1066,10462,192],"class_list":["post-42251","post","type-post","status-publish","format-image","has-post-thumbnail","hentry","category-cultura-entretenimiento","category-deliberando","category-diario-armstrong","category-locales","category-politica","category-region","tag-adentro","tag-comercial","tag-diario-armstrong-y-region","tag-gestion","tag-lic-graciela-de-la-casa","tag-trabajo","tag-tranquera","tag-un","post_format-post-format-image"],"jetpack_publicize_connections":[],"jetpack_featured_media_url":"https:\/\/armstrongyregion.com.ar\/diario\/wp-content\/uploads\/2024\/04\/imagen-agro-1536x640-2.png","jetpack_shortlink":"https:\/\/wp.me\/p62QDO-aZt","jetpack_sharing_enabled":true,"amp_enabled":true,"_links":{"self":[{"href":"https:\/\/armstrongyregion.com.ar\/diario\/wp-json\/wp\/v2\/posts\/42251","targetHints":{"allow":["GET"]}}],"collection":[{"href":"https:\/\/armstrongyregion.com.ar\/diario\/wp-json\/wp\/v2\/posts"}],"about":[{"href":"https:\/\/armstrongyregion.com.ar\/diario\/wp-json\/wp\/v2\/types\/post"}],"author":[{"embeddable":true,"href":"https:\/\/armstrongyregion.com.ar\/diario\/wp-json\/wp\/v2\/users\/1"}],"replies":[{"embeddable":true,"href":"https:\/\/armstrongyregion.com.ar\/diario\/wp-json\/wp\/v2\/comments?post=42251"}],"version-history":[{"count":1,"href":"https:\/\/armstrongyregion.com.ar\/diario\/wp-json\/wp\/v2\/posts\/42251\/revisions"}],"predecessor-version":[{"id":42254,"href":"https:\/\/armstrongyregion.com.ar\/diario\/wp-json\/wp\/v2\/posts\/42251\/revisions\/42254"}],"wp:featuredmedia":[{"embeddable":true,"href":"https:\/\/armstrongyregion.com.ar\/diario\/wp-json\/wp\/v2\/media\/42253"}],"wp:attachment":[{"href":"https:\/\/armstrongyregion.com.ar\/diario\/wp-json\/wp\/v2\/media?parent=42251"}],"wp:term":[{"taxonomy":"category","embeddable":true,"href":"https:\/\/armstrongyregion.com.ar\/diario\/wp-json\/wp\/v2\/categories?post=42251"},{"taxonomy":"post_tag","embeddable":true,"href":"https:\/\/armstrongyregion.com.ar\/diario\/wp-json\/wp\/v2\/tags?post=42251"}],"curies":[{"name":"wp","href":"https:\/\/api.w.org\/{rel}","templated":true}]}}