{"id":42242,"date":"2024-03-31T02:59:58","date_gmt":"2024-03-31T02:59:58","guid":{"rendered":"https:\/\/armstrongyregion.com.ar\/diario\/?p=42242"},"modified":"2024-03-31T04:25:30","modified_gmt":"2024-03-31T04:25:30","slug":"el-viernes-por-noche-se-llevo-a-cabo-el-via-crucis-en-nuestra-ciudad","status":"publish","type":"post","link":"https:\/\/armstrongyregion.com.ar\/diario\/el-viernes-por-noche-se-llevo-a-cabo-el-via-crucis-en-nuestra-ciudad\/","title":{"rendered":"El viernes por la noche se llev\u00f3 a cabo el V\u00eda Crucis en nuestra ciudad."},"content":{"rendered":"\n<figure class=\"wp-block-image size-full\"><a href=\"http:\/\/armstrongyregion.com.ar\/diario\/wp-content\/uploads\/2024\/03\/VIA-CRUCIS-1-.jpg\"><img loading=\"lazy\" decoding=\"async\" width=\"660\" height=\"399\" src=\"http:\/\/armstrongyregion.com.ar\/diario\/wp-content\/uploads\/2024\/03\/VIA-CRUCIS-1-.jpg\" alt=\"\" class=\"wp-image-42243\" srcset=\"https:\/\/armstrongyregion.com.ar\/diario\/wp-content\/uploads\/2024\/03\/VIA-CRUCIS-1-.jpg 660w, https:\/\/armstrongyregion.com.ar\/diario\/wp-content\/uploads\/2024\/03\/VIA-CRUCIS-1--300x181.jpg 300w\" sizes=\"auto, (max-width: 660px) 100vw, 660px\" \/><\/a><\/figure>\n\n\n\n<p><strong>Decenas de personas se acercaron hasta el Cuartel de Bomberos Voluntarios, lugar desde donde parti\u00f3 una procesi\u00f3n con la imagen de Jes\u00fas y la Virgen dolorosa. La escenificaci\u00f3n del Viacrucis, estuvo protagonizada principalmente por j\u00f3venes \u00a0y adultos del grupo de teatro parroquial \u201cSan Francisco de As\u00eds\u201d. La imagen de Jesucristo la encarno\u00a0 el armstronense Sebastian Vega.<\/strong><\/p>\n\n\n\n<figure class=\"wp-block-image size-full\"><a href=\"http:\/\/armstrongyregion.com.ar\/diario\/wp-content\/uploads\/2024\/03\/VIA-CRUCIS-2-.jpg\"><img loading=\"lazy\" decoding=\"async\" width=\"512\" height=\"288\" src=\"http:\/\/armstrongyregion.com.ar\/diario\/wp-content\/uploads\/2024\/03\/VIA-CRUCIS-2-.jpg\" alt=\"\" class=\"wp-image-42244\" srcset=\"https:\/\/armstrongyregion.com.ar\/diario\/wp-content\/uploads\/2024\/03\/VIA-CRUCIS-2-.jpg 512w, https:\/\/armstrongyregion.com.ar\/diario\/wp-content\/uploads\/2024\/03\/VIA-CRUCIS-2--300x169.jpg 300w\" sizes=\"auto, (max-width: 512px) 100vw, 512px\" \/><\/a><\/figure>\n\n\n\n<p><br>El V\u00eda crucis es una devoci\u00f3n centrada en los Misterios dolorosos de Cristo, que se meditan y contemplan caminando y deteni\u00e9ndose en las estaciones que, del Pretorio al Calvario, representan los episodios m\u00e1s notables de la Pasi\u00f3n de Cristo.<\/p>\n\n\n\n<figure class=\"wp-block-image size-full\"><a href=\"http:\/\/armstrongyregion.com.ar\/diario\/wp-content\/uploads\/2024\/03\/VIA-CRUCIS-3-.jpg\"><img loading=\"lazy\" decoding=\"async\" width=\"671\" height=\"422\" src=\"http:\/\/armstrongyregion.com.ar\/diario\/wp-content\/uploads\/2024\/03\/VIA-CRUCIS-3-.jpg\" alt=\"\" class=\"wp-image-42245\" srcset=\"https:\/\/armstrongyregion.com.ar\/diario\/wp-content\/uploads\/2024\/03\/VIA-CRUCIS-3-.jpg 671w, https:\/\/armstrongyregion.com.ar\/diario\/wp-content\/uploads\/2024\/03\/VIA-CRUCIS-3--300x189.jpg 300w\" sizes=\"auto, (max-width: 671px) 100vw, 671px\" \/><\/a><\/figure>\n\n\n\n<p>Los feligreses presenciaron el momento m\u00e1s doliente para los cat\u00f3licos, pero tambi\u00e9n, el m\u00e1s lleno de amor, bondad, humildad, bajo el martirio de los golpes y vejaciones que Jes\u00fas sufri\u00f3 por nosotros.<\/p>\n\n\n\n<figure class=\"wp-block-image size-full\"><a href=\"http:\/\/armstrongyregion.com.ar\/diario\/wp-content\/uploads\/2024\/03\/VIA-CRUCIS-4-.jpg\"><img loading=\"lazy\" decoding=\"async\" width=\"750\" height=\"422\" src=\"http:\/\/armstrongyregion.com.ar\/diario\/wp-content\/uploads\/2024\/03\/VIA-CRUCIS-4-.jpg\" alt=\"\" class=\"wp-image-42246\" srcset=\"https:\/\/armstrongyregion.com.ar\/diario\/wp-content\/uploads\/2024\/03\/VIA-CRUCIS-4-.jpg 750w, https:\/\/armstrongyregion.com.ar\/diario\/wp-content\/uploads\/2024\/03\/VIA-CRUCIS-4--300x169.jpg 300w\" sizes=\"auto, (max-width: 750px) 100vw, 750px\" \/><\/a><\/figure>\n\n\n\n<p><\/p>\n\n\n\n<figure class=\"wp-block-image size-full\"><a href=\"http:\/\/armstrongyregion.com.ar\/diario\/wp-content\/uploads\/2024\/03\/VIA-CRUCIS-6-.jpg\"><img loading=\"lazy\" decoding=\"async\" width=\"741\" height=\"422\" src=\"http:\/\/armstrongyregion.com.ar\/diario\/wp-content\/uploads\/2024\/03\/VIA-CRUCIS-6-.jpg\" alt=\"\" class=\"wp-image-42247\" srcset=\"https:\/\/armstrongyregion.com.ar\/diario\/wp-content\/uploads\/2024\/03\/VIA-CRUCIS-6-.jpg 741w, https:\/\/armstrongyregion.com.ar\/diario\/wp-content\/uploads\/2024\/03\/VIA-CRUCIS-6--300x171.jpg 300w\" sizes=\"auto, (max-width: 741px) 100vw, 741px\" \/><\/a><\/figure>\n\n\n\n<p>La representaci\u00f3n de la Pasi\u00f3n, Crucifixi\u00f3n y muerte de Jesucristo se desarroll\u00f3 en un circuito diagramado desde el cuartel de bomberos hasta la iglesia Nuestra Se\u00f1ora de la Merced, donde los protagonistas encarnaron diversos papeles en esta ceremonia, como Jesucristo, Her\u00f3des, Poncio Pilato, soldados romanos, jud\u00edos y fariseos, entre otros, cuya representaci\u00f3n inici\u00f3 a las 20:30 con una excelente convocatoria.<\/p>\n\n\n\n<figure class=\"wp-block-image size-full\"><a href=\"http:\/\/armstrongyregion.com.ar\/diario\/wp-content\/uploads\/2024\/03\/VIA-CRUCIS-7-.jpg\"><img loading=\"lazy\" decoding=\"async\" width=\"270\" height=\"480\" src=\"http:\/\/armstrongyregion.com.ar\/diario\/wp-content\/uploads\/2024\/03\/VIA-CRUCIS-7-.jpg\" alt=\"\" class=\"wp-image-42248\" srcset=\"https:\/\/armstrongyregion.com.ar\/diario\/wp-content\/uploads\/2024\/03\/VIA-CRUCIS-7-.jpg 270w, https:\/\/armstrongyregion.com.ar\/diario\/wp-content\/uploads\/2024\/03\/VIA-CRUCIS-7--169x300.jpg 169w\" sizes=\"auto, (max-width: 270px) 100vw, 270px\" \/><\/a><\/figure>\n\n\n\n<p><\/p>\n","protected":false},"excerpt":{"rendered":"<p>El viernes por noche se llev\u00f3 a cabo el V\u00eda Crucis en nuestra ciudad.<\/p>\n","protected":false},"author":1,"featured_media":42243,"comment_status":"open","ping_status":"open","sticky":false,"template":"","format":"image","meta":{"_jetpack_memberships_contains_paid_content":false,"footnotes":"","jetpack_publicize_message":"","jetpack_publicize_feature_enabled":true,"jetpack_social_post_already_shared":true,"jetpack_social_options":{"image_generator_settings":{"template":"highway","default_image_id":0,"enabled":false},"version":2}},"categories":[6,8,1,2,3],"tags":[20,19,9924,15,9191,8777,8771,1431,10461,90],"class_list":["post-42242","post","type-post","status-publish","format-image","has-post-thumbnail","hentry","category-cultura-entretenimiento","category-deliberando","category-diario-armstrong","category-locales","category-region","tag-armstrong","tag-de","tag-diario-armstrong-y-region-2","tag-en","tag-grupo","tag-lic-graciela-de-la-casa","tag-parroquial","tag-teatro","tag-via-crucis","tag-viviente","post_format-post-format-image"],"jetpack_publicize_connections":[],"jetpack_featured_media_url":"https:\/\/armstrongyregion.com.ar\/diario\/wp-content\/uploads\/2024\/03\/VIA-CRUCIS-1-.jpg","jetpack_shortlink":"https:\/\/wp.me\/p62QDO-aZk","jetpack_sharing_enabled":true,"amp_enabled":true,"_links":{"self":[{"href":"https:\/\/armstrongyregion.com.ar\/diario\/wp-json\/wp\/v2\/posts\/42242","targetHints":{"allow":["GET"]}}],"collection":[{"href":"https:\/\/armstrongyregion.com.ar\/diario\/wp-json\/wp\/v2\/posts"}],"about":[{"href":"https:\/\/armstrongyregion.com.ar\/diario\/wp-json\/wp\/v2\/types\/post"}],"author":[{"embeddable":true,"href":"https:\/\/armstrongyregion.com.ar\/diario\/wp-json\/wp\/v2\/users\/1"}],"replies":[{"embeddable":true,"href":"https:\/\/armstrongyregion.com.ar\/diario\/wp-json\/wp\/v2\/comments?post=42242"}],"version-history":[{"count":2,"href":"https:\/\/armstrongyregion.com.ar\/diario\/wp-json\/wp\/v2\/posts\/42242\/revisions"}],"predecessor-version":[{"id":42250,"href":"https:\/\/armstrongyregion.com.ar\/diario\/wp-json\/wp\/v2\/posts\/42242\/revisions\/42250"}],"wp:featuredmedia":[{"embeddable":true,"href":"https:\/\/armstrongyregion.com.ar\/diario\/wp-json\/wp\/v2\/media\/42243"}],"wp:attachment":[{"href":"https:\/\/armstrongyregion.com.ar\/diario\/wp-json\/wp\/v2\/media?parent=42242"}],"wp:term":[{"taxonomy":"category","embeddable":true,"href":"https:\/\/armstrongyregion.com.ar\/diario\/wp-json\/wp\/v2\/categories?post=42242"},{"taxonomy":"post_tag","embeddable":true,"href":"https:\/\/armstrongyregion.com.ar\/diario\/wp-json\/wp\/v2\/tags?post=42242"}],"curies":[{"name":"wp","href":"https:\/\/api.w.org\/{rel}","templated":true}]}}