{"id":42236,"date":"2024-03-30T01:49:40","date_gmt":"2024-03-30T01:49:40","guid":{"rendered":"https:\/\/armstrongyregion.com.ar\/diario\/?p=42236"},"modified":"2024-03-30T01:49:43","modified_gmt":"2024-03-30T01:49:43","slug":"solicite-al-ejecutivo-municipal-que-cumpla-con-la-ordenanza-de-viviendas-deshabitadas-en-situacion-de-abandono","status":"publish","type":"post","link":"https:\/\/armstrongyregion.com.ar\/diario\/solicite-al-ejecutivo-municipal-que-cumpla-con-la-ordenanza-de-viviendas-deshabitadas-en-situacion-de-abandono\/","title":{"rendered":"\u201cSolicit\u00e9 al Ejecutivo Municipal que cumpla con la Ordenanza de viviendas deshabitadas en situaci\u00f3n de abandono\u201d"},"content":{"rendered":"\n<figure class=\"wp-block-image size-full\"><a href=\"http:\/\/armstrongyregion.com.ar\/diario\/wp-content\/uploads\/2024\/03\/FISCHER-LUZ-29-03-24.jpg\"><img loading=\"lazy\" decoding=\"async\" width=\"685\" height=\"685\" src=\"http:\/\/armstrongyregion.com.ar\/diario\/wp-content\/uploads\/2024\/03\/FISCHER-LUZ-29-03-24.jpg\" alt=\"\" class=\"wp-image-42237\" srcset=\"https:\/\/armstrongyregion.com.ar\/diario\/wp-content\/uploads\/2024\/03\/FISCHER-LUZ-29-03-24.jpg 685w, https:\/\/armstrongyregion.com.ar\/diario\/wp-content\/uploads\/2024\/03\/FISCHER-LUZ-29-03-24-300x300.jpg 300w, https:\/\/armstrongyregion.com.ar\/diario\/wp-content\/uploads\/2024\/03\/FISCHER-LUZ-29-03-24-150x150.jpg 150w\" sizes=\"auto, (max-width: 685px) 100vw, 685px\" \/><\/a><\/figure>\n\n\n\n<p>La Concejal Luz Fischer present\u00f3 un Proyecto de Comunicaci\u00f3n, solicitando al Departamento Ejecutivo Municipal un informe sobre&nbsp;la situaci\u00f3n de las viviendas deshabitadas en estado de abandono y ruinas existentes en la ciudad de Armstrong.<\/p>\n\n\n\n<p>Cabe mencionar, que se encuentra vigente la Ordenanza N\u00b0 1176 desde el a\u00f1o 2010, que establece que los responsables de inmuebles que se encuentren en estado de abandono, deben realizar los trabajos de limpieza en un plazo de 10 d\u00edas y de 20 d\u00edas para los trabajos de cerramiento a partir de que fueron notificados por el juzgado de faltas municipal. Si una vez transcurrido ese t\u00e9rmino, se verifica mediante inspecci\u00f3n que no se ha cumplido, el propietario o responsable infractor ser\u00e1 pasible de multa.<\/p>\n\n\n\n<p>\u201cNuestra legislaci\u00f3n de fondo prescribe con relaci\u00f3n al derecho de propiedad privada que es absoluto, pero debe ser ejercido en forma regular, ya que la ley no ampara el ejercicio abusivo de los derechos, y lo que tambi\u00e9n recepta nuestra Constituci\u00f3n en su art\u00edculo 41, es que los derechos de los cuales uno es titular llega hasta donde comienzan los derechos de los dem\u00e1s\u201d remarc\u00f3 Fischer.<\/p>\n\n\n\n<p>\u201cEsta es una situaci\u00f3n que vemos en distintos barrios de la ciudad, los vecinos hacen el reclamo pertinente pero no se toman medidas desde el juzgado de faltas, yo misma lo comprob\u00e9, llevando reclamos sobre casas abandonadas que generan conflicto entre vecinos, y la situacion no cambi\u00f3, por eso solicito un informe para saber si aplican o no la ordenanza 1176\u201d remarc\u00f3, concluyendo que: \u201cEl Municipio como responsable primario de las actividades de limpieza de la ciudad, debe persuadir a todos los vecinos a mantener la limpieza, ya que las acciones y omisiones privadas no pueden prevalecer sobre el bien com\u00fan. Si har\u00edan cumplir la ordenanza, estar\u00edan concientizando a los ciudadanos sobre la problem\u00e1tica ambiental y lograr\u00edamos una ciudad urban\u00edsticamente mas ordenada, prolija, limpia y segura\u201d.<\/p>\n","protected":false},"excerpt":{"rendered":"<p>\u201cSolicit\u00e9 al Ejecutivo Municipal que cumpla con la Ordenanza de viviendas deshabitadas en situaci\u00f3n de abandono\u201d<\/p>\n","protected":false},"author":1,"featured_media":42237,"comment_status":"open","ping_status":"open","sticky":false,"template":"","format":"image","meta":{"_jetpack_memberships_contains_paid_content":false,"footnotes":"","jetpack_publicize_message":"","jetpack_publicize_feature_enabled":true,"jetpack_social_post_already_shared":true,"jetpack_social_options":{"image_generator_settings":{"template":"highway","default_image_id":0,"enabled":false},"version":2}},"categories":[6,8,1,2,7,3],"tags":[10389,4608,8777,9870,10458,10457],"class_list":["post-42236","post","type-post","status-publish","format-image","has-post-thumbnail","hentry","category-cultura-entretenimiento","category-deliberando","category-diario-armstrong","category-locales","category-politica","category-region","tag-concejal-luz-fischer","tag-diario-armstrong-y-region","tag-lic-graciela-de-la-casa","tag-ordenanza-2","tag-situacion-abandono","tag-viviendas-deshabitadas","post_format-post-format-image"],"jetpack_publicize_connections":[],"jetpack_featured_media_url":"https:\/\/armstrongyregion.com.ar\/diario\/wp-content\/uploads\/2024\/03\/FISCHER-LUZ-29-03-24.jpg","jetpack_shortlink":"https:\/\/wp.me\/p62QDO-aZe","jetpack_sharing_enabled":true,"amp_enabled":true,"_links":{"self":[{"href":"https:\/\/armstrongyregion.com.ar\/diario\/wp-json\/wp\/v2\/posts\/42236","targetHints":{"allow":["GET"]}}],"collection":[{"href":"https:\/\/armstrongyregion.com.ar\/diario\/wp-json\/wp\/v2\/posts"}],"about":[{"href":"https:\/\/armstrongyregion.com.ar\/diario\/wp-json\/wp\/v2\/types\/post"}],"author":[{"embeddable":true,"href":"https:\/\/armstrongyregion.com.ar\/diario\/wp-json\/wp\/v2\/users\/1"}],"replies":[{"embeddable":true,"href":"https:\/\/armstrongyregion.com.ar\/diario\/wp-json\/wp\/v2\/comments?post=42236"}],"version-history":[{"count":1,"href":"https:\/\/armstrongyregion.com.ar\/diario\/wp-json\/wp\/v2\/posts\/42236\/revisions"}],"predecessor-version":[{"id":42238,"href":"https:\/\/armstrongyregion.com.ar\/diario\/wp-json\/wp\/v2\/posts\/42236\/revisions\/42238"}],"wp:featuredmedia":[{"embeddable":true,"href":"https:\/\/armstrongyregion.com.ar\/diario\/wp-json\/wp\/v2\/media\/42237"}],"wp:attachment":[{"href":"https:\/\/armstrongyregion.com.ar\/diario\/wp-json\/wp\/v2\/media?parent=42236"}],"wp:term":[{"taxonomy":"category","embeddable":true,"href":"https:\/\/armstrongyregion.com.ar\/diario\/wp-json\/wp\/v2\/categories?post=42236"},{"taxonomy":"post_tag","embeddable":true,"href":"https:\/\/armstrongyregion.com.ar\/diario\/wp-json\/wp\/v2\/tags?post=42236"}],"curies":[{"name":"wp","href":"https:\/\/api.w.org\/{rel}","templated":true}]}}