{"id":42230,"date":"2024-03-29T16:44:59","date_gmt":"2024-03-29T16:44:59","guid":{"rendered":"https:\/\/armstrongyregion.com.ar\/diario\/?p=42230"},"modified":"2024-03-29T16:45:02","modified_gmt":"2024-03-29T16:45:02","slug":"operativo-cosecha-comenzaron-los-controles-en-las-rutas-santafesinas-para-garantizar-la-seguridad-vial","status":"publish","type":"post","link":"https:\/\/armstrongyregion.com.ar\/diario\/operativo-cosecha-comenzaron-los-controles-en-las-rutas-santafesinas-para-garantizar-la-seguridad-vial\/","title":{"rendered":"Operativo Cosecha: comenzaron los controles en las rutas santafesinas para garantizar la seguridad vial."},"content":{"rendered":"\n<figure class=\"wp-block-image size-full\"><a href=\"http:\/\/armstrongyregion.com.ar\/diario\/wp-content\/uploads\/2024\/03\/operativo-cosecha-.jpg\"><img loading=\"lazy\" decoding=\"async\" width=\"400\" height=\"267\" src=\"http:\/\/armstrongyregion.com.ar\/diario\/wp-content\/uploads\/2024\/03\/operativo-cosecha-.jpg\" alt=\"\" class=\"wp-image-42231\" srcset=\"https:\/\/armstrongyregion.com.ar\/diario\/wp-content\/uploads\/2024\/03\/operativo-cosecha-.jpg 400w, https:\/\/armstrongyregion.com.ar\/diario\/wp-content\/uploads\/2024\/03\/operativo-cosecha--300x200.jpg 300w\" sizes=\"auto, (max-width: 400px) 100vw, 400px\" \/><\/a><\/figure>\n\n\n\n<h2 class=\"wp-block-heading\">Se estima que transitar\u00e1n m\u00e1s de dos millones de camiones hacia las terminales portuarias santafesinas. El protocolo de actuaci\u00f3n se coordin\u00f3 con intendentes, presidentes comunales, c\u00e1maras de transportistas y sindicatos del sector.<\/h2>\n\n\n\n<p>El Gobierno provincial puso en marcha los controles dentro del denominado Operativo Cosecha, que tiene por objetivo asegurar el flujo eficiente de los m\u00e1s de dos millones de camiones que se estima transitar\u00e1n por las rutas santafesinas hacia las terminales portuarias y garantizar la seguridad vial de los transportistas y los residentes de las \u00e1reas afectadas.<\/p>\n\n\n\n<p>Funcionarios de los ministerios de Gobierno e Innovaci\u00f3n, Desarrollo Productivo, Justicia y Seguridad, y Obras P\u00fablicas, han coordinado el trabajo con intendentes, presidentes comunales, c\u00e1maras de transportistas y sindicatos del sector, lo que dio como resultado la diagramaci\u00f3n de los puestos de control y un protocolo de actuaci\u00f3n. Vale recordar que la coordinaci\u00f3n de las \u00e1reas est\u00e1 a cargo del secretario de Cooperaci\u00f3n, Cristian Cunha.<br>En el puesto de control dispuesto en el kil\u00f3metro 22 de la Autopistas Rosario-Santa Fe, el secretario de la Agencia Provincial de Seguridad Vial, Carlos Torres, detall\u00f3 que \u201cvenimos haciendo un trabajo de muchas semanas, pero los controles comienzan hoy, desde los l\u00edmites de la provincia, con anillos, hasta las terminales portuarias. Es una tarea de much\u00edsima coordinaci\u00f3n, por eso todos los actores que estamos trabajando en este operativo, tenemos que hacerlo comunicados minuto a minuto\u201d.<\/p>\n\n\n\n<figure class=\"wp-block-image\"><img decoding=\"async\" src=\"https:\/\/ci3.googleusercontent.com\/meips\/ADKq_Nb56JX_D2o0pUZ2aFCLGFvNThi4JA2mcywiym5tJ165pqq-jypgKHBO48XZhVWr0tFEsa2CNa1XeSeAElFTmAWp6Yhi4u4vmRmamumeEmlyimYw4iWtg5qgFMXaiks5ZhQlfepTKFMZlGRUpm4RDzcEUQ=s0-d-e1-ft#https:\/\/listas.santafe.gob.ar\/boletines\/uploadimages\/image\/Operativo%20Cosecha_1%281%29.jpeg\" alt=\"\"\/><\/figure>\n\n\n\n<p><strong>Las 24 horas<\/strong><\/p>\n\n\n\n<p>Torres precis\u00f3 que \u201cnuestra principal responsabilidad es que un cami\u00f3n que viene de otra provincia tenga un camino seguro, que pueda llegar a la terminal portuaria y descargar su carga; y que a su vez este cami\u00f3n no le cause problemas a los habitantes de las localidades que est\u00e1n cerca de los puertos. Si nosotros logramos esto y disminuir los siniestros viales nos vamos a dar por satisfechos\u201d.<\/p>\n\n\n\n<p><br>En tanto, el secretario de Protecci\u00f3n Civil y Gesti\u00f3n de Riesgos, Marcos Escajadillo, precis\u00f3 que \u201choy se pone en marcha un protocolo de trabajo que elaboramos durante meses, junto con autoridades locales, c\u00e1maras empresarias y sindicales\u201d.<\/p>\n\n\n\n<p>\u201cEs un trabajo que se va a desarrollar las 24 horas del d\u00eda\u201d y \u201ccada localidad se puede comunicar por cualquier inconveniente y a partir de ah\u00ed se desencadena la respuesta para dar contenci\u00f3n o tratamiento. Se estima que el despliegue tendr\u00e1 una duraci\u00f3n de 3 o 4 meses\u201d, detall\u00f3 el secretario.<\/p>\n\n\n\n<p>Por \u00faltimo, Escajadillo destac\u00f3 \u201cla decisi\u00f3n del gobierno de la provincia de tener una gesti\u00f3n de cercan\u00eda, para ayudar a los vecinos que son afectados por esta gran circulaci\u00f3n de camiones\u201d.<\/p>\n\n\n\n<p>Por su parte, la secretaria de Transporte &nbsp;y Log\u00edstica, Renata Ghilotti, hizo hincapi\u00e9 en la importancia del \u201ctrabajo conjunto entre las distintas \u00e1reas del gobierno, con las entidades del sector privado y con distintos municipios y comunas, con quienes venimos articulando este operativo que hoy est\u00e1 dando inicio\u201d.<\/p>\n\n\n\n<p>La tarea de \u201cnuestra Secretar\u00eda, que pertenece al ministerio de Desarrollo Productivo que encabeza Gustavo Puccini, es entrelazar lo que suceda en el operativo, con las entidades que nuclean a los transportistas, como a los sindicatos de camioneros. Es un desaf\u00edo muy importante, porque van a salir de nuestros puertos el 80 % de los granos que se producen en la Rep\u00fablica Argentina\u201d, concluy\u00f3 Guilotti.<\/p>\n\n\n\n<p>Para concluir, el secretario de Vinculaci\u00f3n Regional, Ramiro Dall\u2019aglio, dependiente del Ministerio de Gobierno, destac\u00f3 el trabajo coordinado \u201centre m\u00e1s de 5 ministerios del gobierno provincial, pero tambi\u00e9n con municipios y comunas. Hemos logrado que todos los intendentes y presidentes comunales trabajen codo a codo con todas las \u00e1reas\u201d; y resalt\u00f3 la \u201carticulaci\u00f3n con el Poder Judicial, el Ministerio P\u00fablico de la Acusaci\u00f3n, para ante cualquier il\u00edcito, poder relevar las denuncias\u201d.<\/p>\n\n\n\n<figure class=\"wp-block-image\"><img decoding=\"async\" src=\"https:\/\/ci3.googleusercontent.com\/meips\/ADKq_NZYLU5gzc3QHkykeYgfGayI9S-1QyJD_uL4Vp5BSpuxAJ5u-g40WAUKE8QuigPJoRWPh47lrAjgTp2SnpKLjxKLsnG9o_SEWtVSY2cTFmd_ri6zl--DwBgK0IIhdCVXSW_zDdiMi9m2cvPQ=s0-d-e1-ft#https:\/\/listas.santafe.gob.ar\/boletines\/uploadimages\/image\/Operativo%20Cosecha_2.jpeg\" alt=\"\"\/><\/figure>\n\n\n\n<p><strong>Documentaci\u00f3n<\/strong><\/p>\n\n\n\n<p>Los camiones que transiten por las rutas santafesinas deber\u00e1n contar con:<\/p>\n\n\n\n<ul class=\"wp-block-list\">\n<li>C\u00e9dula identificaci\u00f3n del veh\u00edculos<\/li>\n\n\n\n<li>Registro \u00fanico del transporte automotor (RUTA)<\/li>\n\n\n\n<li>Certificado de la Revisi\u00f3n T\u00e9cnica Obligatoria (RTO)<\/li>\n\n\n\n<li>Licencia Nacional Habilitante<\/li>\n\n\n\n<li>Comprobante que acredite la contrataci\u00f3n de seguro<\/li>\n\n\n\n<li>Exhibir Carta de Porte, la cu\u00e1l es Obligatoria<\/li>\n\n\n\n<li>Documentaci\u00f3n espec\u00edfica para cada tipo de transporte<\/li>\n<\/ul>\n\n\n\n<p>Por \u00faltimo, se recomienda circulaci\u00f3n hacia la Terminal Portuaria respetando fecha, horario y cupo para descargar; no estacionar en lugares prohibidos o inseguros; y respetar las indicaciones de personal que trabaja en el Operativo Cosecha.<\/p>\n","protected":false},"excerpt":{"rendered":"<p>Operativo Cosecha: comenzaron los controles en las rutas santafesinas para garantizar la seguridad vial.<\/p>\n","protected":false},"author":1,"featured_media":42231,"comment_status":"open","ping_status":"open","sticky":false,"template":"","format":"image","meta":{"_jetpack_memberships_contains_paid_content":false,"footnotes":"","jetpack_publicize_message":"","jetpack_publicize_feature_enabled":true,"jetpack_social_post_already_shared":true,"jetpack_social_options":{"image_generator_settings":{"template":"highway","default_image_id":0,"enabled":false},"version":2}},"categories":[8,1,2,7,3],"tags":[3392,9924,8777,510,10456,10213],"class_list":["post-42230","post","type-post","status-publish","format-image","has-post-thumbnail","hentry","category-deliberando","category-diario-armstrong","category-locales","category-politica","category-region","tag-cosecha","tag-diario-armstrong-y-region-2","tag-lic-graciela-de-la-casa","tag-operativo","tag-rutas-santafesinas","tag-seguridad-vial","post_format-post-format-image"],"jetpack_publicize_connections":[],"jetpack_featured_media_url":"https:\/\/armstrongyregion.com.ar\/diario\/wp-content\/uploads\/2024\/03\/operativo-cosecha-.jpg","jetpack_shortlink":"https:\/\/wp.me\/p62QDO-aZ8","jetpack_sharing_enabled":true,"amp_enabled":true,"_links":{"self":[{"href":"https:\/\/armstrongyregion.com.ar\/diario\/wp-json\/wp\/v2\/posts\/42230","targetHints":{"allow":["GET"]}}],"collection":[{"href":"https:\/\/armstrongyregion.com.ar\/diario\/wp-json\/wp\/v2\/posts"}],"about":[{"href":"https:\/\/armstrongyregion.com.ar\/diario\/wp-json\/wp\/v2\/types\/post"}],"author":[{"embeddable":true,"href":"https:\/\/armstrongyregion.com.ar\/diario\/wp-json\/wp\/v2\/users\/1"}],"replies":[{"embeddable":true,"href":"https:\/\/armstrongyregion.com.ar\/diario\/wp-json\/wp\/v2\/comments?post=42230"}],"version-history":[{"count":1,"href":"https:\/\/armstrongyregion.com.ar\/diario\/wp-json\/wp\/v2\/posts\/42230\/revisions"}],"predecessor-version":[{"id":42232,"href":"https:\/\/armstrongyregion.com.ar\/diario\/wp-json\/wp\/v2\/posts\/42230\/revisions\/42232"}],"wp:featuredmedia":[{"embeddable":true,"href":"https:\/\/armstrongyregion.com.ar\/diario\/wp-json\/wp\/v2\/media\/42231"}],"wp:attachment":[{"href":"https:\/\/armstrongyregion.com.ar\/diario\/wp-json\/wp\/v2\/media?parent=42230"}],"wp:term":[{"taxonomy":"category","embeddable":true,"href":"https:\/\/armstrongyregion.com.ar\/diario\/wp-json\/wp\/v2\/categories?post=42230"},{"taxonomy":"post_tag","embeddable":true,"href":"https:\/\/armstrongyregion.com.ar\/diario\/wp-json\/wp\/v2\/tags?post=42230"}],"curies":[{"name":"wp","href":"https:\/\/api.w.org\/{rel}","templated":true}]}}