{"id":4223,"date":"2015-09-24T14:56:08","date_gmt":"2015-09-24T14:56:08","guid":{"rendered":"https:\/\/armstrongyregion.com.ar\/diario\/?p=4223"},"modified":"2015-09-24T14:56:08","modified_gmt":"2015-09-24T14:56:08","slug":"el-domingo-se-habilita-la-muestra-mandalas-en-el-mac","status":"publish","type":"post","link":"https:\/\/armstrongyregion.com.ar\/diario\/el-domingo-se-habilita-la-muestra-mandalas-en-el-mac\/","title":{"rendered":"El domingo se habilita la muestra \u00abMANDALAS\u00bb en el MAC."},"content":{"rendered":"<p><a href=\"http:\/\/armstrongyregion.com.ar\/diario\/wp-content\/uploads\/2015\/09\/mandalas.jpg\"><img loading=\"lazy\" decoding=\"async\" class=\"alignnone size-medium wp-image-4224\" src=\"http:\/\/armstrongyregion.com.ar\/diario\/wp-content\/uploads\/2015\/09\/mandalas-300x240.jpg\" alt=\"mandalas\" width=\"300\" height=\"240\" srcset=\"https:\/\/armstrongyregion.com.ar\/diario\/wp-content\/uploads\/2015\/09\/mandalas-300x240.jpg 300w, https:\/\/armstrongyregion.com.ar\/diario\/wp-content\/uploads\/2015\/09\/mandalas-1024x819.jpg 1024w, https:\/\/armstrongyregion.com.ar\/diario\/wp-content\/uploads\/2015\/09\/mandalas.jpg 1200w\" sizes=\"auto, (max-width: 300px) 100vw, 300px\" \/><\/a>Se trata del taller dictado por Marisol Villarreal en la Escuela Municipal. Adem\u00e1s debutar\u00e1 oficialmente el Ensamble Juvenil de M\u00fasica<br \/>\nPopular dirigido por Diego Aureli.<\/p>\n<p>Este domingo 27 de septiembre a las 17 hs. en el Museo de Arte Ca\u00f1adense se habilitar\u00e1 la muestra de Mandalas de las alumnas de Marisol<br \/>\nVillarreal, pertenecientes a la Escuela Municipal \u00abPedro Re\u00fcn\u00bb.<br \/>\nA su vez, ser\u00e1 el debut oficial del Ensamble Juvenil de M\u00fasica Popular, dirigida por el Prof. Diego Aureli cuyos integrantes son alumnos de la<br \/>\nEscuela Municipal de M\u00fasica \u00abVicente Beltr\u00e1n\u00bb.<\/p>\n","protected":false},"excerpt":{"rendered":"<p>Se trata del taller dictado por Marisol Villarreal en la Escuela Municipal. Adem\u00e1s debutar\u00e1 oficialmente el Ensamble Juvenil de M\u00fasica Popular dirigido por Diego Aureli. Este domingo 27 de septiembre a las 17 hs. en el Museo de Arte Ca\u00f1adense se habilitar\u00e1 la muestra de Mandalas de las alumnas de Marisol Villarreal, pertenecientes a la <a href=\"https:\/\/armstrongyregion.com.ar\/diario\/el-domingo-se-habilita-la-muestra-mandalas-en-el-mac\/\" title=\"Read more\" >&#8230;<\/a><\/p>\n","protected":false},"author":2,"featured_media":4224,"comment_status":"open","ping_status":"open","sticky":false,"template":"","format":"standard","meta":{"_jetpack_memberships_contains_paid_content":false,"footnotes":"","jetpack_publicize_message":"","jetpack_publicize_feature_enabled":true,"jetpack_social_post_already_shared":false,"jetpack_social_options":{"image_generator_settings":{"template":"highway","default_image_id":0,"enabled":false},"version":2}},"categories":[1,2,3],"tags":[1467,16,15,2807,31,1913,2808,1358,86],"class_list":["post-4223","post","type-post","status-publish","format-standard","has-post-thumbnail","hentry","category-diario-armstrong","category-locales","category-region","tag-domingo","tag-el","tag-en","tag-habilita","tag-la","tag-mac","tag-mandalas","tag-muestra","tag-se"],"jetpack_publicize_connections":[],"jetpack_featured_media_url":"https:\/\/armstrongyregion.com.ar\/diario\/wp-content\/uploads\/2015\/09\/mandalas.jpg","jetpack_shortlink":"https:\/\/wp.me\/p62QDO-167","jetpack_sharing_enabled":true,"amp_enabled":true,"_links":{"self":[{"href":"https:\/\/armstrongyregion.com.ar\/diario\/wp-json\/wp\/v2\/posts\/4223","targetHints":{"allow":["GET"]}}],"collection":[{"href":"https:\/\/armstrongyregion.com.ar\/diario\/wp-json\/wp\/v2\/posts"}],"about":[{"href":"https:\/\/armstrongyregion.com.ar\/diario\/wp-json\/wp\/v2\/types\/post"}],"author":[{"embeddable":true,"href":"https:\/\/armstrongyregion.com.ar\/diario\/wp-json\/wp\/v2\/users\/2"}],"replies":[{"embeddable":true,"href":"https:\/\/armstrongyregion.com.ar\/diario\/wp-json\/wp\/v2\/comments?post=4223"}],"version-history":[{"count":0,"href":"https:\/\/armstrongyregion.com.ar\/diario\/wp-json\/wp\/v2\/posts\/4223\/revisions"}],"wp:featuredmedia":[{"embeddable":true,"href":"https:\/\/armstrongyregion.com.ar\/diario\/wp-json\/wp\/v2\/media\/4224"}],"wp:attachment":[{"href":"https:\/\/armstrongyregion.com.ar\/diario\/wp-json\/wp\/v2\/media?parent=4223"}],"wp:term":[{"taxonomy":"category","embeddable":true,"href":"https:\/\/armstrongyregion.com.ar\/diario\/wp-json\/wp\/v2\/categories?post=4223"},{"taxonomy":"post_tag","embeddable":true,"href":"https:\/\/armstrongyregion.com.ar\/diario\/wp-json\/wp\/v2\/tags?post=4223"}],"curies":[{"name":"wp","href":"https:\/\/api.w.org\/{rel}","templated":true}]}}