{"id":42227,"date":"2024-03-29T16:39:34","date_gmt":"2024-03-29T16:39:34","guid":{"rendered":"https:\/\/armstrongyregion.com.ar\/diario\/?p=42227"},"modified":"2024-03-29T16:39:36","modified_gmt":"2024-03-29T16:39:36","slug":"con-un-gran-marco-se-presento-el-plan-2024-del-ente-cultural-santafesino","status":"publish","type":"post","link":"https:\/\/armstrongyregion.com.ar\/diario\/con-un-gran-marco-se-presento-el-plan-2024-del-ente-cultural-santafesino\/","title":{"rendered":"Con un gran marco se present\u00f3 el \u00abPlan 2024\u00bb del Ente Cultural Santafesino."},"content":{"rendered":"\n<figure class=\"wp-block-image size-full\"><a href=\"http:\/\/armstrongyregion.com.ar\/diario\/wp-content\/uploads\/2024\/03\/ente-29-03-24.jpg\"><img loading=\"lazy\" decoding=\"async\" width=\"645\" height=\"332\" src=\"http:\/\/armstrongyregion.com.ar\/diario\/wp-content\/uploads\/2024\/03\/ente-29-03-24.jpg\" alt=\"\" class=\"wp-image-42228\" srcset=\"https:\/\/armstrongyregion.com.ar\/diario\/wp-content\/uploads\/2024\/03\/ente-29-03-24.jpg 645w, https:\/\/armstrongyregion.com.ar\/diario\/wp-content\/uploads\/2024\/03\/ente-29-03-24-300x154.jpg 300w\" sizes=\"auto, (max-width: 645px) 100vw, 645px\" \/><\/a><\/figure>\n\n\n\n<h2 class=\"wp-block-heading\">Se realiz\u00f3 en la tarde del martes 26 en la Sociedad Italiana de la ciudad de Sastre, con la presencia de un centenar de autoridades, representantes y referentes culturales de distintos rincones de la provincia de Santa Fe.<\/h2>\n\n\n\n<p>El Ente Cultural Santafesino creado el 26 de junio de 2008, posibilita la interacci\u00f3n activa de los distintos organismos culturales de cada comunidad participante, logrando acuerdos y pol\u00edticas culturales que reflejen una mayor y mejor jerarquizaci\u00f3n en las diversas gestiones.<\/p>\n\n\n\n<p>Durante la tarde del martes 26 en la sala de Sociedad Italiana de la cabecera del dpto. San Mart\u00edn, se present\u00f3 su \u00abPlan Anual 2024\u00bb con la presencia de un centenar de autoridades, representantes y referentes culturales de distintos rincones de la provincia de Santa Fe, quienes participaron de los anuncios de los diversos programas, proyectos y acciones delineados por este espacio cultural; el cual articula a las diversas Usinas Culturales integradas por pueblos y ciudades de la provincia de Santa Fe y la regi\u00f3n del sudeste cordob\u00e9s, en el marco del 16\u00b0 Aniversario.<\/p>\n\n\n\n<p>La jornada estuvo acompa\u00f1ada del talento, la m\u00fasica y la danza a trav\u00e9s de los profesores del Liceo Municipal \u00abOlindo Strada\u00bb y de la banda musical de la destacada e hist\u00f3rica Comparsa \u00abPenamb\u00ed\u00bb<\/p>\n\n\n\n<p>La Intendente Mar\u00eda del Carmen de Brunazzo agradeci\u00f3 la presencia de todos y dio la bienvenida a su ciudad, la cual respira cultura y se potencia como un gran centro de la cultura regional.<\/p>\n\n\n\n<p>El Senador del departamento San Martin Esteban Motta manifest\u00f3 que Sastre no solo es la Capital Provincial del Carnaval, sino tambi\u00e9n es una ciudad que proyecta desde sus cursos y talleres una gran oferta de oportunidades para cada vecino de la cabecera departamental.&nbsp;<em>\u201cDebemos romper las barreras culturales; hoy tener tantos municipios y localidades, trabajando en forma conjunta nos alienta a seguir acompa\u00f1ando\u201d<\/em><\/p>\n\n\n\n<p>El flamante Presidente del Ente Cultural Santafesino Franco De Cristofano, present\u00f3 a todo el equipo directivo que coordinar\u00e1 a las distintas Usinas Culturales y agradeci\u00f3 el permanente acompa\u00f1amiento de Claudia Giaccone quien es un eslab\u00f3n fundamental en la construcci\u00f3n colectiva de este espacio cultural.&nbsp;<em>\u00abEl Ente nos permite seguir transitando el camino de la diversidad en una provincia muy rica, comprometi\u00e9ndome a visitar cada logro que nos demanda este Plan 2024\u201d<\/em><\/p>\n\n\n\n<p>Claudia Giaccone resalt\u00f3 los valores del Ente Cultura Santafesino y manifest\u00f3 que hoy se transform\u00f3 en una herramienta esencial para la provincia de Santa Fe.&nbsp;<em>\u00abEl Ente Cultural Santafesino no compite con nadie, al contrario viene a potenciar todo el trabajo que se desarrolla en cada rinc\u00f3n santafesino\u201d<\/em><\/p>\n\n\n\n<p>Posteriormente el Coordinador del Ente Cultural Santafesino Prof. Fernando Banegas, detall\u00f3 los objetivos y fundamentos trazados por este espacio, que articula a las diversas Usinas Culturales integradas por pueblos y ciudades de la provincia de Santa Fe y la regi\u00f3n del sudeste de C\u00f3rdoba.<\/p>\n\n\n\n<p>Se anunciaron los distintos programas que se realizar\u00e1n, difundiendo una importante agenda de trabajo, cargada de actividades y gestiones distribuidas en cada Usina Cultural provincia, cubriendo los requerimientos de cada una de las comunidades adherentes y todos los aspectos de la cultura, como son la m\u00fasica, la pl\u00e1stica, la &nbsp;literatura, la historia, la ciencia, y otras.<\/p>\n\n\n\n<h3 class=\"wp-block-heading\">Equipo Directivo:<\/h3>\n\n\n\n<figure class=\"wp-block-image\"><img decoding=\"async\" src=\"https:\/\/lasrosasdigital.com.ar\/download\/multimedia.normal.9ecfd2d4a61aaeea.ZW50ZSB0b2Rvc19ub3JtYWwud2VicA%3D%3D.webp\" alt=\"ente todos\"\/><\/figure>\n\n\n\n<p>Usina I Sur. Claudio Pellegrini (Villa Eloisa) y Elaine Escud\u00e9 (Totoras)<br>Usina I Norte: Flavia Curone (Bouquet), Juli\u00e1n Lencina (Montes de Oca) y Leonardo Carrozza (Mar\u00eda Susana)<br>Usina II: Maximiliano Depetris (Ramona)<br>Usina III Norte: Franco De Cristofano (Arroyo Seco)<br>Usina III Sur: Ernesto Sunde (Santa Isabel) y Cecilia De Francesco (Chabas)<br>Usina IV: Ileana Albornoz (Coronda) y Marcela Geminale (Pueblo Andino)<br>Usina V: German Bertolini (Hersilia)<br>Usina VI; Clauia Rabellino (Tostado)<br>Usina VII: Silvio Oliva (Las Garzas)<\/p>\n\n\n\n<figure class=\"wp-block-image\"><img decoding=\"async\" src=\"https:\/\/lasrosasdigital.com.ar\/download\/multimedia.miniatura.b9fa4a833233e496.ZW50ZSBjdWx0dXJhX21pbmlhdHVyYS53ZWJw.webp\" alt=\"ente cultura\"\/><\/figure>\n","protected":false},"excerpt":{"rendered":"<p>Con un gran marco se present\u00f3 el \u00abPlan 2024\u00bb del Ente Cultural Santafesino.<\/p>\n","protected":false},"author":1,"featured_media":42228,"comment_status":"open","ping_status":"open","sticky":false,"template":"","format":"image","meta":{"_jetpack_memberships_contains_paid_content":false,"footnotes":"","jetpack_publicize_message":"","jetpack_publicize_feature_enabled":true,"jetpack_social_post_already_shared":true,"jetpack_social_options":{"image_generator_settings":{"template":"highway","default_image_id":0,"enabled":false},"version":2}},"categories":[8,1,2,7,3],"tags":[4608,10455,8777,10454],"class_list":["post-42227","post","type-post","status-publish","format-image","has-post-thumbnail","hentry","category-deliberando","category-diario-armstrong","category-locales","category-politica","category-region","tag-diario-armstrong-y-region","tag-ente-santafesino","tag-lic-graciela-de-la-casa","tag-plan-2024","post_format-post-format-image"],"jetpack_publicize_connections":[],"jetpack_featured_media_url":"https:\/\/armstrongyregion.com.ar\/diario\/wp-content\/uploads\/2024\/03\/ente-29-03-24.jpg","jetpack_shortlink":"https:\/\/wp.me\/p62QDO-aZ5","jetpack_sharing_enabled":true,"amp_enabled":true,"_links":{"self":[{"href":"https:\/\/armstrongyregion.com.ar\/diario\/wp-json\/wp\/v2\/posts\/42227","targetHints":{"allow":["GET"]}}],"collection":[{"href":"https:\/\/armstrongyregion.com.ar\/diario\/wp-json\/wp\/v2\/posts"}],"about":[{"href":"https:\/\/armstrongyregion.com.ar\/diario\/wp-json\/wp\/v2\/types\/post"}],"author":[{"embeddable":true,"href":"https:\/\/armstrongyregion.com.ar\/diario\/wp-json\/wp\/v2\/users\/1"}],"replies":[{"embeddable":true,"href":"https:\/\/armstrongyregion.com.ar\/diario\/wp-json\/wp\/v2\/comments?post=42227"}],"version-history":[{"count":1,"href":"https:\/\/armstrongyregion.com.ar\/diario\/wp-json\/wp\/v2\/posts\/42227\/revisions"}],"predecessor-version":[{"id":42229,"href":"https:\/\/armstrongyregion.com.ar\/diario\/wp-json\/wp\/v2\/posts\/42227\/revisions\/42229"}],"wp:featuredmedia":[{"embeddable":true,"href":"https:\/\/armstrongyregion.com.ar\/diario\/wp-json\/wp\/v2\/media\/42228"}],"wp:attachment":[{"href":"https:\/\/armstrongyregion.com.ar\/diario\/wp-json\/wp\/v2\/media?parent=42227"}],"wp:term":[{"taxonomy":"category","embeddable":true,"href":"https:\/\/armstrongyregion.com.ar\/diario\/wp-json\/wp\/v2\/categories?post=42227"},{"taxonomy":"post_tag","embeddable":true,"href":"https:\/\/armstrongyregion.com.ar\/diario\/wp-json\/wp\/v2\/tags?post=42227"}],"curies":[{"name":"wp","href":"https:\/\/api.w.org\/{rel}","templated":true}]}}