{"id":42223,"date":"2024-03-29T16:27:57","date_gmt":"2024-03-29T16:27:57","guid":{"rendered":"https:\/\/armstrongyregion.com.ar\/diario\/?p=42223"},"modified":"2024-03-29T16:28:00","modified_gmt":"2024-03-29T16:28:00","slug":"pullaro-reduce-gastos-y-apuesta-a-la-eficiencia","status":"publish","type":"post","link":"https:\/\/armstrongyregion.com.ar\/diario\/pullaro-reduce-gastos-y-apuesta-a-la-eficiencia\/","title":{"rendered":"Pullaro reduce gastos y apuesta a la eficiencia."},"content":{"rendered":"\n<figure class=\"wp-block-image size-full\"><a href=\"http:\/\/armstrongyregion.com.ar\/diario\/wp-content\/uploads\/2024\/03\/Pullaro-29-03-24.jpg\"><img loading=\"lazy\" decoding=\"async\" width=\"570\" height=\"320\" src=\"http:\/\/armstrongyregion.com.ar\/diario\/wp-content\/uploads\/2024\/03\/Pullaro-29-03-24.jpg\" alt=\"\" class=\"wp-image-42224\" srcset=\"https:\/\/armstrongyregion.com.ar\/diario\/wp-content\/uploads\/2024\/03\/Pullaro-29-03-24.jpg 570w, https:\/\/armstrongyregion.com.ar\/diario\/wp-content\/uploads\/2024\/03\/Pullaro-29-03-24-300x168.jpg 300w\" sizes=\"auto, (max-width: 570px) 100vw, 570px\" \/><\/a><\/figure>\n\n\n\n<p>El gobernador destac\u00f3 la importancia de contar con un Estado eficiente y austero. La reducci\u00f3n del n\u00famero de ministerios; el achicamiento de la flota de veh\u00edculos oficiales y de choferes; el l\u00edmite de hoteles 3 estrellas para funcionarios; y la baja en montos de manutenci\u00f3n en diferentes categor\u00edas, fueron s\u00f3lo algunas de las medidas. Adem\u00e1s, el personal pol\u00edtico que ingres\u00f3 queda inhabilitado para pedir luego el pase a planta, a diferencia de lo que suced\u00eda en los \u00faltimos a\u00f1os.<\/p>\n\n\n\n<figure class=\"wp-block-table\"><table><tbody><tr><td>\u201cAsumimos con la promesa de un Estado de tiempo presente, comprometido, austero y eficiente, que brinde mejores servicios cuidando los recursos del Estado. No nos corremos de esa consigna: trabajamos 24\/7 en esa l\u00ednea\u201d, marc\u00f3 Maximiliano Pullaro. Y agreg\u00f3 que \u201cson tiempos de muchas dificultades, donde los santafesinos no la est\u00e1n pasando bien. Tenemos muchas cosas para mejorar. Es temprano para hacer un balance, pero queremos ratificar ese rumbo: eficiencia y austeridad. Nuestro objetivo es un Estado que mejore sus servicios, siempre cuidando los recursos\u201d, complet\u00f3 el gobernador.<br>\u201cEstamos maximizando los esfuerzos. La Argentina est\u00e1 viviendo un momento sumamente complejo. Nosotros comprendemos la angustia de trabajadores que vieron su salario depreciado, y vamos a trabajar por el bien de la sociedad de la provincia de Santa Fe\u201d, enfatiz\u00f3, y agreg\u00f3: \u201cCreemos en el equilibrio de las cuentas p\u00fablicas e hicimos un esfuerzo muy grande en la provincia de Santa Fe para demostrarlo: de 18 ministerios y secretar\u00edas que hab\u00eda en la Provincia pasamos a 11, con menos empleados pol\u00edticos y menos gastos\u201d, remarc\u00f3 en declaraciones a la prensa.<br>En ese sentido, desde el \u00e1rea de Econom\u00eda se destac\u00f3, por ejemplo, el ahorro en gastos de funcionamiento: aunque las partidas no se incrementaron y la inflaci\u00f3n acumulada desde el 10 de diciembre redondea un 50 %, todo el Estado est\u00e1 activo e incluso e incluso se han producido ahorros.&nbsp;<br>Tambi\u00e9n vale recordar el Decreto 180, publicado el 27 de diciembre, que estableci\u00f3 que debido a \u201cla situaci\u00f3n econ\u00f3mica que est\u00e1 atravesando la provincia\u201d se implemente un ajuste \u201cde los gastos de los funcionarios que se desempe\u00f1an en cargos pol\u00edticos a fin de que, puedan cumplir la funciones que tienen asignadas, de la manera m\u00e1s austera posible\u201d.<br>Pese a que el Parque Automotor fue encontrado en una situaci\u00f3n \u201cdevastada\u201d, tal como se\u00f1al\u00f3 un informe de la Direcci\u00f3n Provincial de Movilidad y Aeron\u00e1utica, el actual gobierno decidi\u00f3 no adquirir nuevos coches, reparar los existentes y que los funcionarios usen sus propios veh\u00edculos cuando sea necesario. \u201cResulta preciso autorizar el uso de veh\u00edculos particulares de titularidad de los funcionarios para el cumplimiento de tareas espec\u00edficas fuera de la jurisdicci\u00f3n en la que prestan servicios\u201d. El decreto encomend\u00f3 a las secretar\u00edas de Coordinaci\u00f3n Administrativa y Financiera de cada jurisdicci\u00f3n, la elaboraci\u00f3n de un listado de veh\u00edculos particulares pertenecientes a autoridades superiores y personal de gabinete que soliciten su inclusi\u00f3n, con detalle de los datos identificatorios a los fines de incluirlos en el sistema Tarjeta Visa Flota Recargable.<br>Adem\u00e1s se determin\u00f3 la responsabilidad exclusiva del titular del veh\u00edculo respecto de los eventuales siniestros que puedan producirse, como as\u00ed tambi\u00e9n sobre los gastos de amortizaci\u00f3n por desgaste de la unidad, seguros, reparaciones eventuales y cualquier otra erogaci\u00f3n derivada del mismo.<br>El mismo decreto puso un tope a los gastos correspondientes al alojamiento en ocasi\u00f3n de cumplir funciones fuera del lugar en que viven, \u201cde manera de llevar un control y establecer reglas claras\u201d. Y tambi\u00e9n estableci\u00f3 que respecto a estad\u00eda en hoteles, residencias o alquiler de departamentos, s\u00f3lo \u201cse reconocer\u00e1 un gasto diario correspondiente a un hotel tres estrellas de la ciudad y de Rosario y el gasto no podr\u00e1 exceder los 20 d\u00edas mensuales\u201d.<br>Se anticip\u00f3 adem\u00e1s que se est\u00e1 trabajando en un proyecto para que quede establecido por ley que \u201ccada persona que ingresa a la gesti\u00f3n con un cargo pol\u00edtico, no podr\u00e1 pedir despu\u00e9s su ingreso a planta\u201d, marcando una diferencia importante con lo que sucedi\u00f3 con la anterior gesti\u00f3n.<\/td><td>&nbsp;<\/td><\/tr><\/tbody><\/table><\/figure>\n","protected":false},"excerpt":{"rendered":"<p>El gobernador destac\u00f3 la importancia de contar con un Estado eficiente y austero. La reducci\u00f3n del n\u00famero de ministerios; el achicamiento de la flota de veh\u00edculos oficiales y de choferes; el l\u00edmite de hoteles 3 estrellas para funcionarios; y la baja en montos de manutenci\u00f3n en diferentes categor\u00edas, fueron s\u00f3lo algunas de las medidas. Adem\u00e1s, <a href=\"https:\/\/armstrongyregion.com.ar\/diario\/pullaro-reduce-gastos-y-apuesta-a-la-eficiencia\/\" title=\"Read more\" >&#8230;<\/a><\/p>\n","protected":false},"author":1,"featured_media":42224,"comment_status":"open","ping_status":"open","sticky":false,"template":"","format":"image","meta":{"_jetpack_memberships_contains_paid_content":false,"footnotes":"","jetpack_publicize_message":"","jetpack_publicize_feature_enabled":true,"jetpack_social_post_already_shared":true,"jetpack_social_options":{"image_generator_settings":{"template":"highway","default_image_id":0,"enabled":false},"version":2}},"categories":[8,1,2,7,3],"tags":[2178,4608,10453,8676,8777,2846,10452],"class_list":["post-42223","post","type-post","status-publish","format-image","has-post-thumbnail","hentry","category-deliberando","category-diario-armstrong","category-locales","category-politica","category-region","tag-apuesta","tag-diario-armstrong-y-region","tag-eficiencia","tag-gastos","tag-lic-graciela-de-la-casa","tag-pullaro","tag-reduce","post_format-post-format-image"],"jetpack_publicize_connections":[],"jetpack_featured_media_url":"https:\/\/armstrongyregion.com.ar\/diario\/wp-content\/uploads\/2024\/03\/Pullaro-29-03-24.jpg","jetpack_shortlink":"https:\/\/wp.me\/p62QDO-aZ1","jetpack_sharing_enabled":true,"amp_enabled":true,"_links":{"self":[{"href":"https:\/\/armstrongyregion.com.ar\/diario\/wp-json\/wp\/v2\/posts\/42223","targetHints":{"allow":["GET"]}}],"collection":[{"href":"https:\/\/armstrongyregion.com.ar\/diario\/wp-json\/wp\/v2\/posts"}],"about":[{"href":"https:\/\/armstrongyregion.com.ar\/diario\/wp-json\/wp\/v2\/types\/post"}],"author":[{"embeddable":true,"href":"https:\/\/armstrongyregion.com.ar\/diario\/wp-json\/wp\/v2\/users\/1"}],"replies":[{"embeddable":true,"href":"https:\/\/armstrongyregion.com.ar\/diario\/wp-json\/wp\/v2\/comments?post=42223"}],"version-history":[{"count":1,"href":"https:\/\/armstrongyregion.com.ar\/diario\/wp-json\/wp\/v2\/posts\/42223\/revisions"}],"predecessor-version":[{"id":42225,"href":"https:\/\/armstrongyregion.com.ar\/diario\/wp-json\/wp\/v2\/posts\/42223\/revisions\/42225"}],"wp:featuredmedia":[{"embeddable":true,"href":"https:\/\/armstrongyregion.com.ar\/diario\/wp-json\/wp\/v2\/media\/42224"}],"wp:attachment":[{"href":"https:\/\/armstrongyregion.com.ar\/diario\/wp-json\/wp\/v2\/media?parent=42223"}],"wp:term":[{"taxonomy":"category","embeddable":true,"href":"https:\/\/armstrongyregion.com.ar\/diario\/wp-json\/wp\/v2\/categories?post=42223"},{"taxonomy":"post_tag","embeddable":true,"href":"https:\/\/armstrongyregion.com.ar\/diario\/wp-json\/wp\/v2\/tags?post=42223"}],"curies":[{"name":"wp","href":"https:\/\/api.w.org\/{rel}","templated":true}]}}