{"id":42221,"date":"2024-03-29T16:21:26","date_gmt":"2024-03-29T16:21:26","guid":{"rendered":"https:\/\/armstrongyregion.com.ar\/diario\/?p=42221"},"modified":"2024-03-29T16:21:29","modified_gmt":"2024-03-29T16:21:29","slug":"armstrong-se-le-impuso-el-nombre-de-raul-alfonsin-a-la-plaza-democracia","status":"publish","type":"post","link":"https:\/\/armstrongyregion.com.ar\/diario\/armstrong-se-le-impuso-el-nombre-de-raul-alfonsin-a-la-plaza-democracia\/","title":{"rendered":"Armstrong. Se le impuso el nombre de Ra\u00fal Alfons\u00edn a la Plaza Democracia."},"content":{"rendered":"\n<figure class=\"wp-block-image size-full\"><a href=\"http:\/\/armstrongyregion.com.ar\/diario\/wp-content\/uploads\/2024\/03\/profe-pertusati.jpg\"><img loading=\"lazy\" decoding=\"async\" width=\"536\" height=\"668\" src=\"http:\/\/armstrongyregion.com.ar\/diario\/wp-content\/uploads\/2024\/03\/profe-pertusati.jpg\" alt=\"\" class=\"wp-image-42129\" srcset=\"https:\/\/armstrongyregion.com.ar\/diario\/wp-content\/uploads\/2024\/03\/profe-pertusati.jpg 536w, https:\/\/armstrongyregion.com.ar\/diario\/wp-content\/uploads\/2024\/03\/profe-pertusati-241x300.jpg 241w\" sizes=\"auto, (max-width: 536px) 100vw, 536px\" \/><\/a><\/figure>\n\n\n\n<p>Al t\u00e9rmino de la \u00faltima sesi\u00f3n ordinaria, el Pte del Concejo Prof. Alejandro Pertusati, habl\u00f3 sobre la aprobaci\u00f3n por unanimidad de la designaci\u00f3n del nombre Ra\u00fal Alfons\u00edn a la Plaza Democracia, espacio verde que esta ubicado en calle Iraci entre Los Helechos y Mosconi.<\/p>\n\n\n\n<p>\u201cTodos los bloques han estado de acuerdo con esta iniciativa; es importante remarcar el hecho de los 40 a\u00f1os de la recuperaci\u00f3n de la democracia, aqu\u00ed en nuestra ciudad siempre hubo masiva participaci\u00f3n en las elecciones nacionales, provinciales y locales, la gente ha respondido en su gran mayor\u00eda yendo a elegir a sus representantes\u201d. Expres\u00f3 Pertusati.<\/p>\n\n\n\n<p>\u201cEs un nombre loable para la situaci\u00f3n que lo amerita, creo que don Ra\u00fal Alfons\u00edn, es quien mejor levanta las banderas de la recuperaci\u00f3n de la democracia. Siempre ha luchado por sus valores, se ha enfrentado a la oscuridad de la \u00faltima dictadura y ha mandado al banquillo de los acusados a quienes fueron responsables de los cr\u00edmenes de lesa humanidad en nuestro pa\u00eds\u201d. Afirm\u00f3 el edil.<\/p>\n","protected":false},"excerpt":{"rendered":"<p>Armstrong. Se le impuso el nombre de Ra\u00fal Alfons\u00edn a la Plaza Democracia.<\/p>\n","protected":false},"author":1,"featured_media":42129,"comment_status":"open","ping_status":"open","sticky":false,"template":"","format":"image","meta":{"_jetpack_memberships_contains_paid_content":false,"footnotes":"","jetpack_publicize_message":"","jetpack_publicize_feature_enabled":true,"jetpack_social_post_already_shared":true,"jetpack_social_options":{"image_generator_settings":{"template":"highway","default_image_id":0,"enabled":false},"version":2}},"categories":[8,1,2,7,3],"tags":[33,20,3515,4608,2495,31,8777,4189,283,10451,86],"class_list":["post-42221","post","type-post","status-publish","format-image","has-post-thumbnail","hentry","category-deliberando","category-diario-armstrong","category-locales","category-politica","category-region","tag-a","tag-armstrong","tag-democracia","tag-diario-armstrong-y-region","tag-impuso","tag-la","tag-lic-graciela-de-la-casa","tag-nombre","tag-plaza","tag-raul-alfonsion","tag-se","post_format-post-format-image"],"jetpack_publicize_connections":[],"jetpack_featured_media_url":"https:\/\/armstrongyregion.com.ar\/diario\/wp-content\/uploads\/2024\/03\/profe-pertusati.jpg","jetpack_shortlink":"https:\/\/wp.me\/p62QDO-aYZ","jetpack_sharing_enabled":true,"amp_enabled":true,"_links":{"self":[{"href":"https:\/\/armstrongyregion.com.ar\/diario\/wp-json\/wp\/v2\/posts\/42221","targetHints":{"allow":["GET"]}}],"collection":[{"href":"https:\/\/armstrongyregion.com.ar\/diario\/wp-json\/wp\/v2\/posts"}],"about":[{"href":"https:\/\/armstrongyregion.com.ar\/diario\/wp-json\/wp\/v2\/types\/post"}],"author":[{"embeddable":true,"href":"https:\/\/armstrongyregion.com.ar\/diario\/wp-json\/wp\/v2\/users\/1"}],"replies":[{"embeddable":true,"href":"https:\/\/armstrongyregion.com.ar\/diario\/wp-json\/wp\/v2\/comments?post=42221"}],"version-history":[{"count":1,"href":"https:\/\/armstrongyregion.com.ar\/diario\/wp-json\/wp\/v2\/posts\/42221\/revisions"}],"predecessor-version":[{"id":42222,"href":"https:\/\/armstrongyregion.com.ar\/diario\/wp-json\/wp\/v2\/posts\/42221\/revisions\/42222"}],"wp:featuredmedia":[{"embeddable":true,"href":"https:\/\/armstrongyregion.com.ar\/diario\/wp-json\/wp\/v2\/media\/42129"}],"wp:attachment":[{"href":"https:\/\/armstrongyregion.com.ar\/diario\/wp-json\/wp\/v2\/media?parent=42221"}],"wp:term":[{"taxonomy":"category","embeddable":true,"href":"https:\/\/armstrongyregion.com.ar\/diario\/wp-json\/wp\/v2\/categories?post=42221"},{"taxonomy":"post_tag","embeddable":true,"href":"https:\/\/armstrongyregion.com.ar\/diario\/wp-json\/wp\/v2\/tags?post=42221"}],"curies":[{"name":"wp","href":"https:\/\/api.w.org\/{rel}","templated":true}]}}