{"id":42210,"date":"2024-03-27T21:26:03","date_gmt":"2024-03-27T21:26:03","guid":{"rendered":"https:\/\/armstrongyregion.com.ar\/diario\/?p=42210"},"modified":"2024-03-27T21:26:05","modified_gmt":"2024-03-27T21:26:05","slug":"verdecchia-pide-a-vialidad-por-el-mantenimiento-de-las-rutas","status":"publish","type":"post","link":"https:\/\/armstrongyregion.com.ar\/diario\/verdecchia-pide-a-vialidad-por-el-mantenimiento-de-las-rutas\/","title":{"rendered":"Verdecchia pide a vialidad por el mantenimiento de las Rutas."},"content":{"rendered":"\n<figure class=\"wp-block-image size-full\"><a href=\"http:\/\/armstrongyregion.com.ar\/diario\/wp-content\/uploads\/2024\/03\/DR-PABLO-VERDECCHIA-2024.jpg\"><img loading=\"lazy\" decoding=\"async\" width=\"800\" height=\"533\" src=\"http:\/\/armstrongyregion.com.ar\/diario\/wp-content\/uploads\/2024\/03\/DR-PABLO-VERDECCHIA-2024.jpg\" alt=\"\" class=\"wp-image-42211\" srcset=\"https:\/\/armstrongyregion.com.ar\/diario\/wp-content\/uploads\/2024\/03\/DR-PABLO-VERDECCHIA-2024.jpg 800w, https:\/\/armstrongyregion.com.ar\/diario\/wp-content\/uploads\/2024\/03\/DR-PABLO-VERDECCHIA-2024-300x200.jpg 300w, https:\/\/armstrongyregion.com.ar\/diario\/wp-content\/uploads\/2024\/03\/DR-PABLO-VERDECCHIA-2024-768x512.jpg 768w\" sizes=\"auto, (max-width: 800px) 100vw, 800px\" \/><\/a><\/figure>\n\n\n\n<p>\u00a0El Senador Pablo Verdecchia present\u00f3 en la ultima sesi\u00f3n de la C\u00e1mara, un Proyecto de Comunicaci\u00f3n, por el cual le pide a Vialidad Nacional por el mantenimiento de la Ruta 178.<\/p>\n\n\n\n<p><strong> \u201cLa 178 es una Ruta Nacional, es necesario que se hagan cargo de su mantenimiento\u201d recalc\u00f3 el Senador<\/strong>. <\/p>\n\n\n\n<p>Ante el mal estado de esta v\u00eda, vital para la producci\u00f3n y la industria del departamento Belgrano, el reclamo de Verdecchia se aprob\u00f3 por unanimidad, resaltando la necesidad de no esperar fatalidades para comenzar con las reparaciones.<strong> \u201cEs necesario trabajar ya en esta arteria departamental, no podemos estar esperando que sucedan accidentes para accionar, la gente sufre a diario la debacle de esta ruta\u201d dijo Verdecchia.<\/strong><\/p>\n","protected":false},"excerpt":{"rendered":"<p>Verdecchia pide a vialidad por el mantenimiento de las Rutas.<\/p>\n","protected":false},"author":1,"featured_media":42211,"comment_status":"open","ping_status":"open","sticky":false,"template":"","format":"image","meta":{"_jetpack_memberships_contains_paid_content":false,"footnotes":"","jetpack_publicize_message":"","jetpack_publicize_feature_enabled":true,"jetpack_social_post_already_shared":true,"jetpack_social_options":{"image_generator_settings":{"template":"highway","default_image_id":0,"enabled":false},"version":2}},"categories":[8,1,2,7,3],"tags":[33,19,9924,16,23,8777,626,10381,60,9046,205,2267],"class_list":["post-42210","post","type-post","status-publish","format-image","has-post-thumbnail","hentry","category-deliberando","category-diario-armstrong","category-locales","category-politica","category-region","tag-a","tag-de","tag-diario-armstrong-y-region-2","tag-el","tag-las","tag-lic-graciela-de-la-casa","tag-mantenimiento","tag-pide","tag-por","tag-rutas-2","tag-verdecchia","tag-vialidad","post_format-post-format-image"],"jetpack_publicize_connections":[],"jetpack_featured_media_url":"https:\/\/armstrongyregion.com.ar\/diario\/wp-content\/uploads\/2024\/03\/DR-PABLO-VERDECCHIA-2024.jpg","jetpack_shortlink":"https:\/\/wp.me\/p62QDO-aYO","jetpack_sharing_enabled":true,"amp_enabled":true,"_links":{"self":[{"href":"https:\/\/armstrongyregion.com.ar\/diario\/wp-json\/wp\/v2\/posts\/42210","targetHints":{"allow":["GET"]}}],"collection":[{"href":"https:\/\/armstrongyregion.com.ar\/diario\/wp-json\/wp\/v2\/posts"}],"about":[{"href":"https:\/\/armstrongyregion.com.ar\/diario\/wp-json\/wp\/v2\/types\/post"}],"author":[{"embeddable":true,"href":"https:\/\/armstrongyregion.com.ar\/diario\/wp-json\/wp\/v2\/users\/1"}],"replies":[{"embeddable":true,"href":"https:\/\/armstrongyregion.com.ar\/diario\/wp-json\/wp\/v2\/comments?post=42210"}],"version-history":[{"count":1,"href":"https:\/\/armstrongyregion.com.ar\/diario\/wp-json\/wp\/v2\/posts\/42210\/revisions"}],"predecessor-version":[{"id":42212,"href":"https:\/\/armstrongyregion.com.ar\/diario\/wp-json\/wp\/v2\/posts\/42210\/revisions\/42212"}],"wp:featuredmedia":[{"embeddable":true,"href":"https:\/\/armstrongyregion.com.ar\/diario\/wp-json\/wp\/v2\/media\/42211"}],"wp:attachment":[{"href":"https:\/\/armstrongyregion.com.ar\/diario\/wp-json\/wp\/v2\/media?parent=42210"}],"wp:term":[{"taxonomy":"category","embeddable":true,"href":"https:\/\/armstrongyregion.com.ar\/diario\/wp-json\/wp\/v2\/categories?post=42210"},{"taxonomy":"post_tag","embeddable":true,"href":"https:\/\/armstrongyregion.com.ar\/diario\/wp-json\/wp\/v2\/tags?post=42210"}],"curies":[{"name":"wp","href":"https:\/\/api.w.org\/{rel}","templated":true}]}}