{"id":42207,"date":"2024-03-27T14:10:19","date_gmt":"2024-03-27T14:10:19","guid":{"rendered":"https:\/\/armstrongyregion.com.ar\/diario\/?p=42207"},"modified":"2024-03-27T14:10:21","modified_gmt":"2024-03-27T14:10:21","slug":"convocatoria-asamblea-general-ordinaria-bomberos-de-montes-de-oca","status":"publish","type":"post","link":"https:\/\/armstrongyregion.com.ar\/diario\/convocatoria-asamblea-general-ordinaria-bomberos-de-montes-de-oca\/","title":{"rendered":"Convocatoria: Asamblea General Ordinaria. Bomberos de Montes de Oca."},"content":{"rendered":"\n<p><\/p>\n\n\n\n<figure class=\"wp-block-image size-full\"><a href=\"http:\/\/armstrongyregion.com.ar\/diario\/wp-content\/uploads\/2024\/03\/bomberos-mtes-oca-.jpg\"><img loading=\"lazy\" decoding=\"async\" width=\"440\" height=\"341\" src=\"http:\/\/armstrongyregion.com.ar\/diario\/wp-content\/uploads\/2024\/03\/bomberos-mtes-oca-.jpg\" alt=\"\" class=\"wp-image-42208\" srcset=\"https:\/\/armstrongyregion.com.ar\/diario\/wp-content\/uploads\/2024\/03\/bomberos-mtes-oca-.jpg 440w, https:\/\/armstrongyregion.com.ar\/diario\/wp-content\/uploads\/2024\/03\/bomberos-mtes-oca--300x233.jpg 300w\" sizes=\"auto, (max-width: 440px) 100vw, 440px\" \/><\/a><\/figure>\n\n\n\n<p>Montes de Oca, 27 de marzo de 2024.&nbsp;<\/p>\n\n\n\n<p>Se <strong>convoca a <\/strong>los se\u00f1ores asociados a Asamblea General Ordinaria <strong>conforme al <\/strong>articulo 55 y 57 a celebrarse el dia 25 de abril de 2024, a las 20:<strong>30hs en primera <\/strong>convocatoria y a las 21:30hs en segunda convocatoria, en la sede de calle Belgrano No 734 de la ciudad de Montes de Oca, Departamento Belgrano, Provincia de Santa Fe para tratar <strong>el <\/strong>siguiente:&nbsp;<\/p>\n\n\n\n<p><strong><em>ORDEN DEL <\/em><\/strong><em>DIA<\/em><strong>:&nbsp;<\/strong><\/p>\n\n\n\n<p>1) Designaci\u00f3n de 1 (uno) asociado para que presida la Asamblea y de 2 (dos) asociados para que en representaci\u00f3n de la asamblea y conjuntamente con el Presidente y Secretario refrenden el acta respectiva.&nbsp;<\/p>\n\n\n\n<p>2) Lectura del Acta anterior.&nbsp;<\/p>\n\n\n\n<p><strong>3<\/strong>) Consideraci\u00f3n y aprobaci\u00f3n de la Memoria y Balance General correspondiente al ejercicio econ\u00f3mico finalizado el 31 de diciembre de 2023. Lectura del Informe <strong>de la <\/strong>Sindicatura.&nbsp;<\/p>\n\n\n\n<p>4) Renovaci\u00f3n del 50% de los miembros que integran la Comisi\u00f3n Directiva y la Sindicatura.&nbsp;<\/p>\n\n\n\n<p>5) Aprobaci\u00f3n de la gesti\u00f3n realizada por la Comisi\u00f3n Directiva durante el ejercicio econ\u00f3mico finalizado 31 de diciembre de 2023.&nbsp;<\/p>\n\n\n\n<p>6) Fijar periodicidad y el monto de la cuota societaria.&nbsp;<\/p>\n\n\n\n<p>MONTES\u00a0DE <strong>OCA\u00a0<\/strong><\/p>\n\n\n\n<p><strong>SERARDIO D<\/strong>. CERUTTI- PRESIDENTE-DN20.474.080 <\/p>\n","protected":false},"excerpt":{"rendered":"<p>Convocatoria. Asamblea General Ordinaria. Bomberos de Montes de Oca.<\/p>\n","protected":false},"author":1,"featured_media":42208,"comment_status":"open","ping_status":"open","sticky":false,"template":"","format":"image","meta":{"_jetpack_memberships_contains_paid_content":false,"footnotes":"","jetpack_publicize_message":"","jetpack_publicize_feature_enabled":true,"jetpack_social_post_already_shared":true,"jetpack_social_options":{"image_generator_settings":{"template":"highway","default_image_id":0,"enabled":false},"version":2}},"categories":[8,1,2,7,3],"tags":[352,451,5030,8777,9216,353],"class_list":["post-42207","post","type-post","status-publish","format-image","has-post-thumbnail","hentry","category-deliberando","category-diario-armstrong","category-locales","category-politica","category-region","tag-bomberos","tag-convocatoria","tag-diario-armstrong","tag-lic-graciela-de-la-casa","tag-montes-de-oca","tag-voluntarios","post_format-post-format-image"],"jetpack_publicize_connections":[],"jetpack_featured_media_url":"https:\/\/armstrongyregion.com.ar\/diario\/wp-content\/uploads\/2024\/03\/bomberos-mtes-oca-.jpg","jetpack_shortlink":"https:\/\/wp.me\/p62QDO-aYL","jetpack_sharing_enabled":true,"amp_enabled":true,"_links":{"self":[{"href":"https:\/\/armstrongyregion.com.ar\/diario\/wp-json\/wp\/v2\/posts\/42207","targetHints":{"allow":["GET"]}}],"collection":[{"href":"https:\/\/armstrongyregion.com.ar\/diario\/wp-json\/wp\/v2\/posts"}],"about":[{"href":"https:\/\/armstrongyregion.com.ar\/diario\/wp-json\/wp\/v2\/types\/post"}],"author":[{"embeddable":true,"href":"https:\/\/armstrongyregion.com.ar\/diario\/wp-json\/wp\/v2\/users\/1"}],"replies":[{"embeddable":true,"href":"https:\/\/armstrongyregion.com.ar\/diario\/wp-json\/wp\/v2\/comments?post=42207"}],"version-history":[{"count":1,"href":"https:\/\/armstrongyregion.com.ar\/diario\/wp-json\/wp\/v2\/posts\/42207\/revisions"}],"predecessor-version":[{"id":42209,"href":"https:\/\/armstrongyregion.com.ar\/diario\/wp-json\/wp\/v2\/posts\/42207\/revisions\/42209"}],"wp:featuredmedia":[{"embeddable":true,"href":"https:\/\/armstrongyregion.com.ar\/diario\/wp-json\/wp\/v2\/media\/42208"}],"wp:attachment":[{"href":"https:\/\/armstrongyregion.com.ar\/diario\/wp-json\/wp\/v2\/media?parent=42207"}],"wp:term":[{"taxonomy":"category","embeddable":true,"href":"https:\/\/armstrongyregion.com.ar\/diario\/wp-json\/wp\/v2\/categories?post=42207"},{"taxonomy":"post_tag","embeddable":true,"href":"https:\/\/armstrongyregion.com.ar\/diario\/wp-json\/wp\/v2\/tags?post=42207"}],"curies":[{"name":"wp","href":"https:\/\/api.w.org\/{rel}","templated":true}]}}