{"id":42203,"date":"2024-03-27T14:00:33","date_gmt":"2024-03-27T14:00:33","guid":{"rendered":"https:\/\/armstrongyregion.com.ar\/diario\/?p=42203"},"modified":"2024-03-28T00:57:20","modified_gmt":"2024-03-28T00:57:20","slug":"el-senador-pablo-verdecchia-dono-instrumentos-musicales-para-el-conservatorio-enzo-baccino","status":"publish","type":"post","link":"https:\/\/armstrongyregion.com.ar\/diario\/el-senador-pablo-verdecchia-dono-instrumentos-musicales-para-el-conservatorio-enzo-baccino\/","title":{"rendered":"El Senador Pablo Verdecchia don\u00f3 instrumentos musicales para el Conservatorio Enzo Vaccino."},"content":{"rendered":"\n<figure class=\"wp-block-image size-full\"><a href=\"http:\/\/armstrongyregion.com.ar\/diario\/wp-content\/uploads\/2024\/03\/Senador-violonchelos-1.jpg\"><img loading=\"lazy\" decoding=\"async\" width=\"582\" height=\"450\" src=\"http:\/\/armstrongyregion.com.ar\/diario\/wp-content\/uploads\/2024\/03\/Senador-violonchelos-1.jpg\" alt=\"\" class=\"wp-image-42204\" srcset=\"https:\/\/armstrongyregion.com.ar\/diario\/wp-content\/uploads\/2024\/03\/Senador-violonchelos-1.jpg 582w, https:\/\/armstrongyregion.com.ar\/diario\/wp-content\/uploads\/2024\/03\/Senador-violonchelos-1-300x232.jpg 300w\" sizes=\"auto, (max-width: 582px) 100vw, 582px\" \/><\/a><\/figure>\n\n\n\n<p>El pasado lunes, el Senador del Departamento Belgrano, Dr. Pablo Verdecchia,<br>acompa\u00f1ado por el intendente interino Ing. Guillermo Luzzi, hizo entrega de cuatro<br>violonchelos para el Ensamble Municipal Enzo Vaccino.<\/p>\n\n\n\n<figure class=\"wp-block-image size-full\"><a href=\"http:\/\/armstrongyregion.com.ar\/diario\/wp-content\/uploads\/2024\/03\/senador-verdecchia-2-.jpg\"><img loading=\"lazy\" decoding=\"async\" width=\"608\" height=\"450\" src=\"http:\/\/armstrongyregion.com.ar\/diario\/wp-content\/uploads\/2024\/03\/senador-verdecchia-2-.jpg\" alt=\"\" class=\"wp-image-42205\" srcset=\"https:\/\/armstrongyregion.com.ar\/diario\/wp-content\/uploads\/2024\/03\/senador-verdecchia-2-.jpg 608w, https:\/\/armstrongyregion.com.ar\/diario\/wp-content\/uploads\/2024\/03\/senador-verdecchia-2--300x222.jpg 300w\" sizes=\"auto, (max-width: 608px) 100vw, 608px\" \/><\/a><\/figure>\n\n\n\n<p><br>El Senador en di\u00e1logo con los medios locales expresaba: \u201cCuando uno fue viendo todo el<br>crecimiento del conservatorio, tambi\u00e9n vimos las necesidades, y una de ellas era poder<br>comenzar con la c\u00e1tedra de violonchelo, por ello, hemos decidido en esta oportunidad<br>concretar este peque\u00f1o aporte, para que quienes asisten puedan desarrollarse y fortalecerse<br>en el tema de cuerdas\u201d.<\/p>\n\n\n\n<p>Verdecchia a\u00f1adi\u00f3: \u201cPara nosotros es importante el esfuerzo que hace el municipio a la hora de<br>trabajar con c\u00e1tedras nuevas y con ir incrementando la cantidad de instrumentos por ello,<br>sentimos que este es un peque\u00f1o granito de arena, que sumar\u00e1 al trabajo que vienen<br>realizando d\u00eda a d\u00eda y lo hemos visto en cada presentaci\u00f3n, a los armstronenses nos llena de<br>orgullo la labor que realiza nuestro ensamble\u201d.<\/p>\n","protected":false},"excerpt":{"rendered":"<p>El Senador Pablo Verdecchia don\u00f3 instrumentos musicales para el Conservatorio Enzo Vaccino.<\/p>\n","protected":false},"author":1,"featured_media":42204,"comment_status":"open","ping_status":"open","sticky":false,"template":"","format":"image","meta":{"_jetpack_memberships_contains_paid_content":false,"footnotes":"","jetpack_publicize_message":"","jetpack_publicize_feature_enabled":true,"jetpack_social_post_already_shared":true,"jetpack_social_options":{"image_generator_settings":{"template":"highway","default_image_id":0,"enabled":false},"version":2}},"categories":[6,8,1,2,7,3],"tags":[5030,9924,1907,10448,8777,10154,10438,10449],"class_list":["post-42203","post","type-post","status-publish","format-image","has-post-thumbnail","hentry","category-cultura-entretenimiento","category-deliberando","category-diario-armstrong","category-locales","category-politica","category-region","tag-diario-armstrong","tag-diario-armstrong-y-region-2","tag-dono","tag-instrumentos","tag-lic-graciela-de-la-casa","tag-musicales-2","tag-senador-verdecchia","tag-violonchelo","post_format-post-format-image"],"jetpack_publicize_connections":[],"jetpack_featured_media_url":"https:\/\/armstrongyregion.com.ar\/diario\/wp-content\/uploads\/2024\/03\/Senador-violonchelos-1.jpg","jetpack_shortlink":"https:\/\/wp.me\/p62QDO-aYH","jetpack_sharing_enabled":true,"amp_enabled":true,"_links":{"self":[{"href":"https:\/\/armstrongyregion.com.ar\/diario\/wp-json\/wp\/v2\/posts\/42203","targetHints":{"allow":["GET"]}}],"collection":[{"href":"https:\/\/armstrongyregion.com.ar\/diario\/wp-json\/wp\/v2\/posts"}],"about":[{"href":"https:\/\/armstrongyregion.com.ar\/diario\/wp-json\/wp\/v2\/types\/post"}],"author":[{"embeddable":true,"href":"https:\/\/armstrongyregion.com.ar\/diario\/wp-json\/wp\/v2\/users\/1"}],"replies":[{"embeddable":true,"href":"https:\/\/armstrongyregion.com.ar\/diario\/wp-json\/wp\/v2\/comments?post=42203"}],"version-history":[{"count":3,"href":"https:\/\/armstrongyregion.com.ar\/diario\/wp-json\/wp\/v2\/posts\/42203\/revisions"}],"predecessor-version":[{"id":42217,"href":"https:\/\/armstrongyregion.com.ar\/diario\/wp-json\/wp\/v2\/posts\/42203\/revisions\/42217"}],"wp:featuredmedia":[{"embeddable":true,"href":"https:\/\/armstrongyregion.com.ar\/diario\/wp-json\/wp\/v2\/media\/42204"}],"wp:attachment":[{"href":"https:\/\/armstrongyregion.com.ar\/diario\/wp-json\/wp\/v2\/media?parent=42203"}],"wp:term":[{"taxonomy":"category","embeddable":true,"href":"https:\/\/armstrongyregion.com.ar\/diario\/wp-json\/wp\/v2\/categories?post=42203"},{"taxonomy":"post_tag","embeddable":true,"href":"https:\/\/armstrongyregion.com.ar\/diario\/wp-json\/wp\/v2\/tags?post=42203"}],"curies":[{"name":"wp","href":"https:\/\/api.w.org\/{rel}","templated":true}]}}