{"id":4220,"date":"2015-09-24T14:43:29","date_gmt":"2015-09-24T14:43:29","guid":{"rendered":"https:\/\/armstrongyregion.com.ar\/diario\/?p=4220"},"modified":"2015-09-24T14:43:29","modified_gmt":"2015-09-24T14:43:29","slug":"asociacion-nazareth-una-familia-con-vos","status":"publish","type":"post","link":"https:\/\/armstrongyregion.com.ar\/diario\/asociacion-nazareth-una-familia-con-vos\/","title":{"rendered":"Asociaci\u00f3n Nazareth. Una Familia con Vos."},"content":{"rendered":"<p><a href=\"http:\/\/armstrongyregion.com.ar\/diario\/wp-content\/uploads\/2015\/09\/Nazareth.jpg\"><img loading=\"lazy\" decoding=\"async\" class=\"alignnone size-medium wp-image-4221\" src=\"http:\/\/armstrongyregion.com.ar\/diario\/wp-content\/uploads\/2015\/09\/Nazareth-300x199.jpg\" alt=\"Nazareth\" width=\"300\" height=\"199\" srcset=\"https:\/\/armstrongyregion.com.ar\/diario\/wp-content\/uploads\/2015\/09\/Nazareth-300x199.jpg 300w, https:\/\/armstrongyregion.com.ar\/diario\/wp-content\/uploads\/2015\/09\/Nazareth-1024x680.jpg 1024w\" sizes=\"auto, (max-width: 300px) 100vw, 300px\" \/><\/a>Asociaci\u00f3n Nazareth organiza la 23\u00b0 Graduaci\u00f3n. En total se grad\u00faan 90 asistidos. \u201cHace ya 26 a\u00f1os que trabajamos para ayudar a nuestro pr\u00f3jimo a construir su proyecto de vida, que no hubiera sido posible sin la ayuda de Dios\u201d manifest\u00f3 Mar\u00eda Eva Ferrigno.<\/p>\n<p>FUENTE: PERIODICO EL INFORME DE LA CIUDAD (CA\u00d1ADA DE GOMEZ)<\/p>\n<p>Desde 1989 Asociaci\u00f3n Nazareth realiza un importante trabajo de ayuda a la comunidad y en esta ocasi\u00f3n un nuevo grupo de asistidos egresan de la instituci\u00f3n. El pr\u00f3ximo s\u00e1bado 26 de septiembre se realizar\u00e1 la 23\u00b0 Graduaci\u00f3n en este caso de 90 asistidos, mujeres y varones entre 16 y 60 a\u00f1os. La Directora General y Vicepresidente de la instituci\u00f3n, Licenciada en Psicolog\u00eda Mar\u00eda Eva Ferrigno nos cuenta el trabajo que realizan y los detalles de la graduaci\u00f3n.<br \/>\n\u00bfCu\u00e1nto hace que sos parte de Nazareth?<br \/>\nM.E.F.: Mis padres que son m\u00e9dicos son los fundadores y yo soy cofundadora porque arranqu\u00e9 trabajando al mismo tiempo que se fund\u00f3 en la Casa de Ca\u00f1ada de G\u00f3mez y en la Casa de Rosario. Fueron las dos primeras casas para asistir a los chicos y en ese entonces yo estaba estudiando Psicolog\u00eda Social.<br \/>\n\u00bfCu\u00e1ntas casas tienen en la actualidad?<br \/>\nM.E.F.: Actualmente tenemos 12 casas distribuidas en las provincias de C\u00f3rdoba y Santa Fe: son 8 casas en Santa Fe y el resto en C\u00f3rdoba, en ciudades medianas. No tenemos una Casa en C\u00f3rdoba Capital pero ese es el proyecto para el 2016. Y tenemos un recorrido de trabajo en Entre R\u00edos con capacitaci\u00f3n de personal. Adem\u00e1s en Corrientes armamos una comunidad que no es parte de Nazareth pero s\u00ed es un proyecto donde nosotros hicimos todo el trabajo.<br \/>\n\u00bfCu\u00e1les son las diferencias entre las 12 Casas?<br \/>\nM.E.F.: Las 12 Casas tienen los distintos dispositivos de tratamiento, no son todas casas de residencia ya que s\u00f3lo tenemos 120 camas y atendemos distintos g\u00e9neros y edades en casas que espec\u00edficamente tienen programas para ese tipo de cuestiones. Tenemos el privilegio de tener en Ca\u00f1ada de G\u00f3mez dos casas: una de mujeres y otra de varones. Y los distintos dispositivos son de car\u00e1cter residencial, centro de d\u00eda, centro de noche, casa de medio camino, ambulatorio, o sea depende de la disponibilidad de tratamiento centrado fundamentalmente en lo que la persona trae y necesita.<\/p>\n<p>El pr\u00f3ximo s\u00e1bado 26 de septiembre a las 17 horas se realizar\u00e1 una Misa en Parroquia San Pedro y a las 18.30 hs. ser\u00e1 el Acto de Graduaci\u00f3n en Teatro Verdi que incluye los testimonios, vivencias y mensajes de los graduados ante toda la comunidad. Posteriormente habr\u00e1 una Cena de Festejos en Sport Club Ca\u00f1adense.<\/p>\n<p>\u00bfA cu\u00e1ntas personas asisten?<br \/>\nM.E.F.: Actualmente estamos atendiendo en las 12 casas aproximadamente a 550 personas, a eso ten\u00e9s que multiplicar a un promedio de 2 o 3 porque tambi\u00e9n hacemos toda una asistencia familiar paralela, as\u00ed que estamos atendiendo 2000 personas en distintos dispositivos, no las 24 horas sino seg\u00fan las necesidades. Otro proyecto para el 2016 es ampliar y tener una asistencia de residencial para mam\u00e1s con ni\u00f1os, en caso de tener ni\u00f1os menores de 5 a\u00f1os. Tambi\u00e9n estamos atendiendo todo lo que es diversidad sexual, tambi\u00e9n va a haber un ala para atender a las chicas trans\u2026 eso est\u00e1 en el proyecto.<br \/>\n\u00bfEs para que est\u00e9 en Ca\u00f1ada de G\u00f3mez?<br \/>\nM.E.F.: Si, hay un proyecto, ya sali\u00f3 la ordenanza para que podamos acceder a la compra de un terreno municipal y estamos gestionando la posibilidad de la construcci\u00f3n a trav\u00e9s del Ministerio de Planificaci\u00f3n de la Naci\u00f3n.<br \/>\nEn poco tiempo se estar\u00e1 realizando una nueva graduaci\u00f3n \u00bfQu\u00e9 expectativas tienen?<br \/>\nM.E.F.: Lo que tiene de bueno es que este grupo que llega a la graduaci\u00f3n confirma el proyecto de vida que fue construyendo durante todo su tratamiento. Ha logrado los objetivos de vivir sin drogas, de fortalecer su proyecto de vida, de tener una relaci\u00f3n institucional de pertenencia, de incorporar valores, de capacitarse laboralmente, de insertarse escolarmente en algunos casos tambi\u00e9n, de reconstruir los lazos familiares. Todo lo que uno trata de plantearse como objetivos en la asistencia esta gente nos da la alegr\u00eda y la confirmaci\u00f3n de que ese trabajo est\u00e1 cumplido, que empieza una etapa nueva con el acompa\u00f1amiento en el alta asistida.<br \/>\nY si bien nosotros no somos resultadistas, Gandhi dice que \u201clo importante es evaluar el esfuerzo y no los resultados\u201d. Nosotros estamos teniendo buenas estad\u00edsticas, m\u00e1s all\u00e1 de que no es nuestro fuerte. En el grupo que se grad\u00faa hay un 95% de efectividad del programa y de la asistencia. Eso nos muestra que el programa es bueno y que el equipo humano que lleva adelante el programa (los equipos terap\u00e9uticos con alrededor de 140 personas trabajando en todas las casas) tambi\u00e9n tiene una vocaci\u00f3n de servicio hacia el otro con constancia y perseverancia en el trabajo\u2026 el esfuerzo es de todos.<br \/>\nReci\u00e9n contabas que ellos se grad\u00faan pero despu\u00e9s sigue el acompa\u00f1amiento\u2026<br \/>\nM.E.F.: El alta asistida tiene tres partes: el acompa\u00f1amiento psicoterap\u00e9utico del asistido, el acompa\u00f1amiento familiar en el caso de ser necesario y la conformaci\u00f3n de un grupo de contenci\u00f3n del grupo de alta donde los asistidos vienen y se re\u00fanen para ver c\u00f3mo les est\u00e1 yendo con el proyecto. La Organizaci\u00f3n Mundial de la Salud habla de cuatro a\u00f1os de rehabilitaci\u00f3n, eso nos permite llegar a esos cuatro a\u00f1os de acompa\u00f1amiento terap\u00e9utico y por el otro lado tambi\u00e9n permite que si hay alguna modificaci\u00f3n en el proyecto de vida no se tome como una cosa traum\u00e1tica que los puede llevar de nuevo a una conducta adictiva sino que tengan un lugar donde refugiarse para volver a nutrirse de los valores que aprendieron o poner a punto ese proyecto de vida.<\/p>\n","protected":false},"excerpt":{"rendered":"<p>Asociaci\u00f3n Nazareth organiza la 23\u00b0 Graduaci\u00f3n. En total se grad\u00faan 90 asistidos. \u201cHace ya 26 a\u00f1os que trabajamos para ayudar a nuestro pr\u00f3jimo a construir su proyecto de vida, que no hubiera sido posible sin la ayuda de Dios\u201d manifest\u00f3 Mar\u00eda Eva Ferrigno. FUENTE: PERIODICO EL INFORME DE LA CIUDAD (CA\u00d1ADA DE GOMEZ) Desde 1989 <a href=\"https:\/\/armstrongyregion.com.ar\/diario\/asociacion-nazareth-una-familia-con-vos\/\" title=\"Read more\" >&#8230;<\/a><\/p>\n","protected":false},"author":2,"featured_media":4221,"comment_status":"open","ping_status":"open","sticky":false,"template":"","format":"standard","meta":{"_jetpack_memberships_contains_paid_content":false,"footnotes":"","jetpack_publicize_message":"","jetpack_publicize_feature_enabled":true,"jetpack_social_post_already_shared":false,"jetpack_social_options":{"image_generator_settings":{"template":"highway","default_image_id":0,"enabled":false},"version":2}},"categories":[1,4,3],"tags":[1280,100,1163,2550,103,2806],"class_list":["post-4220","post","type-post","status-publish","format-standard","has-post-thumbnail","hentry","category-diario-armstrong","category-prevencion-salud","category-region","tag-asociacion","tag-con","tag-familia","tag-nazareth","tag-una","tag-vos"],"jetpack_publicize_connections":[],"jetpack_featured_media_url":"https:\/\/armstrongyregion.com.ar\/diario\/wp-content\/uploads\/2015\/09\/Nazareth.jpg","jetpack_shortlink":"https:\/\/wp.me\/p62QDO-164","jetpack_sharing_enabled":true,"amp_enabled":true,"_links":{"self":[{"href":"https:\/\/armstrongyregion.com.ar\/diario\/wp-json\/wp\/v2\/posts\/4220","targetHints":{"allow":["GET"]}}],"collection":[{"href":"https:\/\/armstrongyregion.com.ar\/diario\/wp-json\/wp\/v2\/posts"}],"about":[{"href":"https:\/\/armstrongyregion.com.ar\/diario\/wp-json\/wp\/v2\/types\/post"}],"author":[{"embeddable":true,"href":"https:\/\/armstrongyregion.com.ar\/diario\/wp-json\/wp\/v2\/users\/2"}],"replies":[{"embeddable":true,"href":"https:\/\/armstrongyregion.com.ar\/diario\/wp-json\/wp\/v2\/comments?post=4220"}],"version-history":[{"count":0,"href":"https:\/\/armstrongyregion.com.ar\/diario\/wp-json\/wp\/v2\/posts\/4220\/revisions"}],"wp:featuredmedia":[{"embeddable":true,"href":"https:\/\/armstrongyregion.com.ar\/diario\/wp-json\/wp\/v2\/media\/4221"}],"wp:attachment":[{"href":"https:\/\/armstrongyregion.com.ar\/diario\/wp-json\/wp\/v2\/media?parent=4220"}],"wp:term":[{"taxonomy":"category","embeddable":true,"href":"https:\/\/armstrongyregion.com.ar\/diario\/wp-json\/wp\/v2\/categories?post=4220"},{"taxonomy":"post_tag","embeddable":true,"href":"https:\/\/armstrongyregion.com.ar\/diario\/wp-json\/wp\/v2\/tags?post=4220"}],"curies":[{"name":"wp","href":"https:\/\/api.w.org\/{rel}","templated":true}]}}