{"id":42199,"date":"2024-03-26T19:18:50","date_gmt":"2024-03-26T19:18:50","guid":{"rendered":"https:\/\/armstrongyregion.com.ar\/diario\/?p=42199"},"modified":"2024-03-26T19:18:51","modified_gmt":"2024-03-26T19:18:51","slug":"la-ministra-ciancio-participo-del-primer-consejo-federal-de-salud","status":"publish","type":"post","link":"https:\/\/armstrongyregion.com.ar\/diario\/la-ministra-ciancio-participo-del-primer-consejo-federal-de-salud\/","title":{"rendered":"La ministra Ciancio particip\u00f3 del Primer Consejo Federal de Salud."},"content":{"rendered":"\n<figure class=\"wp-block-image size-full\"><a href=\"http:\/\/armstrongyregion.com.ar\/diario\/wp-content\/uploads\/2024\/03\/ciancio-26-3-24.jpg\"><img loading=\"lazy\" decoding=\"async\" width=\"480\" height=\"270\" src=\"http:\/\/armstrongyregion.com.ar\/diario\/wp-content\/uploads\/2024\/03\/ciancio-26-3-24.jpg\" alt=\"\" class=\"wp-image-42200\" srcset=\"https:\/\/armstrongyregion.com.ar\/diario\/wp-content\/uploads\/2024\/03\/ciancio-26-3-24.jpg 480w, https:\/\/armstrongyregion.com.ar\/diario\/wp-content\/uploads\/2024\/03\/ciancio-26-3-24-300x169.jpg 300w\" sizes=\"auto, (max-width: 480px) 100vw, 480px\" \/><\/a><\/figure>\n\n\n\n<h2 class=\"wp-block-heading\">\u201cEsper\u00e1bamos que se convocara el Cofesa porque es un espacio de di\u00e1logo y consulta federal\u201d, remarc\u00f3 Silvia Ciancio: \u201cLa idea es que este sea un \u00e1mbito de debate, en el que vamos a presentar los ejes que creemos fundamentales en esta etapa de la Argentina y del sistema de salud\u201d.<\/h2>\n\n\n\n<p>Esta semana se desarroll\u00f3 el Primer Consejo Federal de Salud (Cofesa), convocado por el ministro de Salud de la Naci\u00f3n, Mario Russo, en el CCK. Con la participaci\u00f3n de ministros y ministras de salud de las provincias, se constituy\u00f3 este organismo creado con el objeto de coordinar las acciones de salud p\u00fablica en todo el territorio.<\/p>\n\n\n\n<p>Despu\u00e9s del encuentro, la ministra de Salud de la Provincia de Santa Fe, Silvia Ciancio dijo que se trat\u00f3 de una jornada productiva y se\u00f1al\u00f3 que \u201cest\u00e1bamos esperando este espacio, de di\u00e1logo y de consulta federal. M\u00e1s all\u00e1 de algunos temas puntuales que estaban en agenda pudimos explayarnos, plantear cuestiones y llevarnos algunas definiciones\u201d, se\u00f1al\u00f3.<\/p>\n\n\n\n<p>\u201cLa idea es que este sea un \u00e1mbito de debate, en el que vamos a presentar los ejes que creemos fundamentales en esta etapa de la Argentina y del sistema de salud\u201d, hab\u00eda manifestado Russo al dar inicio al Cofesa, y destac\u00f3 la apertura a definir en conjunto \u201cuna agenda prioritaria\u201d. Entre otros temas, las autoridades sanitarias nacionales informaron sobre la campa\u00f1a de vacunaci\u00f3n antigripal, las nuevas estrategias de implementaci\u00f3n del Plan Nacional de Calidad y el estado de situaci\u00f3n del Programa SUMAR.<\/p>\n\n\n\n<p><strong>P\u00fablica y federal<\/strong><\/p>\n\n\n\n<p>Con una preocupaci\u00f3n compartida con sus pares de otras provincias por el brote de dengue, la ministra Ciancio destac\u00f3 que en Santa Fe \u201ctenemos experiencia en el trabajo epidemiol\u00f3gico y de vigilancia, para contar con registros de la situaci\u00f3n en la que nos encontramos\u201d. En ese sentido agreg\u00f3 que los \u00faltimos datos actualizados a nivel provincial dan cuenta de m\u00e1s de 22 mil casos confirmados por laboratorio y 8 personas fallecidas desde el inicio de este a\u00f1o.&nbsp;<\/p>\n\n\n\n<p>La estrategia sanitaria en ese contexto, explic\u00f3, se apoya en la \u201catenci\u00f3n oportuna de pacientes que pueden complicarse si no llegamos a tiempo\u201d; y en el trabajo del gobierno provincial junto a municipios y comunas, \u201cporque el abordaje de esta problem\u00e1tica tiene que ver con el saneamiento ambiental, con el cuidado de cada uno en su casa\u201d. Tambi\u00e9n ubic\u00f3 en este sentido a la producci\u00f3n p\u00fablica de repelentes a trav\u00e9s del Laboratorio Industrial Farmac\u00e9utico, que se distribuye a centros de salud y hospitales, como parte de la estrategia sanitaria y de acuerdo a criterios epidemiol\u00f3gicos. \u201cPor decisi\u00f3n del gobernador Maximiliano Pullaro fortalecemos al LIF para llegar a duplicar la producci\u00f3n\u201d, remarc\u00f3.<\/p>\n\n\n\n<p>Otro de los temas tratados fue la pertinencia de la vacuna contra el dengue como estrategia de inmunizaci\u00f3n en este momento del brote. \u201cSe abri\u00f3 un canal de di\u00e1logo para empezar a definir si el a\u00f1o que viene la vacuna contra el dengue se va a incorporar al Calendario Nacional\u201d, coment\u00f3 la ministra de Salud. Y enfatiz\u00f3 que la decisi\u00f3n debe darse con el respaldo de informaci\u00f3n, que tambi\u00e9n pueden aportar los ministros y ministras que integran el Cofesa y que cuenta con la Comisi\u00f3n Nacional de Inmunizaciones para asesorar en la definici\u00f3n \u201cde una pol\u00edtica federal y no individual por provincia\u201d, concluy\u00f3 Silvia Ciancio.<\/p>\n","protected":false},"excerpt":{"rendered":"<p>La ministra Ciancio particip\u00f3 del Primer Consejo Federal de Salud.<\/p>\n","protected":false},"author":1,"featured_media":42200,"comment_status":"open","ping_status":"open","sticky":false,"template":"","format":"image","meta":{"_jetpack_memberships_contains_paid_content":false,"footnotes":"","jetpack_publicize_message":"","jetpack_publicize_feature_enabled":true,"jetpack_social_post_already_shared":true,"jetpack_social_options":{"image_generator_settings":{"template":"highway","default_image_id":0,"enabled":false},"version":2}},"categories":[8,1,2,7,3],"tags":[19,53,9924,9027,8777,10446,992,10447,1190],"class_list":["post-42199","post","type-post","status-publish","format-image","has-post-thumbnail","hentry","category-deliberando","category-diario-armstrong","category-locales","category-politica","category-region","tag-de","tag-del","tag-diario-armstrong-y-region-2","tag-federal-2","tag-lic-graciela-de-la-casa","tag-ministra-ciancio","tag-participo","tag-primer-concejo","tag-salud","post_format-post-format-image"],"jetpack_publicize_connections":[],"jetpack_featured_media_url":"https:\/\/armstrongyregion.com.ar\/diario\/wp-content\/uploads\/2024\/03\/ciancio-26-3-24.jpg","jetpack_shortlink":"https:\/\/wp.me\/p62QDO-aYD","jetpack_sharing_enabled":true,"amp_enabled":true,"_links":{"self":[{"href":"https:\/\/armstrongyregion.com.ar\/diario\/wp-json\/wp\/v2\/posts\/42199","targetHints":{"allow":["GET"]}}],"collection":[{"href":"https:\/\/armstrongyregion.com.ar\/diario\/wp-json\/wp\/v2\/posts"}],"about":[{"href":"https:\/\/armstrongyregion.com.ar\/diario\/wp-json\/wp\/v2\/types\/post"}],"author":[{"embeddable":true,"href":"https:\/\/armstrongyregion.com.ar\/diario\/wp-json\/wp\/v2\/users\/1"}],"replies":[{"embeddable":true,"href":"https:\/\/armstrongyregion.com.ar\/diario\/wp-json\/wp\/v2\/comments?post=42199"}],"version-history":[{"count":1,"href":"https:\/\/armstrongyregion.com.ar\/diario\/wp-json\/wp\/v2\/posts\/42199\/revisions"}],"predecessor-version":[{"id":42201,"href":"https:\/\/armstrongyregion.com.ar\/diario\/wp-json\/wp\/v2\/posts\/42199\/revisions\/42201"}],"wp:featuredmedia":[{"embeddable":true,"href":"https:\/\/armstrongyregion.com.ar\/diario\/wp-json\/wp\/v2\/media\/42200"}],"wp:attachment":[{"href":"https:\/\/armstrongyregion.com.ar\/diario\/wp-json\/wp\/v2\/media?parent=42199"}],"wp:term":[{"taxonomy":"category","embeddable":true,"href":"https:\/\/armstrongyregion.com.ar\/diario\/wp-json\/wp\/v2\/categories?post=42199"},{"taxonomy":"post_tag","embeddable":true,"href":"https:\/\/armstrongyregion.com.ar\/diario\/wp-json\/wp\/v2\/tags?post=42199"}],"curies":[{"name":"wp","href":"https:\/\/api.w.org\/{rel}","templated":true}]}}