{"id":42193,"date":"2024-03-26T01:40:44","date_gmt":"2024-03-26T01:40:44","guid":{"rendered":"https:\/\/armstrongyregion.com.ar\/diario\/?p=42193"},"modified":"2024-03-26T01:40:46","modified_gmt":"2024-03-26T01:40:46","slug":"armstrong-comunicado-por-horario-de-atencion-26-03-2024","status":"publish","type":"post","link":"https:\/\/armstrongyregion.com.ar\/diario\/armstrong-comunicado-por-horario-de-atencion-26-03-2024\/","title":{"rendered":"Armstrong. Comunicado por horario de atenci\u00f3n 26\/03\/2024"},"content":{"rendered":"\n<figure class=\"wp-block-image size-full\"><a href=\"http:\/\/armstrongyregion.com.ar\/diario\/wp-content\/uploads\/2023\/02\/comunicado-1.jpg\"><img loading=\"lazy\" decoding=\"async\" width=\"343\" height=\"343\" src=\"http:\/\/armstrongyregion.com.ar\/diario\/wp-content\/uploads\/2023\/02\/comunicado-1.jpg\" alt=\"\" class=\"wp-image-37378\" srcset=\"https:\/\/armstrongyregion.com.ar\/diario\/wp-content\/uploads\/2023\/02\/comunicado-1.jpg 343w, https:\/\/armstrongyregion.com.ar\/diario\/wp-content\/uploads\/2023\/02\/comunicado-1-300x300.jpg 300w, https:\/\/armstrongyregion.com.ar\/diario\/wp-content\/uploads\/2023\/02\/comunicado-1-150x150.jpg 150w\" sizes=\"auto, (max-width: 343px) 100vw, 343px\" \/><\/a><\/figure>\n\n\n\n<p>La Municipalidad de Armstrong informa que el d\u00eda martes 26 de marzo de 2024 el horario de<br>atenci\u00f3n al p\u00fablico en la administraci\u00f3n ubicada en San Mart\u00edn y Otto Bantle ser\u00e1 excepcionalmente<br>de 7 a 12 hs., por reuni\u00f3n de personal\/Recursos Humanos.<br>Muchas gracias.<\/p>\n","protected":false},"excerpt":{"rendered":"<p>Armstrong. Comunicado por horario de atenci\u00f3n 26\/03\/2024<\/p>\n","protected":false},"author":1,"featured_media":37378,"comment_status":"open","ping_status":"open","sticky":false,"template":"","format":"image","meta":{"_jetpack_memberships_contains_paid_content":false,"footnotes":"","jetpack_publicize_message":"","jetpack_publicize_feature_enabled":true,"jetpack_social_post_already_shared":true,"jetpack_social_options":{"image_generator_settings":{"template":"highway","default_image_id":0,"enabled":false},"version":2}},"categories":[6,8,1,2,3],"tags":[20,414,1080,19,4608,9855,8777,60],"class_list":["post-42193","post","type-post","status-publish","format-image","has-post-thumbnail","hentry","category-cultura-entretenimiento","category-deliberando","category-diario-armstrong","category-locales","category-region","tag-armstrong","tag-atencion","tag-comunicado","tag-de","tag-diario-armstrong-y-region","tag-horario","tag-lic-graciela-de-la-casa","tag-por","post_format-post-format-image"],"jetpack_publicize_connections":[],"jetpack_featured_media_url":"https:\/\/armstrongyregion.com.ar\/diario\/wp-content\/uploads\/2023\/02\/comunicado-1.jpg","jetpack_shortlink":"https:\/\/wp.me\/p62QDO-aYx","jetpack_sharing_enabled":true,"amp_enabled":true,"_links":{"self":[{"href":"https:\/\/armstrongyregion.com.ar\/diario\/wp-json\/wp\/v2\/posts\/42193","targetHints":{"allow":["GET"]}}],"collection":[{"href":"https:\/\/armstrongyregion.com.ar\/diario\/wp-json\/wp\/v2\/posts"}],"about":[{"href":"https:\/\/armstrongyregion.com.ar\/diario\/wp-json\/wp\/v2\/types\/post"}],"author":[{"embeddable":true,"href":"https:\/\/armstrongyregion.com.ar\/diario\/wp-json\/wp\/v2\/users\/1"}],"replies":[{"embeddable":true,"href":"https:\/\/armstrongyregion.com.ar\/diario\/wp-json\/wp\/v2\/comments?post=42193"}],"version-history":[{"count":1,"href":"https:\/\/armstrongyregion.com.ar\/diario\/wp-json\/wp\/v2\/posts\/42193\/revisions"}],"predecessor-version":[{"id":42194,"href":"https:\/\/armstrongyregion.com.ar\/diario\/wp-json\/wp\/v2\/posts\/42193\/revisions\/42194"}],"wp:featuredmedia":[{"embeddable":true,"href":"https:\/\/armstrongyregion.com.ar\/diario\/wp-json\/wp\/v2\/media\/37378"}],"wp:attachment":[{"href":"https:\/\/armstrongyregion.com.ar\/diario\/wp-json\/wp\/v2\/media?parent=42193"}],"wp:term":[{"taxonomy":"category","embeddable":true,"href":"https:\/\/armstrongyregion.com.ar\/diario\/wp-json\/wp\/v2\/categories?post=42193"},{"taxonomy":"post_tag","embeddable":true,"href":"https:\/\/armstrongyregion.com.ar\/diario\/wp-json\/wp\/v2\/tags?post=42193"}],"curies":[{"name":"wp","href":"https:\/\/api.w.org\/{rel}","templated":true}]}}