{"id":42183,"date":"2024-03-26T01:25:27","date_gmt":"2024-03-26T01:25:27","guid":{"rendered":"https:\/\/armstrongyregion.com.ar\/diario\/?p=42183"},"modified":"2024-03-26T01:25:30","modified_gmt":"2024-03-26T01:25:30","slug":"pullaro-la-educacion-es-el-instrumento-para-salir-adelante-y-construir-un-futuro-mejor","status":"publish","type":"post","link":"https:\/\/armstrongyregion.com.ar\/diario\/pullaro-la-educacion-es-el-instrumento-para-salir-adelante-y-construir-un-futuro-mejor\/","title":{"rendered":"Pullaro: \u201cLa educaci\u00f3n es el instrumento para salir adelante y construir un futuro mejor\u201d"},"content":{"rendered":"\n<figure class=\"wp-block-image size-full\"><a href=\"http:\/\/armstrongyregion.com.ar\/diario\/wp-content\/uploads\/2024\/03\/TECNOLOGIAS-25-3-24-.jpg\"><img loading=\"lazy\" decoding=\"async\" width=\"640\" height=\"427\" src=\"http:\/\/armstrongyregion.com.ar\/diario\/wp-content\/uploads\/2024\/03\/TECNOLOGIAS-25-3-24-.jpg\" alt=\"\" class=\"wp-image-42184\" srcset=\"https:\/\/armstrongyregion.com.ar\/diario\/wp-content\/uploads\/2024\/03\/TECNOLOGIAS-25-3-24-.jpg 640w, https:\/\/armstrongyregion.com.ar\/diario\/wp-content\/uploads\/2024\/03\/TECNOLOGIAS-25-3-24--300x200.jpg 300w\" sizes=\"auto, (max-width: 640px) 100vw, 640px\" \/><\/a><\/figure>\n\n\n\n<h2 class=\"wp-block-heading\">Lo afirm\u00f3 el gobernador este lunes, en General Lagos, en la inauguraci\u00f3n de \u201cTecnoLagos\u201d, Polo Educativo para el Desarrollo y la Innovaci\u00f3n impulsado por la comuna local y la Universidad Nacional de Rosario (UNR), con el apoyo de la Provincia de Santa Fe.<\/h2>\n\n\n\n<p>El gobernador Maximiliano Pullaro dej\u00f3 inaugurado este lunes, en General Lagos, el predio \u201cTecnoLagos\u201d, Polo Educativo para el Desarrollo y la Innovaci\u00f3n impulsado por la comuna local y la Universidad Nacional de Rosario (UNR), con el apoyo del Gobierno de la Provincia. La actividad se llev\u00f3 a cabo en el edificio ubicado en la ruta provincial 21, Km 14,5 de esa localidad.<\/p>\n\n\n\n<p>En la oportunidad, Pullaro destac\u00f3 que \u201choy estamos aqu\u00ed mostrando la articulaci\u00f3n del Estado entre un Gobierno local que trabaja por su comunidad junto con los intendentes, vecinos; la Universidad Nacional de Rosario orgullo de nuestra provincia; el sector privado, para establecer los objetivos para la regi\u00f3n; y, por supuesto, la Provincia, que siempre est\u00e1 a disposici\u00f3n para acompa\u00f1ar los proyectos relevantes que tienen que ver con la producci\u00f3n y la educaci\u00f3n\u201d, explic\u00f3.<\/p>\n\n\n\n<p>\u201cLa educaci\u00f3n es el instrumento para salir adelante, para desarrollarnos, para construir un mejor futuro para nuestra sociedad y la regi\u00f3n. Siempre vamos a trabajar para fortalecer la educaci\u00f3n p\u00fablica y vamos a apostar a tener una educaci\u00f3n de calidad, desde el lugar que el Gobierno de la Provincia de Santa Fe pueda aportar\u201d, a\u00f1adi\u00f3 el gobernador.<\/p>\n\n\n\n<p>M\u00e1s adelante, el titular del Ejecutivo provincial, asegur\u00f3 que \u201cSanta Fe realiza un inmenso aporte al Estado Nacional y, como contrapartida, recibe muy poco. Somos el campo, la industria y el comercio y aportamos m\u00e1s de tres veces a la Naci\u00f3n de lo que se nos devuelve. Si esos recursos volviesen como corresponde a la provincia, nos permitir\u00eda crecer, desarrollarnos, generar energ\u00eda, infraestructura productiva y conectividad para, desde ese lugar, empujar el cambio que tiene que venir a la Rep\u00fablica Argentina. Necesitamos que la agenda pol\u00edtica nacional empiece a mirar al interior productivo y considere todo lo que le podemos darle al pa\u00eds\u201d, subray\u00f3. \u201cTenemos que trabajar para construir un mejor y mayor federalismo; los recursos no se pueden seguir dilapidando. Necesitamos desarrollo y articulaci\u00f3n. Que todos sepan que pueden contar con el Gobierno de la Invencible Provincia de Santa Fe para llevar adelante este tipo de programas y proyectos que nos permitan salir adelante\u201d, concluy\u00f3 Pullaro.<\/p>\n\n\n\n<p>A su turno, el presidente comunal local, Esteban Ferri, agradeci\u00f3 al gobernador \u201cporque el 10 de diciembre, cuando asumi\u00f3, se interioriz\u00f3 de este proyecto y tom\u00f3 la decisi\u00f3n pol\u00edtica para las gestiones que nos faltaban concretar y que el proyecto se finalice. Gracias gobernador por estar y acompa\u00f1arnos\u201d.<\/p>\n\n\n\n<p>Posteriormente, el rector de la UNR, Franco Bartolacci, manifest\u00f3 que \u201cno hay cosa m\u00e1s transformadora y m\u00e1s revolucionaria que hacer realmente escuela p\u00fablica de excelencia para el desarrollo; y eso es lo que hoy estamos celebrando\u201d, y agradeci\u00f3 al gobernador Pullaro \u201cque decidi\u00f3 con mucha firmeza la puesta en marcha de este polo educativo\u201d.<\/p>\n\n\n\n<p>Previamente, la directora de la Escuela T\u00e9cnica Preuniversitaria \u201cSara Bartfeld Rietti\u201d, Emilia Carletti, celebr\u00f3 la llegada de \u201ceste d\u00eda tan esperado que imaginamos de mil formas. Esta vez la realidad super\u00f3 nuestra imaginaci\u00f3n\u201d, dijo, y puso \u00e9nfasis en la importancia \u00abde tener una educaci\u00f3n p\u00fablica de calidad\u00bb.<\/p>\n\n\n\n<p>De la actividad participaron tambi\u00e9n los ministros de Educaci\u00f3n, Jos\u00e9 Goity, y de Desarrollo Productivo, Gustavo Puccini; el senador provincial Ciro Seisas; y el exministro de Ciencia, Tecnolog\u00eda e Innovaci\u00f3n de la Naci\u00f3n, Daniel Filmus, junto con legisladores nacionales y provinciales, intendentes y presidentes comunales de la provincia y autoridades educativas de la regi\u00f3n.<\/p>\n\n\n\n<figure class=\"wp-block-image\"><img decoding=\"async\" src=\"https:\/\/ci3.googleusercontent.com\/meips\/ADKq_Nas1Fct60XaUH0x0xEiTMm02An7fk5cUjnJOxxUJ3wXBlHUwkkXrQy8FJg4zC9YmPXEVmfAEDY-357BzESMpQOJbxr3Vbx7skexgw1GydX-HqgCaVe0wuMiIho7KsQpz_lU1vqrFjbvP_fJUlM=s0-d-e1-ft#https:\/\/www.santafe.gov.ar\/noticias\/recursos\/fotos\/2024\/03\/2024-03-25NID_279964O_2.jpeg\" alt=\"\"\/><\/figure>\n\n\n\n<p><strong>TecnoLagos<\/strong><br>Es un proyecto educativo innovador con impacto regional, considerando las caracter\u00edsticas y necesidades comunes de las localidades asentadas en el corredor de la ruta provincial N\u00ba 21. En este marco, los perfiles acad\u00e9micos y t\u00e9cnicos impulsados por la Escuela Preuniversitaria \u201cSara Barfeld Rietti\u201d del polo educativo est\u00e1n dise\u00f1ados sobre la base de las necesidades de formaci\u00f3n de recursos humanos y de desarrollo de capacidades tecnol\u00f3gicas del sector privado de la regi\u00f3n.<\/p>\n\n\n\n<p>Acompa\u00f1an esta iniciativa los municipios de Pueblo Esther y Arroyo Seco y las comunas de Alvear y Fighiera. Adem\u00e1s se cuenta con el apoyo del Ministerio de Educaci\u00f3n de la Naci\u00f3n, del Instituto Nacional de Educaci\u00f3n Tecnol\u00f3gica (INET) y del Ministerio de Ciencia, Tecnolog\u00eda e Innovaci\u00f3n de la Naci\u00f3n.<\/p>\n\n\n\n<p>As\u00ed, el polo se sustenta tanto en la articulaci\u00f3n entre las escalas de gobierno local, provincial y nacional, como en el trabajo conjunto con los sectores productivo y cient\u00edfico tecnol\u00f3gico, en pos de generar capacidades de desarrollo y fortalecer el Sistema Regional de Innovaci\u00f3n.<\/p>\n","protected":false},"excerpt":{"rendered":"<p>Pullaro: \u201cLa educaci\u00f3n es el instrumento para salir adelante y construir un futuro mejor\u201d<\/p>\n","protected":false},"author":1,"featured_media":42184,"comment_status":"open","ping_status":"open","sticky":false,"template":"","format":"image","meta":{"_jetpack_memberships_contains_paid_content":false,"footnotes":"","jetpack_publicize_message":"","jetpack_publicize_feature_enabled":true,"jetpack_social_post_already_shared":true,"jetpack_social_options":{"image_generator_settings":{"template":"highway","default_image_id":0,"enabled":false},"version":2}},"categories":[6,8,1,2,7,3],"tags":[8923,592,8618,16,139,2254,31,549,81,2846,13],"class_list":["post-42183","post","type-post","status-publish","format-image","has-post-thumbnail","hentry","category-cultura-entretenimiento","category-deliberando","category-diario-armstrong","category-locales","category-politica","category-region","tag-adelante-2","tag-construir","tag-educacion-2","tag-el","tag-es","tag-futuro","tag-la","tag-mejor","tag-para","tag-pullaro","tag-y","post_format-post-format-image"],"jetpack_publicize_connections":[],"jetpack_featured_media_url":"https:\/\/armstrongyregion.com.ar\/diario\/wp-content\/uploads\/2024\/03\/TECNOLOGIAS-25-3-24-.jpg","jetpack_shortlink":"https:\/\/wp.me\/p62QDO-aYn","jetpack_sharing_enabled":true,"amp_enabled":true,"_links":{"self":[{"href":"https:\/\/armstrongyregion.com.ar\/diario\/wp-json\/wp\/v2\/posts\/42183","targetHints":{"allow":["GET"]}}],"collection":[{"href":"https:\/\/armstrongyregion.com.ar\/diario\/wp-json\/wp\/v2\/posts"}],"about":[{"href":"https:\/\/armstrongyregion.com.ar\/diario\/wp-json\/wp\/v2\/types\/post"}],"author":[{"embeddable":true,"href":"https:\/\/armstrongyregion.com.ar\/diario\/wp-json\/wp\/v2\/users\/1"}],"replies":[{"embeddable":true,"href":"https:\/\/armstrongyregion.com.ar\/diario\/wp-json\/wp\/v2\/comments?post=42183"}],"version-history":[{"count":1,"href":"https:\/\/armstrongyregion.com.ar\/diario\/wp-json\/wp\/v2\/posts\/42183\/revisions"}],"predecessor-version":[{"id":42185,"href":"https:\/\/armstrongyregion.com.ar\/diario\/wp-json\/wp\/v2\/posts\/42183\/revisions\/42185"}],"wp:featuredmedia":[{"embeddable":true,"href":"https:\/\/armstrongyregion.com.ar\/diario\/wp-json\/wp\/v2\/media\/42184"}],"wp:attachment":[{"href":"https:\/\/armstrongyregion.com.ar\/diario\/wp-json\/wp\/v2\/media?parent=42183"}],"wp:term":[{"taxonomy":"category","embeddable":true,"href":"https:\/\/armstrongyregion.com.ar\/diario\/wp-json\/wp\/v2\/categories?post=42183"},{"taxonomy":"post_tag","embeddable":true,"href":"https:\/\/armstrongyregion.com.ar\/diario\/wp-json\/wp\/v2\/tags?post=42183"}],"curies":[{"name":"wp","href":"https:\/\/api.w.org\/{rel}","templated":true}]}}