{"id":42168,"date":"2024-03-24T02:06:41","date_gmt":"2024-03-24T02:06:41","guid":{"rendered":"https:\/\/armstrongyregion.com.ar\/diario\/?p=42168"},"modified":"2024-03-24T02:13:34","modified_gmt":"2024-03-24T02:13:34","slug":"las-rosas-meyer-y-verdecchia-gestionan-en-provincia-recursos-para-avanzar-en-pavimentacion","status":"publish","type":"post","link":"https:\/\/armstrongyregion.com.ar\/diario\/las-rosas-meyer-y-verdecchia-gestionan-en-provincia-recursos-para-avanzar-en-pavimentacion\/","title":{"rendered":"Las Rosas. Meyer y Verdecchia gestionan ante la provincia recursos para avanzar en pavimentaci\u00f3n."},"content":{"rendered":"\n<figure class=\"wp-block-image size-full\"><a href=\"http:\/\/armstrongyregion.com.ar\/diario\/wp-content\/uploads\/2022\/08\/Javier-Meyer-9-8-22-.jpg\"><img loading=\"lazy\" decoding=\"async\" width=\"597\" height=\"405\" src=\"http:\/\/armstrongyregion.com.ar\/diario\/wp-content\/uploads\/2022\/08\/Javier-Meyer-9-8-22-.jpg\" alt=\"\" class=\"wp-image-35399\" srcset=\"https:\/\/armstrongyregion.com.ar\/diario\/wp-content\/uploads\/2022\/08\/Javier-Meyer-9-8-22-.jpg 597w, https:\/\/armstrongyregion.com.ar\/diario\/wp-content\/uploads\/2022\/08\/Javier-Meyer-9-8-22--300x204.jpg 300w\" sizes=\"auto, (max-width: 597px) 100vw, 597px\" \/><\/a><\/figure>\n\n\n\n<h2 class=\"wp-block-heading\">El Intendente Javier Meyer junto al Senador Pablo Verdecchia gestionan recursos para hormigonar calle Paso de los Andes y Cerrito.<\/h2>\n\n\n\n<p>Intendente de Las Rosas. Javier Meyer-<\/p>\n\n\n\n<figure class=\"wp-block-audio\"><audio controls src=\"http:\/\/armstrongyregion.com.ar\/diario\/wp-content\/uploads\/2024\/03\/multimedia.audio_.8703f31e85cbf829.U2luIHTDrXR1bG8ubXAz.mp3\"><\/audio><\/figure>\n\n\n\n<p>El Intendente Javier Meyer hizo un balance de obras y gestiones que se llevaron a cabo durante la semana, avanza el plan intensivo de bacheo en distintos puntos de la ciudad, por otra parte se ejecuta la obra de ampliaci\u00f3n de gas natural en calle G\u00fcemes 300.<\/p>\n\n\n\n<p><em>\u00abEstamos gestionando junto al Senador por el Dep. Belgrano Pablo Verdecchia recursos provinciales para avanzar en el hormigonado de Paso de los Andes y Cerrito\u00bb<\/em>, expres\u00f3.<\/p>\n\n\n\n<p>A sala llena se llevo adelante el curso de manipulaci\u00f3n segura de alimentos, con la participaci\u00f3n de emprendedores y comerciantes locales y de la regi\u00f3n.&nbsp;<\/p>\n\n\n\n<p>Finalmente Meyer se refiri\u00f3 a la ultima asamblea elecci\u00f3n de autoridades del SAMCo local, la cual termino en empate y por la que sigue inconcluso el cargo de Secretario del Ente Administrador.\u00a0<\/p>\n\n\n\n<p>Fuente: Renacer Regional.<\/p>\n","protected":false},"excerpt":{"rendered":"<p>Las Rosas. Meyer y Verdecchia gestionan en provincia recursos para avanzar en pavimentaci\u00f3n.<\/p>\n","protected":false},"author":1,"featured_media":35399,"comment_status":"open","ping_status":"open","sticky":false,"template":"","format":"image","meta":{"_jetpack_memberships_contains_paid_content":false,"footnotes":"","jetpack_publicize_message":"","jetpack_publicize_feature_enabled":true,"jetpack_social_post_already_shared":true,"jetpack_social_options":{"image_generator_settings":{"template":"highway","default_image_id":0,"enabled":false},"version":2}},"categories":[8,1,2,7,3],"tags":[179,1985,9924,16,10439,10440,8503,9783,290,8777,81,10120,10438],"class_list":["post-42168","post","type-post","status-publish","format-image","has-post-thumbnail","hentry","category-deliberando","category-diario-armstrong","category-locales","category-politica","category-region","tag-al","tag-calles","tag-diario-armstrong-y-region-2","tag-el","tag-gestionan","tag-hormigonear","tag-intendente-2","tag-javier-meyer","tag-junto","tag-lic-graciela-de-la-casa","tag-para","tag-recursos","tag-senador-verdecchia","post_format-post-format-image"],"jetpack_publicize_connections":[],"jetpack_featured_media_url":"https:\/\/armstrongyregion.com.ar\/diario\/wp-content\/uploads\/2022\/08\/Javier-Meyer-9-8-22-.jpg","jetpack_shortlink":"https:\/\/wp.me\/p62QDO-aY8","jetpack_sharing_enabled":true,"amp_enabled":true,"_links":{"self":[{"href":"https:\/\/armstrongyregion.com.ar\/diario\/wp-json\/wp\/v2\/posts\/42168","targetHints":{"allow":["GET"]}}],"collection":[{"href":"https:\/\/armstrongyregion.com.ar\/diario\/wp-json\/wp\/v2\/posts"}],"about":[{"href":"https:\/\/armstrongyregion.com.ar\/diario\/wp-json\/wp\/v2\/types\/post"}],"author":[{"embeddable":true,"href":"https:\/\/armstrongyregion.com.ar\/diario\/wp-json\/wp\/v2\/users\/1"}],"replies":[{"embeddable":true,"href":"https:\/\/armstrongyregion.com.ar\/diario\/wp-json\/wp\/v2\/comments?post=42168"}],"version-history":[{"count":3,"href":"https:\/\/armstrongyregion.com.ar\/diario\/wp-json\/wp\/v2\/posts\/42168\/revisions"}],"predecessor-version":[{"id":42173,"href":"https:\/\/armstrongyregion.com.ar\/diario\/wp-json\/wp\/v2\/posts\/42168\/revisions\/42173"}],"wp:featuredmedia":[{"embeddable":true,"href":"https:\/\/armstrongyregion.com.ar\/diario\/wp-json\/wp\/v2\/media\/35399"}],"wp:attachment":[{"href":"https:\/\/armstrongyregion.com.ar\/diario\/wp-json\/wp\/v2\/media?parent=42168"}],"wp:term":[{"taxonomy":"category","embeddable":true,"href":"https:\/\/armstrongyregion.com.ar\/diario\/wp-json\/wp\/v2\/categories?post=42168"},{"taxonomy":"post_tag","embeddable":true,"href":"https:\/\/armstrongyregion.com.ar\/diario\/wp-json\/wp\/v2\/tags?post=42168"}],"curies":[{"name":"wp","href":"https:\/\/api.w.org\/{rel}","templated":true}]}}