{"id":42165,"date":"2024-03-24T02:01:55","date_gmt":"2024-03-24T02:01:55","guid":{"rendered":"https:\/\/armstrongyregion.com.ar\/diario\/?p=42165"},"modified":"2024-03-24T02:01:58","modified_gmt":"2024-03-24T02:01:58","slug":"agroactiva-junto-a-santa-fe-global-impulsan-a-las-empresas-santafesinas-al-mercado-internacional","status":"publish","type":"post","link":"https:\/\/armstrongyregion.com.ar\/diario\/agroactiva-junto-a-santa-fe-global-impulsan-a-las-empresas-santafesinas-al-mercado-internacional\/","title":{"rendered":"Agroactiva junto a Santa Fe Global impulsan a las empresas santafesinas al mercado internacional."},"content":{"rendered":"\n<figure class=\"wp-block-image size-full\"><a href=\"http:\/\/armstrongyregion.com.ar\/diario\/wp-content\/uploads\/2024\/03\/Agroactiva-SantaFe-Global.jpg\"><img loading=\"lazy\" decoding=\"async\" width=\"641\" height=\"698\" src=\"http:\/\/armstrongyregion.com.ar\/diario\/wp-content\/uploads\/2024\/03\/Agroactiva-SantaFe-Global.jpg\" alt=\"\" class=\"wp-image-42166\" srcset=\"https:\/\/armstrongyregion.com.ar\/diario\/wp-content\/uploads\/2024\/03\/Agroactiva-SantaFe-Global.jpg 641w, https:\/\/armstrongyregion.com.ar\/diario\/wp-content\/uploads\/2024\/03\/Agroactiva-SantaFe-Global-276x300.jpg 276w\" sizes=\"auto, (max-width: 641px) 100vw, 641px\" \/><\/a><\/figure>\n\n\n\n<h2 class=\"wp-block-heading\">En colaboraci\u00f3n con el Gobierno de Santa Fe y Santa Fe Global, Agroactiva apoya a expositores santafesinos en Expoactiva, que se desarrolla del 19 al 23 de marzo en Uruguay, organizado por la Asociaci\u00f3n Rural de Soriano.<\/h2>\n\n\n\n<p>Durante la jornada de este martes, Rosana Nardi, Directora General de Agroactiva junto a su equipo participaron de la inauguraci\u00f3n de la muestra, que cont\u00f3 con la presencia del presidente de Uruguay, Luis Lacalle Pou. Tambi\u00e9n estuvieron presentes el intendente de Soriano, Guillermo Besozzi, el ministro de Ganader\u00eda Fernando Mattos y el presidende de la Asociaci\u00f3n Rural de Soriano, Arturo Wilson &nbsp;Chans.<\/p>\n\n\n\n<p>Por otro lado, se mantuvo una reuni\u00f3n con Georgina Losada, Secretaria de Comercio Exterior de Santa Fe. Durante el encuentro se dialog\u00f3 sobre diversas acciones que la Secretar\u00eda va a llevar adelante en Agroactiva 2024, siendo una de las m\u00e1s destacadas la Ronda de Negocios Internacionales. &nbsp;<\/p>\n\n\n\n<p>En esa l\u00ednea, Agroactiva junto a Santa Fe Global; Agencia santafesina de Inversiones y Comercio Internacional, estrechan una alianza para fortalecer el sistema productivo de la Provincia. &nbsp;<\/p>\n\n\n\n<p>Esta colaboraci\u00f3n no solo fortalece los lazos entre las industrias agr\u00edcolas de Argentina y Uruguay, sino que tambi\u00e9n ofrece una plataforma para que los productores y empresarios de Santa Fe muestren sus productos, tecnolog\u00edas y servicios a un p\u00fablico internacional.<\/p>\n\n\n\n<p>Georgina Losada &nbsp;&#8211; Secretaria de Comercio Exterior, Santa Fe<\/p>\n\n\n\n<p>Previo a la realizaci\u00f3n de la mayor muestra de agronegocios de Uruguay, desde Agroactiva entrevistamos a Losada.<\/p>\n\n\n\n<p>Del 19 al 23 de marzo se realizar\u00e1 Expoactiva en Uruguay y Santa Fe contar\u00e1 con un pabell\u00f3n propio, \u00bfpuede contarnos c\u00f3mo es el acompa\u00f1amiento de la Provincia para que eso suceda y cu\u00e1l es el objetivo?<\/p>\n\n\n\n<p>La provincia brinda asesoramiento y acompa\u00f1amiento desde que se lanza la convocatoria y se realiza la selecci\u00f3n de las empresas. En este sentido, el criterio de selecci\u00f3n es riguroso. Para que -fundamentalmente- las pymes tengan mayor visibilidad en los mercados externos.<\/p>\n\n\n\n<p>Consideramos que los recursos del Estado deben estar a disposici\u00f3n de todos los Santafesinos, de un modo equilibrado. Por ello, tenemos en cuenta que participen tambi\u00e9n empresas que nunca lo han hecho, y antes de esto Santa Fe Global, capacita y realiza un seguimiento pre y post feria. Ya que el mundo brinda muchas oportunidades pero debemos ser serios, y ofrecer productos competitivos.<\/p>\n\n\n\n<p>En el marco de esta muestra internacional Santa Fe y Agroactiva se unen y generan un escenario propicio donde las empresas pueden comercializar y expandirse, \u00bfqu\u00e9 puede decirnos de esta alianza?<\/p>\n\n\n\n<p>Este tipo de alianzas son muy positivas para ambos. Las alianzas con ferias en el exterior &nbsp;ayudan a llegar a esos eventos, de la mano de los locales, lo que facilita la participaci\u00f3n. Y sabemos que esto representa una vidriera en cada uno de esos mercados.<\/p>\n\n\n\n<p>En este caso, representan &nbsp;nuestros armadores all\u00e1. Hay una estrecha colaboraci\u00f3n de &nbsp;ambos lados. Por ejemplo las rondas de negocios que organizamos en el marco de Agroactiva. Ir\u00eda m\u00e1s all\u00e1 y trabajar\u00eda con FERIAS c\u00f3mo las alianzas que tienen en Brasil, Bolivia o M\u00e9xico por ejemplo.<\/p>\n\n\n\n<p><strong>\u00bfQu\u00e9 expectativas tienen sobre la participaci\u00f3n en la Feria?<\/strong><\/p>\n\n\n\n<p>\u00a1Muy altas! Va a participar el Presidente de Uruguay, Lacalle Pou. Asimismo la C\u00e1mara Nacional de Maquinaria Agr\u00edcola nos pidi\u00f3 el stand de Santa Fe y por supuesto est\u00e1 a disposici\u00f3n para presentar all\u00ed el d\u00eda 20 la marca nacional Agrinova. Esto es muy importante, ya que act\u00faa como un sello de calidad, imprimiendo mayor valor en el mercado global.<\/p>\n\n\n\n<p><\/p>\n","protected":false},"excerpt":{"rendered":"<p>Agroactiva junto a Santa Fe Global impulsan a las empresas santafesinas al mercado internacional.<\/p>\n","protected":false},"author":1,"featured_media":42166,"comment_status":"open","ping_status":"open","sticky":false,"template":"","format":"image","meta":{"_jetpack_memberships_contains_paid_content":false,"footnotes":"","jetpack_publicize_message":"","jetpack_publicize_feature_enabled":true,"jetpack_social_post_already_shared":true,"jetpack_social_options":{"image_generator_settings":{"template":"highway","default_image_id":0,"enabled":false},"version":2}},"categories":[8,1,2,7,3],"tags":[33,8750,179,9924,4608,1390,10437,9660,319,23,8777,9823,3381,1374],"class_list":["post-42165","post","type-post","status-publish","format-image","has-post-thumbnail","hentry","category-deliberando","category-diario-armstrong","category-locales","category-politica","category-region","tag-a","tag-agroactiva-2","tag-al","tag-diario-armstrong-y-region-2","tag-diario-armstrong-y-region","tag-empresas","tag-global","tag-impulsan","tag-internacional","tag-las","tag-lic-graciela-de-la-casa","tag-mercado","tag-santa-fe","tag-santafesinas","post_format-post-format-image"],"jetpack_publicize_connections":[],"jetpack_featured_media_url":"https:\/\/armstrongyregion.com.ar\/diario\/wp-content\/uploads\/2024\/03\/Agroactiva-SantaFe-Global.jpg","jetpack_shortlink":"https:\/\/wp.me\/p62QDO-aY5","jetpack_sharing_enabled":true,"amp_enabled":true,"_links":{"self":[{"href":"https:\/\/armstrongyregion.com.ar\/diario\/wp-json\/wp\/v2\/posts\/42165","targetHints":{"allow":["GET"]}}],"collection":[{"href":"https:\/\/armstrongyregion.com.ar\/diario\/wp-json\/wp\/v2\/posts"}],"about":[{"href":"https:\/\/armstrongyregion.com.ar\/diario\/wp-json\/wp\/v2\/types\/post"}],"author":[{"embeddable":true,"href":"https:\/\/armstrongyregion.com.ar\/diario\/wp-json\/wp\/v2\/users\/1"}],"replies":[{"embeddable":true,"href":"https:\/\/armstrongyregion.com.ar\/diario\/wp-json\/wp\/v2\/comments?post=42165"}],"version-history":[{"count":1,"href":"https:\/\/armstrongyregion.com.ar\/diario\/wp-json\/wp\/v2\/posts\/42165\/revisions"}],"predecessor-version":[{"id":42167,"href":"https:\/\/armstrongyregion.com.ar\/diario\/wp-json\/wp\/v2\/posts\/42165\/revisions\/42167"}],"wp:featuredmedia":[{"embeddable":true,"href":"https:\/\/armstrongyregion.com.ar\/diario\/wp-json\/wp\/v2\/media\/42166"}],"wp:attachment":[{"href":"https:\/\/armstrongyregion.com.ar\/diario\/wp-json\/wp\/v2\/media?parent=42165"}],"wp:term":[{"taxonomy":"category","embeddable":true,"href":"https:\/\/armstrongyregion.com.ar\/diario\/wp-json\/wp\/v2\/categories?post=42165"},{"taxonomy":"post_tag","embeddable":true,"href":"https:\/\/armstrongyregion.com.ar\/diario\/wp-json\/wp\/v2\/tags?post=42165"}],"curies":[{"name":"wp","href":"https:\/\/api.w.org\/{rel}","templated":true}]}}